{"id":60653,"date":"2025-07-29T08:45:53","date_gmt":"2025-07-29T08:45:53","guid":{"rendered":"https:\/\/dekkbi.com\/?p=60653"},"modified":"2025-07-29T08:45:53","modified_gmt":"2025-07-29T08:45:53","slug":"touba-serigne-abdoul-ahad-mbacke-gainde-fatma-rassure-par-les-travaux-dassainissement-de-lonas","status":"publish","type":"post","link":"https:\/\/dekkbi.com\/?p=60653","title":{"rendered":"Touba : Serigne Abdoul Ahad Mback\u00e9 Ga\u00efnd\u00e9 Fatma rassur\u00e9 par les travaux d\u2019assainissement de l\u2019ONAS"},"content":{"rendered":"\n<p>Touba, 28 juil (APS) \u2013 Le pr\u00e9sident de la Commission culture et communication du comit\u00e9 d\u2019organisation du Grand Magal de Touba, Serigne Abdoul Ahad Mback\u00e9 Ga\u00efnd\u00e9 Fatma, s\u2019est f\u00e9licit\u00e9 des r\u00e9sultats des travaux d\u2019assainissement r\u00e9alis\u00e9s par l\u2019Office national de l\u2019assainissement du S\u00e9n\u00e9gal (ONAS), soulignant leur impact \u201cpositif\u201d sur les conditions de vie des populations.<\/p>\n\n\n\n<p>\u200e\u200e\u00ab Nous avons constat\u00e9 que les travaux d\u2019assainissement ex\u00e9cut\u00e9s dans la ville ont un impact positif sur le bien-\u00eatre des populations. Nous sommes convaincus qu\u2019au terme de leur ach\u00e8vement, les inondations seront un mauvais souvenir dans de nombreux quartiers \u00bb, a-t-il d\u00e9clar\u00e9 dans un entretien accord\u00e9 \u00e0 l\u2019APS.<\/p>\n\n\n\n<p>\u200eIl a rappel\u00e9 que la ville de Touba accuse un important retard dans le domaine de l\u2019assainissement, soulignant que des projets avaient \u00e9t\u00e9 initi\u00e9s d\u00e8s les ann\u00e9es 1990 par Serigne Saliou Mback\u00e9, mais que les besoins restent importants.<\/p>\n\n\n\n<p>\u200e\u200eSelon lui, la fin des travaux en cours contribuera significativement \u00e0 l\u2019\u00e9vacuation des eaux pluviales. Toutefois, il a pr\u00e9cis\u00e9 que le probl\u00e8me des inondations ne saurait \u00eatre r\u00e9solu de mani\u00e8re imm\u00e9diate et g\u00e9n\u00e9ralis\u00e9e.<\/p>\n\n\n\n<p>\u200e\u00ab Il faut que les populations comprennent que ce d\u00e9fi ne peut \u00eatre relev\u00e9 en un jour. L\u2019\u00c9tat doit poursuivre les projets en cours pour une solution durable \u00bb, a-t-il ajout\u00e9, appelant \u00e0 un discours de v\u00e9rit\u00e9 en attendant l\u2019am\u00e9nagement des ouvrages dans les quartiers non encore couverts.<\/p>\n\n\n\n<p>\u200e\u200eConcernant l\u2019acc\u00e8s \u00e0 l\u2019eau potable, Serigne Abdoul Ahad Mback\u00e9 a annonc\u00e9 le raccordement de trois nouveaux forages au r\u00e9seau existant avant le Magal, pour renforcer l\u2019approvisionnement en eau.<\/p>\n\n\n\n<p>\u200e\u200e\u00ab Durant le Magal, la population de Touba passe \u00e0 pr\u00e8s de six millions de personnes. La demande en eau devient tr\u00e8s importante et il est difficile, voire impossible, de satisfaire tous les besoins \u00bb, a-t-il reconnu.<\/p>\n\n\n\n<p>\u200e\u200eIl a toutefois signal\u00e9 la mise en place d\u2019un dispositif de distribution comprenant une cinquantaine de camions-citernes, pr\u00e9-positionn\u00e9s dans la ville pour permettre aux populations de constituer des r\u00e9serves.<\/p>\n\n\n\n<p>\u200e\u200eUn calendrier de distribution ainsi que des num\u00e9ros de t\u00e9l\u00e9phone ont \u00e9t\u00e9 communiqu\u00e9s, en coordination avec le sous-pr\u00e9fet de Ndame et la mairie de Touba, pour permettre aux m\u00e9nages de se ravitailler avant l\u2019\u00e9v\u00e9nement.<\/p>\n\n\n\n<p>\u200eLe pr\u00e9sident de la Commission culture et communication a \u00e9galement fait le point sur l\u2019\u00e9tat d\u2019avancement des pr\u00e9paratifs du Magal. Sur 127 engagements pris, 32 ont \u00e9t\u00e9 r\u00e9alis\u00e9s, 69 sont en cours d\u2019ex\u00e9cution et 26 seront finalis\u00e9s dans les jours pr\u00e9c\u00e9dant le Magal, portant le taux global d\u2019ex\u00e9cution \u00e0 80 %.<\/p>\n\n\n\n<p>\u200eMS\/HK<\/p>\n","protected":false},"excerpt":{"rendered":"<p>Touba, 28 juil (APS) \u2013 Le pr\u00e9sident de la Commission culture et communication du comit\u00e9 d\u2019organisation du Grand Magal de<\/p>\n","protected":false},"author":1,"featured_media":60654,"comment_status":"open","ping_status":"open","sticky":false,"template":"","format":"standard","meta":{"footnotes":""},"categories":[21],"tags":[],"class_list":["post-60653","post","type-post","status-publish","format-standard","has-post-thumbnail","hentry","category-societe"],"_links":{"self":[{"href":"https:\/\/dekkbi.com\/index.php?rest_route=\/wp\/v2\/posts\/60653","targetHints":{"allow":["GET"]}}],"collection":[{"href":"https:\/\/dekkbi.com\/index.php?rest_route=\/wp\/v2\/posts"}],"about":[{"href":"https:\/\/dekkbi.com\/index.php?rest_route=\/wp\/v2\/types\/post"}],"author":[{"embeddable":true,"href":"https:\/\/dekkbi.com\/index.php?rest_route=\/wp\/v2\/users\/1"}],"replies":[{"embeddable":true,"href":"https:\/\/dekkbi.com\/index.php?rest_route=%2Fwp%2Fv2%2Fcomments&post=60653"}],"version-history":[{"count":1,"href":"https:\/\/dekkbi.com\/index.php?rest_route=\/wp\/v2\/posts\/60653\/revisions"}],"predecessor-version":[{"id":60655,"href":"https:\/\/dekkbi.com\/index.php?rest_route=\/wp\/v2\/posts\/60653\/revisions\/60655"}],"wp:featuredmedia":[{"embeddable":true,"href":"https:\/\/dekkbi.com\/index.php?rest_route=\/wp\/v2\/media\/60654"}],"wp:attachment":[{"href":"https:\/\/dekkbi.com\/index.php?rest_route=%2Fwp%2Fv2%2Fmedia&parent=60653"}],"wp:term":[{"taxonomy":"category","embeddable":true,"href":"https:\/\/dekkbi.com\/index.php?rest_route=%2Fwp%2Fv2%2Fcategories&post=60653"},{"taxonomy":"post_tag","embeddable":true,"href":"https:\/\/dekkbi.com\/index.php?rest_route=%2Fwp%2Fv2%2Ftags&post=60653"}],"curies":[{"name":"wp","href":"https:\/\/api.w.org\/{rel}","templated":true}]}}