{"id":60633,"date":"2025-07-28T13:29:38","date_gmt":"2025-07-28T13:29:38","guid":{"rendered":"https:\/\/dekkbi.com\/?p=60633"},"modified":"2025-07-28T13:29:39","modified_gmt":"2025-07-28T13:29:39","slug":"reconnaissance-de-letat-de-palestine-a-quoi-va-servir-la-conference-a-lonu-presidee-par-la-france-et-larabie-saoudite","status":"publish","type":"post","link":"https:\/\/dekkbi.com\/?p=60633","title":{"rendered":"Reconnaissance de l&rsquo;Etat de Palestine: \u00e0 quoi va servir la conf\u00e9rence \u00e0 l&rsquo;ONU pr\u00e9sid\u00e9e par la France et l&rsquo;Arabie saoudite"},"content":{"rendered":"\n<p>Ce rendez-vous entend redonner du poids \u00e0 la solution \u00e0 deux Etats, avant un sommet \u00e0 plus haut niveau en septembre. Isra\u00ebl et les Etats-Unis ont rejet\u00e9 l&rsquo;initiative et ne seront pas repr\u00e9sent\u00e9s.<\/p>\n\n\n\n<p><em>\u00ab\u00a0L&rsquo;inaction n&rsquo;est pas une option.\u00a0\u00bb\u00a0<\/em>Le ministre des Affaires \u00e9trang\u00e8res fran\u00e7ais, Jean-No\u00ebl Barrot, a d\u00e9fendu le bien-fond\u00e9 de la conf\u00e9rence sur la question palestinienne qui s&rsquo;ouvre lundi 28\u00a0juillet pour deux jours au si\u00e8ge de l&rsquo;ONU \u00e0 New York. Copr\u00e9sid\u00e9e par la France et l&rsquo;Arabie saoudite, elle compte donner une nouvelle dynamique \u00e0 la solution \u00e0 deux Etats,\u00a0<em>\u00ab\u00a0qui est la seule susceptible de garantir la paix et la s\u00e9curit\u00e9 dans la r\u00e9gion\u00a0\u00bb<\/em>,\u00a0a estim\u00e9 le chef de la diplomatie fran\u00e7aise\u00a0dans un entretien \u00e0\u00a0<em>La Tribune dimanche\u00a0<\/em>\u00e0 la veille de son ouverture. Franceinfo revient sur les principaux enjeux de cet \u00e9v\u00e9nement, et le contexte dans lequel il s&rsquo;inscrit.<\/p>\n\n\n\n<h2 class=\"wp-block-heading\">Une conf\u00e9rence pour d\u00e9fendre la solution \u00e0 deux Etats.<\/h2>\n\n\n\n<p><em>\u00ab\u00a0Cette semaine \u00e0 New York, avec l&rsquo;Arabie saoudite, acteur majeur de la r\u00e9gion, nous pr\u00e9senterons une vision commune pour &lsquo;l&rsquo;apr\u00e8s-guerre&rsquo; en vue d\u2019assurer la reconstruction, la s\u00e9curit\u00e9 et la gouvernance de Gaza et d&rsquo;ouvrir ainsi la voie \u00e0 la solution \u00e0 deux Etats\u00a0\u00bb<\/em>, expose le ministre des Affaires \u00e9trang\u00e8res fran\u00e7ais. Cette option, soutenue historiquement par la France,&nbsp;<em>\u00ab\u00a0n&rsquo;a jamais \u00e9t\u00e9 aussi menac\u00e9e\u00a0\u00bb<\/em>, selon Jean-No\u00ebl Barrot.&nbsp;<em>\u00ab\u00a0La solution \u00e0 deux Etats est sous perfusion, mais il faut la ressusciter\u00a0\u00bb<\/em>, avait lanc\u00e9 Sigrid Kaag, la coordonnatrice sp\u00e9ciale de l&rsquo;ONU pour le processus de paix au Moyen-Orient, en mai devant le Conseil de s\u00e9curit\u00e9.<\/p>\n\n\n\n<p>L&rsquo;Assembl\u00e9e g\u00e9n\u00e9rale de l&rsquo;ONU avait vot\u00e9, en 1947, une r\u00e9solution partageant la Palestine, alors sous mandat britannique, en deux Etats ind\u00e9pendants, l&rsquo;un arabe, l&rsquo;autre juif, et cr\u00e9ant une zone internationale autour de J\u00e9rusalem. Mais seule la cr\u00e9ation d&rsquo;Isra\u00ebl avait \u00e9t\u00e9 proclam\u00e9e, le 14&nbsp;mai 1948. Cet \u00e9v\u00e9nement avait provoqu\u00e9 une guerre entre le nouvel Etat et plusieurs pays arabes. Les Palestiniens ne cessent depuis de r\u00e9clamer la cr\u00e9ation d&rsquo;un Etat de Palestine.<\/p>\n\n\n\n<p>Les Nations unies, elles, d\u00e9fendent toujours une solution \u00e0 deux Etats. Dans\u00a0la r\u00e9solution 2720 de d\u00e9cembre 2023(Nouvelle fen\u00eatre), adopt\u00e9e deux mois apr\u00e8s les attaques du 7-Octobre en Isra\u00ebl, le Conseil de s\u00e9curit\u00e9 de l&rsquo;ONU\u00a0<em>\u00ab\u00a0r\u00e9affirme son attachement sans faille \u00e0 la vision de la solution des deux Etats, o\u00f9 deux Etats d\u00e9mocratiques, Isra\u00ebl et la Palestine, vivent c\u00f4te \u00e0 c\u00f4te en paix, \u00e0 l&rsquo;int\u00e9rieur de fronti\u00e8res s\u00fbres et reconnues, conform\u00e9ment au droit international et aux r\u00e9solutions pertinentes des organes de l&rsquo;ONU\u00a0\u00bb<\/em>. La r\u00e9solution<em>\u00a0<\/em>souligne \u00e9galement\u00a0<em>\u00ab\u00a0l&rsquo;importance d&rsquo;unifier la bande de Gaza avec la Cisjordanie, sous l&rsquo;Autorit\u00e9 palestinienne\u00a0\u00bb.<\/em><\/p>\n\n\n\n<h2 class=\"wp-block-heading\">Plus de 100&nbsp;pays pr\u00e9sents, mais pas Isra\u00ebl ni les Etats-Unis<\/h2>\n\n\n\n<p>A l&rsquo;origine, la conf\u00e9rence men\u00e9e par la France et l&rsquo;Arabie saoudite\u00a0devait se tenir en juin\u00a0au plus haut niveau, c&rsquo;est-\u00e0-dire avec des chefs d&rsquo;Etat ou de gouvernement. Mais elle a \u00e9t\u00e9 report\u00e9e en raison de la guerre d\u00e9clench\u00e9e par Isra\u00ebl contre l&rsquo;Iran,\u00a0le 13\u00a0juin . Finalement, un premier cycle a lieu au niveau minist\u00e9riel \u00e0 partir de lundi \u00e0 New York, avant un sommet en septembre comptant des invit\u00e9s de plus haut rang.<\/p>\n\n\n\n<p>Pour cette premi\u00e8re partie, les repr\u00e9sentants de plus de 100&nbsp;pays doivent s&rsquo;exprimer \u00e0 la tribune de l&rsquo;ONU. Le Premier ministre de l&rsquo;Autorit\u00e9 palestinienne, Mohammad Mustafa, et plusieurs dizaines de ministres du monde entier sont attendus. En revanche, l&rsquo;ambassadeur isra\u00e9lien \u00e0 l&rsquo;ONU, Danny Danon, ne participera pas. Cette conf\u00e9rence&nbsp;<em>\u00ab\u00a0ne r\u00e9pond pas \u00e0 l&rsquo;urgence de condamner le Hamas et de permettre le retour de tous les otages\u00a0\u00bb<\/em>, a d\u00e9clar\u00e9 \u00e0 l&rsquo;AFP un porte-parole de la mission isra\u00e9lienne aupr\u00e8s des Nations unies.<\/p>\n\n\n\n<p>Alors que la conf\u00e9rence a lieu sur leur sol, les Etats-Unis ont \u00e9galement fait savoir qu&rsquo;ils ne seront pas de la partie, sans se justifier officiellement. Dans un c\u00e2ble diplomatique am\u00e9ricain interne, consult\u00e9 par l&rsquo;agence de presse britannique\u00a0Reuters, des responsables am\u00e9ricains\u00a0<em>\u00ab\u00a0exhortent les gouvernements \u00e0 ne pas participer \u00e0 la conf\u00e9rence,\u00a0<\/em>[qu&rsquo;ils consid\u00e8rent]<em>\u00a0comme contre-productive aux efforts en cours pour sauver des vies et mettre fin \u00e0 la guerre \u00e0 Gaza et lib\u00e9rer les otages\u00a0\u00bb<\/em>.<\/p>\n\n\n\n<p>La non-participation d&rsquo;Isra\u00ebl et des Etats-Unis constitue une&nbsp;<em>\u00ab\u00a0limite tr\u00e8s forte\u00a0\u00bb<\/em>, explique \u00e0 franceinfo Doroth\u00e9e Schmid, sp\u00e9cialiste des questions m\u00e9diterran\u00e9ennes \u00e0 l&rsquo;Institut fran\u00e7ais des relations internationales (Ifri). Mais<em>&nbsp;\u00ab\u00a0nous ne sommes pas dans une configuration de n\u00e9gociation. Il y a une tentative des Fran\u00e7ais et des Saoudiens de forcer l&rsquo;\u00e9quilibre politique alors qu&rsquo;il n&rsquo;y a m\u00eame pas encore de cessez-le-feu \u00e0 Gaza\u00a0\u00bb<\/em>.<\/p>\n\n\n\n<h2 class=\"wp-block-heading\">Un regain d&rsquo;int\u00e9r\u00eat depuis l&rsquo;annonce d&rsquo;Emmanuel Macron sur l&rsquo;Etat de Palestine<\/h2>\n\n\n\n<p>Embourb\u00e9e depuis des d\u00e9cennies, la solution \u00e0 deux Etats a subi un\u00a0nouveau coup de frein\u00a0apr\u00e8s les attaques meurtri\u00e8res perp\u00e9tr\u00e9es par le Hamas et ses alli\u00e9s le 7\u00a0octobre 2023 en Isra\u00ebl. Apr\u00e8s cet attentat terroriste sans pr\u00e9c\u00e9dent, le gouvernement isra\u00e9lien a rejet\u00e9 encore plus fermement cette voie. Le Parlement isra\u00e9lien a vot\u00e9 massivement en f\u00e9vrier 2024 contre toute<em>\u00a0\u00ab\u00a0reconnaissance unilat\u00e9rale d&rsquo;un Etat palestinien\u00a0\u00bb<\/em>. Mercredi, il a adopt\u00e9 une motion exhortant le gouvernement \u00e0 imposer la souverainet\u00e9 isra\u00e9lienne sur la Cisjordanie en annexant le territoire. Une victoire pour l&rsquo;extr\u00eame droite isra\u00e9lienne, qui porte cette revendication de longue date.<\/p>\n\n\n\n<p>Mais en annon\u00e7ant, jeudi, que la France allait\u00a0officiellement reconna\u00eetre un Etat palestinien, Emmanuel Macron a redonn\u00e9 de la vigueur \u00e0 la solution \u00e0 deux Etats, et de la consistance \u00e0 cette conf\u00e9rence. Alors que cette derni\u00e8re semblait\u00a0<em>\u00ab\u00a0vou\u00e9e \u00e0 l&rsquo;insignifiance\u00a0\u00bb<\/em>,\u00a0<em>\u00ab\u00a0l&rsquo;annonce de Macron change la donne\u00a0\u00bb<\/em>, a estim\u00e9 aupr\u00e8s de l&rsquo;AFP Richard Gowan, analyste \u00e0 l&rsquo;International Crisis Group.\u00a0<em>\u00ab\u00a0D&rsquo;autres participants vont r\u00e9fl\u00e9chir \u00e0 la h\u00e2te pour savoir s&rsquo;ils doivent aussi d\u00e9clarer une intention de reconna\u00eetre la Palestine.\u00a0\u00bb<\/em><\/p>\n\n\n\n<p><em>\u00ab\u00a0On voit cette annonce de la France comme si elle avait fait un cadeau aux Palestiniens, mais en r\u00e9alit\u00e9, elle effectue un rattrapage tr\u00e8s tardif\u00a0\u00bb<\/em>, temp\u00e8re aupr\u00e8s de franceinfo Thomas Vescovi, chercheur ind\u00e9pendant et auteur de plusieurs ouvrages sur les territoires palestiniens occup\u00e9s. Pour lui, une solution \u00e0 deux Etats est inenvisageable tant qu&rsquo;Isra\u00ebl ne sera pas s\u00e9v\u00e8rement sanctionn\u00e9 pour la politique de son gouvernement.<\/p>\n\n\n\n<p>Sans compter, insiste-t-il, que cette piste qui n&rsquo;a plus le vent en poupe.&nbsp;<em>\u00ab\u00a0La solution \u00e0 deux Etats a fait consensus \u00e0 la fin des ann\u00e9es 1980, au d\u00e9but des ann\u00e9es 1990. La situation a chang\u00e9 et la pression s&rsquo;est accrue depuis&nbsp;: entre 2000 et 2021, la colonisation&nbsp;<\/em>[isra\u00e9lienne en Cisjordanie]<em>&nbsp;a progress\u00e9 de 220%\u00a0\u00bb<\/em>, remarque-t-il.&nbsp;<em>\u00ab\u00a0C&rsquo;est peut-\u00eatre le dernier moment o\u00f9 l&rsquo;on peut essayer de sauver la solution \u00e0 deux Etats\u00a0\u00bb<\/em>, observe de son c\u00f4t\u00e9 Doroth\u00e9e Schmid,&nbsp;<em>\u00ab\u00a0parce que l&rsquo;on sait que \u00e7a va \u00eatre de plus en plus difficile de la mettre en \u0153uvre.\u00a0\u00bb<\/em><\/p>\n\n\n\n<h2 class=\"wp-block-heading\">Une initiative \u00e0 l&rsquo;issue incertaine<\/h2>\n\n\n\n<p>Ce rendez-vous n&rsquo;est pas une initiative isol\u00e9e&nbsp;: il se place dans un processus visant \u00e0 r\u00e9gler le conflit isra\u00e9lo-palestinien par une voie politique,&nbsp;<em>\u00ab\u00a0en repla\u00e7ant la question palestinienne au centre\u00a0\u00bb<\/em>, selon Thomas Vescovi.&nbsp;<em>\u00ab\u00a0La France dit vouloir inscrire la reconnaissance de l&rsquo;Etat palestinien dans le cadre d&rsquo;un vrai processus de discussion, avec plusieurs \u00e9tapes\u00a0\u00bb<\/em>, dont une majeure le 21&nbsp;septembre, date \u00e0 laquelle la France fera l&rsquo;annonce solennelle de la reconnaissance de l&rsquo;Etat palestinien \u00e0 l&rsquo;Assembl\u00e9e g\u00e9n\u00e9rale de l&rsquo;ONU.&nbsp;<em>\u00ab\u00a0Cette conf\u00e9rence va surtout acter quelque chose qui se fait d\u00e9j\u00e0 dans les coulisses, en esp\u00e9rant donner du poids diplomatique \u00e0 une feuille de route&nbsp;<\/em>[d\u00e9fendant la solution \u00e0 deux Etats]<em>&nbsp;port\u00e9e par la France avec la principale puissance r\u00e9gionale&nbsp;: l&rsquo;Arabie saoudite\u00a0\u00bb<\/em>, explique Thomas Vescovi.<\/p>\n\n\n\n<p><em>\u00ab\u00a0Il est int\u00e9ressant que cette d\u00e9marche passe par l&rsquo;ONU<\/em>, souligne pour sa part Doroth\u00e9e Schmid.\u00a0<em>C&rsquo;est un endroit o\u00f9 s&rsquo;exprime l&rsquo;ensemble de la communaut\u00e9 internationale, et on a une tr\u00e8s forte majorit\u00e9 en faveur de l&rsquo;Etat palestinien, avec 148\u00a0pays\u00a0qui le reconnaissent d\u00e9j\u00e0.\u00a0\u00bb \u00ab\u00a0La France a form\u00e9 plusieurs groupes pour travailler en amont sur cette conf\u00e9rence afin de mener un important travail diplomatique. Et l&rsquo;un des objectifs vise \u00e0 amener \u00e0 ce sujet des pays qui jusqu&rsquo;\u00e0 pr\u00e9sent n&rsquo;\u00e9taient pas vraiment engag\u00e9s sur la question palestinienne\u00a0\u00bb<\/em>, notamment des pays qui ne sont pas de la r\u00e9gion, comme l&rsquo;Inde ou l&rsquo;Indon\u00e9sie, rel\u00e8ve<strong>\u00a0<\/strong>Doroth\u00e9e Schmid.<\/p>\n\n\n\n<p>Jean-No\u00ebl Barrot affirme, dans son interview \u00e0\u00a0<em>La Tribune dimanche<\/em>,<em>\u00a0<\/em>que de nouveaux pays europ\u00e9ens\u00a0<em>\u00ab\u00a0confirmeront leur intention de reconna\u00eetre l&rsquo;Etat de Palestine\u00a0\u00bb\u00a0<\/em>\u00e0 la conf\u00e9rence, et\u00a0<em>\u00ab\u00a0pour la premi\u00e8re fois (&#8230;) les pays arabes condamneront le Hamas et appelleront \u00e0 son d\u00e9sarmement\u00a0\u00bb<\/em>.\u00a0Annon\u00e7ant cette conf\u00e9rence en avril, Emmanuel Macron esp\u00e9rait m\u00eame qu&rsquo;elle soit aussi l&rsquo;occasion pour des pays ne reconnaissant pas encore Isra\u00ebl de le faire, dans un\u00a0<em>\u00ab\u00a0mouvement de reconnaissance<\/em>\u00a0<em>r\u00e9ciproque\u00a0\u00bb<\/em>.<\/p>\n\n\n\n<p>Cette conf\u00e9rence ne sera vraisemblablement pas le moment d&rsquo;annonces majeures, mais un point d&rsquo;\u00e9tape, permettant d&rsquo;attirer l&rsquo;attention sur le projet franco-saoudien et de pousser certains dirigeants dans leurs retranchements.&nbsp;<em>\u00ab\u00a0Alors que le Royaume-Uni ne reconna\u00eet pas l&rsquo;Etat palestinien, le Premier ministre britannique Keir Starmer se retrouve sous pression pour aller dans le m\u00eame sens que la France\u00a0\u00bb<\/em>, rel\u00e8ve la chercheuse. C&rsquo;est un \u00e9l\u00e9ment capital, car pour l&rsquo;instant, la France est le premier pays du G7 \u00e0 avoir pris une telle position.&nbsp;<em>\u00ab\u00a0Du point de vue politique, du point de vue symbolique, cette conf\u00e9rence donc est importante.\u00a0\u00bb<\/em><\/p>\n\n\n\n<p>SOURCE FRANCEINFO<\/p>\n","protected":false},"excerpt":{"rendered":"<p>Ce rendez-vous entend redonner du poids \u00e0 la solution \u00e0 deux Etats, avant un sommet \u00e0 plus haut niveau en<\/p>\n","protected":false},"author":1,"featured_media":60634,"comment_status":"open","ping_status":"open","sticky":false,"template":"","format":"standard","meta":{"footnotes":""},"categories":[6],"tags":[],"class_list":["post-60633","post","type-post","status-publish","format-standard","has-post-thumbnail","hentry","category-politics"],"_links":{"self":[{"href":"https:\/\/dekkbi.com\/index.php?rest_route=\/wp\/v2\/posts\/60633","targetHints":{"allow":["GET"]}}],"collection":[{"href":"https:\/\/dekkbi.com\/index.php?rest_route=\/wp\/v2\/posts"}],"about":[{"href":"https:\/\/dekkbi.com\/index.php?rest_route=\/wp\/v2\/types\/post"}],"author":[{"embeddable":true,"href":"https:\/\/dekkbi.com\/index.php?rest_route=\/wp\/v2\/users\/1"}],"replies":[{"embeddable":true,"href":"https:\/\/dekkbi.com\/index.php?rest_route=%2Fwp%2Fv2%2Fcomments&post=60633"}],"version-history":[{"count":1,"href":"https:\/\/dekkbi.com\/index.php?rest_route=\/wp\/v2\/posts\/60633\/revisions"}],"predecessor-version":[{"id":60635,"href":"https:\/\/dekkbi.com\/index.php?rest_route=\/wp\/v2\/posts\/60633\/revisions\/60635"}],"wp:featuredmedia":[{"embeddable":true,"href":"https:\/\/dekkbi.com\/index.php?rest_route=\/wp\/v2\/media\/60634"}],"wp:attachment":[{"href":"https:\/\/dekkbi.com\/index.php?rest_route=%2Fwp%2Fv2%2Fmedia&parent=60633"}],"wp:term":[{"taxonomy":"category","embeddable":true,"href":"https:\/\/dekkbi.com\/index.php?rest_route=%2Fwp%2Fv2%2Fcategories&post=60633"},{"taxonomy":"post_tag","embeddable":true,"href":"https:\/\/dekkbi.com\/index.php?rest_route=%2Fwp%2Fv2%2Ftags&post=60633"}],"curies":[{"name":"wp","href":"https:\/\/api.w.org\/{rel}","templated":true}]}}