{"id":60616,"date":"2025-07-28T13:00:01","date_gmt":"2025-07-28T13:00:01","guid":{"rendered":"https:\/\/dekkbi.com\/?p=60616"},"modified":"2025-07-28T13:00:02","modified_gmt":"2025-07-28T13:00:02","slug":"greve-des-greffiers-72-heures-supplementaires-de-debrayage-des-ce-lundi","status":"publish","type":"post","link":"https:\/\/dekkbi.com\/?p=60616","title":{"rendered":"Gr\u00e8ve des greffiers : 72 heures suppl\u00e9mentaires de d\u00e9brayage d\u00e8s ce lundi"},"content":{"rendered":"\n<p>L&rsquo;Entente SYTJUST-UNTJ a d\u00e9cr\u00e9t\u00e9 une nouvelle gr\u00e8ve de 72 heures qui d\u00e9butera ce lundi 28 juillet 2025 et s&rsquo;\u00e9tendra jusqu&rsquo;au 30 juillet. Les syndicats exigent le respect des accords sign\u00e9s avec le gouvernement en 2018, notamment concernant l&rsquo;alignement des greffiers et le reclassement de certains agents.<\/p>\n\n\n\n<p>Non-respect des accords de 2018<br>Ces accords, valid\u00e9s en Conseil des ministres le 25 juillet 2018, pr\u00e9voyaient l&rsquo;alignement des greffiers \u00e0 la hi\u00e9rarchie A2 sans formation pr\u00e9alable et le reclassement des agents exp\u00e9riment\u00e9s dans le corps des assistants de greffes et parquets.<\/p>\n\n\n\n<p>Selon l&rsquo;Entente, ces engagements n&rsquo;ont jamais \u00e9t\u00e9 appliqu\u00e9s en raison d&rsquo;une \u00ab\u00a0substitution frauduleuse des projets de d\u00e9crets\u00a0\u00bb et d&rsquo;un \u00ab\u00a0blocage administratif persistant\u00a0\u00bb de la part du minist\u00e8re de la Fonction publique. Les syndicats soulignent que plusieurs corps de la Fonction publique ont b\u00e9n\u00e9fici\u00e9 de reclassements similaires sans formation compl\u00e9mentaire, l\u00e9gitimant ainsi leurs revendications.<\/p>\n\n\n\n<p>Appel \u00e0 des n\u00e9gociations de haut niveau<br>Face \u00e0 cette situation, l&rsquo;Entente SYTJUST-UNTJ exige l&rsquo;ouverture imm\u00e9diate de n\u00e9gociations de haut niveau. Ces discussions devraient inclure le Premier Ministre, le Ministre de la Fonction publique, le Ministre des Finances et du Budget, et le Ministre de la Justice, afin d&rsquo;apporter une solution \u00ab\u00a0cr\u00e9dible\u00a0\u00bb aux revendications formul\u00e9es dans les pr\u00e9avis d\u00e9pos\u00e9s les 7 et 15 f\u00e9vrier 2025.<\/p>\n\n\n\n<p>Les gr\u00e9vistes concluent en affirmant : \u00ab La justice ne peut fonctionner sans respect, ni v\u00e9rit\u00e9, ni engagement de l&rsquo;\u00c9tat. \u00bb<\/p>\n\n\n\n<p>SOURCE DAKARACTU<\/p>\n","protected":false},"excerpt":{"rendered":"<p>L&rsquo;Entente SYTJUST-UNTJ a d\u00e9cr\u00e9t\u00e9 une nouvelle gr\u00e8ve de 72 heures qui d\u00e9butera ce lundi 28 juillet 2025 et s&rsquo;\u00e9tendra jusqu&rsquo;au<\/p>\n","protected":false},"author":1,"featured_media":59445,"comment_status":"open","ping_status":"open","sticky":false,"template":"","format":"standard","meta":{"footnotes":""},"categories":[26],"tags":[],"class_list":["post-60616","post","type-post","status-publish","format-standard","has-post-thumbnail","hentry","category-fait-divers"],"_links":{"self":[{"href":"https:\/\/dekkbi.com\/index.php?rest_route=\/wp\/v2\/posts\/60616","targetHints":{"allow":["GET"]}}],"collection":[{"href":"https:\/\/dekkbi.com\/index.php?rest_route=\/wp\/v2\/posts"}],"about":[{"href":"https:\/\/dekkbi.com\/index.php?rest_route=\/wp\/v2\/types\/post"}],"author":[{"embeddable":true,"href":"https:\/\/dekkbi.com\/index.php?rest_route=\/wp\/v2\/users\/1"}],"replies":[{"embeddable":true,"href":"https:\/\/dekkbi.com\/index.php?rest_route=%2Fwp%2Fv2%2Fcomments&post=60616"}],"version-history":[{"count":1,"href":"https:\/\/dekkbi.com\/index.php?rest_route=\/wp\/v2\/posts\/60616\/revisions"}],"predecessor-version":[{"id":60617,"href":"https:\/\/dekkbi.com\/index.php?rest_route=\/wp\/v2\/posts\/60616\/revisions\/60617"}],"wp:featuredmedia":[{"embeddable":true,"href":"https:\/\/dekkbi.com\/index.php?rest_route=\/wp\/v2\/media\/59445"}],"wp:attachment":[{"href":"https:\/\/dekkbi.com\/index.php?rest_route=%2Fwp%2Fv2%2Fmedia&parent=60616"}],"wp:term":[{"taxonomy":"category","embeddable":true,"href":"https:\/\/dekkbi.com\/index.php?rest_route=%2Fwp%2Fv2%2Fcategories&post=60616"},{"taxonomy":"post_tag","embeddable":true,"href":"https:\/\/dekkbi.com\/index.php?rest_route=%2Fwp%2Fv2%2Ftags&post=60616"}],"curies":[{"name":"wp","href":"https:\/\/api.w.org\/{rel}","templated":true}]}}