{"id":60612,"date":"2025-07-28T12:56:56","date_gmt":"2025-07-28T12:56:56","guid":{"rendered":"https:\/\/dekkbi.com\/?p=60612"},"modified":"2025-07-28T12:57:54","modified_gmt":"2025-07-28T12:57:54","slug":"rdc-au-moins-43-morts-dans-lattaque-dune-eglise-par-des-rebelles-adf","status":"publish","type":"post","link":"https:\/\/dekkbi.com\/?p=60612","title":{"rendered":"RDC: au moins 43 morts"},"content":{"rendered":"\n<p>Par Jorkim Jotham PITUWA \u00a9 2025 AFP &#8211; L&rsquo;attaque d&rsquo;une \u00e9glise catholique dans le nord-est de la R\u00e9publique d\u00e9mocratique du Congo par les rebelles ADF, un groupe arm\u00e9 affili\u00e9 au groupe Etat islamique, a fait au moins 43 morts, selon un nouveau bilan de l&rsquo;ONU publi\u00e9 dans la nuit de dimanche \u00e0 lundi.<\/p>\n\n\n\n<p>Les ADF (Forces d\u00e9mocratiques alli\u00e9es), groupe arm\u00e9 form\u00e9 \u00e0 l&rsquo;origine d&rsquo;anciens rebelles ougandais, ont tu\u00e9 des milliers de civils et multipli\u00e9 les pillages et les meurtres dans le nord-est de la RDC malgr\u00e9 le d\u00e9ploiement de l&rsquo;arm\u00e9e ougandaise (UPDF) aux c\u00f4t\u00e9s des forces arm\u00e9es congolaises (FARDC) dans la zone.<\/p>\n\n\n\n<p>Ils ont pr\u00eat\u00e9 all\u00e9geance en 2019 aux jihadistes de l&rsquo;Etat islamique, qui les pr\u00e9sente comme sa \u00ab\u00a0province d&rsquo;Afrique centrale\u00a0\u00bb (Iscap) et revendique certaines de leurs attaques.<\/p>\n\n\n\n<p>Apr\u00e8s plusieurs mois d&rsquo;accalmie, les ADF ont attaqu\u00e9 la paroisse Bienheureuse Anuarite de Komanda, dans la province de l&rsquo;Ituri, dans la nuit de samedi \u00e0 dimanche.<\/p>\n\n\n\n<p>\u00ab\u00a0Cette attaque des \u00e9l\u00e9ments du groupe arm\u00e9 Forces d\u00e9mocratiques alli\u00e9es (ADF) a caus\u00e9 la mort d\u2019au moins 43 civils (19 femmes, 15 hommes et neuf enfants)\u00a0\u00bb, \u00e9crit la Mission de l\u2019ONU en RDC (Monusco), citant des \u00ab\u00a0informations officielles\u00a0\u00bb.<\/p>\n\n\n\n<p>\u00ab\u00a0Ces attaques cibl\u00e9es contre des civils sans d\u00e9fense, notamment dans des lieux de culte, sont non seulement r\u00e9voltantes mais aussi contraires \u00e0 toutes les normes en mati\u00e8re de droit de l&rsquo;homme et de droit international humanitaire\u00a0\u00bb, a d\u00e9clar\u00e9 Vivian van de Perre, Repr\u00e9sentante sp\u00e9ciale adjointe du secr\u00e9taire g\u00e9n\u00e9ral de l&rsquo;ONU, charg\u00e9e de la protection et des op\u00e9rations et cheffe par int\u00e9rim de la Monusco, cit\u00e9 dans le communiqu\u00e9.<\/p>\n\n\n\n<p>Les Forces arm\u00e9es congolaises ont de leur c\u00f4t\u00e9 d\u00e9nonc\u00e9 \u00ab\u00a0un massacre de grande ampleur\u00a0\u00bb perp\u00e9tr\u00e9e par des ADF dans une \u00e9glise o\u00f9 \u00ab\u00a0une quarantaine de civils ont \u00e9t\u00e9 surpris et tu\u00e9s \u00e0 la machette et plusieurs autres gri\u00e8vement bless\u00e9s\u00a0\u00bb.<\/p>\n\n\n\n<p>Face \u00e0 la traque permanente exerc\u00e9 contre eux, les ADF \u00ab\u00a0ont choisi de se venger sur des paisibles populations sans d\u00e9fense en vue de rependre la terreur\u00a0\u00bb, ajoute le communiqu\u00e9 des FARDC.<\/p>\n\n\n\n<p>Le gouvernement congolais, via son porte-parole Patrick Muyaya sur X, a condamn\u00e9 une \u00ab\u00a0effroyable attaque sur des populations innocentes\u00a0\u00bb.<\/p>\n\n\n\n<h2 class=\"wp-block-heading\">\u00ab\u00a0Coups de feu\u00a0\u00bb<\/h2>\n\n\n\n<p>Fin 2021, Kampala et Kinshasa ont lanc\u00e9 une op\u00e9ration militaire conjointe contre les ADF, baptis\u00e9e \u00ab\u00a0Shujaa\u00a0\u00bb, sans parvenir jusqu&rsquo;\u00e0 pr\u00e9sent \u00e0 mettre fin \u00e0 leurs exactions.<\/p>\n\n\n\n<p>Cette tuerie intervient n\u00e9anmoins apr\u00e8s des mois d&rsquo;accalmie dans cette r\u00e9gion de l&rsquo;Ituri qui jouxte la fronti\u00e8re ougandaise. La derni\u00e8re attaque d&rsquo;ampleur men\u00e9e par des ADF remonte au mois f\u00e9vrier, et avait fait 23 morts dans le territoire de Mambasa.<\/p>\n\n\n\n<p>Celle de ce week-end a eu lieu dans la localit\u00e9 de Komanda dans le territoire d&rsquo;Irumu, un carrefour qui ouvre vers trois autres provinces (Tshopo, Nord-Kivu et Maniema) dans la partie orientale de la RDC.<\/p>\n\n\n\n<p>Les premiers d\u00e9comptes communiqu\u00e9 \u00e0 l&rsquo;AFP par des responsables locaux et un religieux faisaient \u00e9tant de plus de 30 morts.<\/p>\n\n\n\n<p>Ici, \u00ab\u00a0sous les yeux, nous avons au moins 31 morts parmi les membres du mouvement Croisade eucharistique, avec six bless\u00e9s graves (&#8230;), certains jeunes ont \u00e9t\u00e9 enlev\u00e9s, nous n\u2019avons aucune nouvelle d\u2019eux\u00a0\u00bb, avait d\u00e9clar\u00e9 dans la journ\u00e9e \u00e0 l\u2019AFP l&rsquo;abb\u00e9 Aim\u00e9 Lokana Dhego, cur\u00e9 de la paroisse Bienheureuse Anuarite.<\/p>\n\n\n\n<p>Le pr\u00eatre avait ajout\u00e9 que sept autres corps avaient \u00e9t\u00e9 d\u00e9couverts dans la localit\u00e9 de Komanda, situ\u00e9e \u00e0 environ 60 km au sud-ouest de Bunia, chef-lieu de la province.<\/p>\n\n\n\n<p>Dieudonn\u00e9 Katanabo, chef de quartier Umoja o\u00f9 se situe la paroisse, avait indiqu\u00e9 \u00e0 l&rsquo;AFP avoir entendu \u00ab\u00a0des coups de feu vers la paroisse\u00a0\u00bb vers 21 heures (19H00 GMT), disant avoir vu 35 corps.<\/p>\n\n\n\n<p>Cette attaque a \u00e9t\u00e9 \u00ab\u00a0fermement condamn\u00e9e\u00a0\u00bb par le ministre italien des Affaires \u00e9trang\u00e8res Antonio Tajani.<\/p>\n\n\n\n<p>\u00ab\u00a0Les lieux de culte doivent \u00eatre toujours pr\u00e9serv\u00e9s et la libert\u00e9 religieuse prot\u00e9g\u00e9e\u00a0\u00bb, a-t-il ajout\u00e9.<\/p>\n","protected":false},"excerpt":{"rendered":"<p>Par Jorkim Jotham PITUWA \u00a9 2025 AFP &#8211; L&rsquo;attaque d&rsquo;une \u00e9glise catholique dans le nord-est de la R\u00e9publique d\u00e9mocratique du<\/p>\n","protected":false},"author":1,"featured_media":60613,"comment_status":"open","ping_status":"open","sticky":false,"template":"","format":"standard","meta":{"footnotes":""},"categories":[51],"tags":[],"class_list":["post-60612","post","type-post","status-publish","format-standard","has-post-thumbnail","hentry","category-general"],"_links":{"self":[{"href":"https:\/\/dekkbi.com\/index.php?rest_route=\/wp\/v2\/posts\/60612","targetHints":{"allow":["GET"]}}],"collection":[{"href":"https:\/\/dekkbi.com\/index.php?rest_route=\/wp\/v2\/posts"}],"about":[{"href":"https:\/\/dekkbi.com\/index.php?rest_route=\/wp\/v2\/types\/post"}],"author":[{"embeddable":true,"href":"https:\/\/dekkbi.com\/index.php?rest_route=\/wp\/v2\/users\/1"}],"replies":[{"embeddable":true,"href":"https:\/\/dekkbi.com\/index.php?rest_route=%2Fwp%2Fv2%2Fcomments&post=60612"}],"version-history":[{"count":2,"href":"https:\/\/dekkbi.com\/index.php?rest_route=\/wp\/v2\/posts\/60612\/revisions"}],"predecessor-version":[{"id":60615,"href":"https:\/\/dekkbi.com\/index.php?rest_route=\/wp\/v2\/posts\/60612\/revisions\/60615"}],"wp:featuredmedia":[{"embeddable":true,"href":"https:\/\/dekkbi.com\/index.php?rest_route=\/wp\/v2\/media\/60613"}],"wp:attachment":[{"href":"https:\/\/dekkbi.com\/index.php?rest_route=%2Fwp%2Fv2%2Fmedia&parent=60612"}],"wp:term":[{"taxonomy":"category","embeddable":true,"href":"https:\/\/dekkbi.com\/index.php?rest_route=%2Fwp%2Fv2%2Fcategories&post=60612"},{"taxonomy":"post_tag","embeddable":true,"href":"https:\/\/dekkbi.com\/index.php?rest_route=%2Fwp%2Fv2%2Ftags&post=60612"}],"curies":[{"name":"wp","href":"https:\/\/api.w.org\/{rel}","templated":true}]}}