{"id":60520,"date":"2025-07-25T11:26:34","date_gmt":"2025-07-25T11:26:34","guid":{"rendered":"https:\/\/dekkbi.com\/?p=60520"},"modified":"2025-07-25T11:26:49","modified_gmt":"2025-07-25T11:26:49","slug":"meta-interdira-a-contrecoeur-les-publicites-politiques-dans-lue-des-octobre-une-decision-difficile","status":"publish","type":"post","link":"https:\/\/dekkbi.com\/?p=60520","title":{"rendered":"Meta interdira \u00e0 contrec\u0153ur les publicit\u00e9s politiques dans l\u2019UE d\u00e8s octobre: \u201cUne d\u00e9cision difficile\u201d"},"content":{"rendered":"\n<p>Meta a confirm\u00e9 qu\u2019il cessera d\u2019autoriser les publicit\u00e9s politiques sur ses r\u00e9seaux sociaux dans l\u2019UE \u00e0 partir d\u2019octobre. Une d\u00e9cision que le groupe affirme subir puisqu\u2019elle est li\u00e9e \u00e0 l\u2019application des r\u00e8gles europ\u00e9ennes de transparence.<\/p>\n\n\n\n<p><strong>Kevin Dupont\u00a0<\/strong> -s<strong>ource:<\/strong>\u00a0Belga, AFP<a href=\"https:\/\/www.facebook.com\/sharer\/sharer.php?u=https%3A%2F%2Fwww.7sur7.be%2Ftech%2Fmeta-interdira-a-contrecoeur-les-publicites-politiques-dans-lue-des-octobre-une-decision-difficile%7Eadcdff0d%2F%3Futm_source%3Dfacebook%26utm_medium%3Dsocial%26utm_campaign%3Dsocialsharing_web\"><\/a><\/p>\n\n\n\n<p>Le groupe am\u00e9ricain Meta, qui poss\u00e8de notamment Facebook et Instagram, a annonc\u00e9 vendredi qu\u2019il \u201cn\u2019autoriserait plus les publicit\u00e9s politiques\u201d sur ses plateformes \u00e0 partir du mois d\u2019octobre dans l\u2019Union europ\u00e9enne (UE), mettant en cause les r\u00e8gles \u201cimpraticables\u201d de Bruxelles.<\/p>\n\n\n\n<p>\u00ab\u00a0Il s&rsquo;agit d&rsquo;une d\u00e9cision difficile\u00a0\u00bb, mais Meta \u00ab\u00a0n&rsquo;autorisera plus les publicit\u00e9s politiques, \u00e9lectorales et sur les enjeux sociaux sur ses plateformes dans l&rsquo;Union europ\u00e9enne, en raison des exigences impraticables\u00a0\u00bb d&rsquo;un r\u00e8glement europ\u00e9en d\u00e9di\u00e9 \u00e0 la transparence de la publicit\u00e9 politique, a affirm\u00e9 l&rsquo;entreprise de Mark Zuckerberg dans un communiqu\u00e9.<\/p>\n","protected":false},"excerpt":{"rendered":"<p>Meta a confirm\u00e9 qu\u2019il cessera d\u2019autoriser les publicit\u00e9s politiques sur ses r\u00e9seaux sociaux dans l\u2019UE \u00e0 partir d\u2019octobre. Une d\u00e9cision<\/p>\n","protected":false},"author":1,"featured_media":2823,"comment_status":"open","ping_status":"open","sticky":false,"template":"","format":"standard","meta":{"footnotes":""},"categories":[51],"tags":[],"class_list":["post-60520","post","type-post","status-publish","format-standard","has-post-thumbnail","hentry","category-general"],"_links":{"self":[{"href":"https:\/\/dekkbi.com\/index.php?rest_route=\/wp\/v2\/posts\/60520","targetHints":{"allow":["GET"]}}],"collection":[{"href":"https:\/\/dekkbi.com\/index.php?rest_route=\/wp\/v2\/posts"}],"about":[{"href":"https:\/\/dekkbi.com\/index.php?rest_route=\/wp\/v2\/types\/post"}],"author":[{"embeddable":true,"href":"https:\/\/dekkbi.com\/index.php?rest_route=\/wp\/v2\/users\/1"}],"replies":[{"embeddable":true,"href":"https:\/\/dekkbi.com\/index.php?rest_route=%2Fwp%2Fv2%2Fcomments&post=60520"}],"version-history":[{"count":2,"href":"https:\/\/dekkbi.com\/index.php?rest_route=\/wp\/v2\/posts\/60520\/revisions"}],"predecessor-version":[{"id":60522,"href":"https:\/\/dekkbi.com\/index.php?rest_route=\/wp\/v2\/posts\/60520\/revisions\/60522"}],"wp:featuredmedia":[{"embeddable":true,"href":"https:\/\/dekkbi.com\/index.php?rest_route=\/wp\/v2\/media\/2823"}],"wp:attachment":[{"href":"https:\/\/dekkbi.com\/index.php?rest_route=%2Fwp%2Fv2%2Fmedia&parent=60520"}],"wp:term":[{"taxonomy":"category","embeddable":true,"href":"https:\/\/dekkbi.com\/index.php?rest_route=%2Fwp%2Fv2%2Fcategories&post=60520"},{"taxonomy":"post_tag","embeddable":true,"href":"https:\/\/dekkbi.com\/index.php?rest_route=%2Fwp%2Fv2%2Ftags&post=60520"}],"curies":[{"name":"wp","href":"https:\/\/api.w.org\/{rel}","templated":true}]}}