{"id":60512,"date":"2025-07-25T11:11:05","date_gmt":"2025-07-25T11:11:05","guid":{"rendered":"https:\/\/dekkbi.com\/?p=60512"},"modified":"2025-07-25T11:33:26","modified_gmt":"2025-07-25T11:33:26","slug":"la-france-va-reconnaitre-letat-de-palestine-en-septembre-a-lonu-macron","status":"publish","type":"post","link":"https:\/\/dekkbi.com\/?p=60512","title":{"rendered":"\u00abHistorique\u00bb, \u00abinutile\u00bb: le monde r\u00e9agit \u00e0 la future reconnaissance fran\u00e7aise de l\u2019\u00c9tat de Palestine"},"content":{"rendered":"\n<p>La France va reconna\u00eetre l&rsquo;\u00c9tat de Palestine en septembre \u00e0 l&rsquo;ONU, a annonc\u00e9&nbsp;Emmanuel Macron,&nbsp;jeudi 24 juillet. Si le pr\u00e9sident esp\u00e8re cr\u00e9er une dynamique collective en ce sens, la d\u00e9cision a aussit\u00f4t \u00e9t\u00e9 d\u00e9cri\u00e9e par Isra\u00ebl comme une \u00ab&nbsp;<em>r\u00e9compense de la terreur<\/em>&nbsp;\u00bb et \u00ab&nbsp;<em>fermement<\/em>&nbsp;\u00bb rejet\u00e9e par les \u00c9tats-Unis. D&rsquo;autres capitales l&rsquo;ont salu\u00e9e, alors qu&rsquo;en France, on regrette que cela \u00ab&nbsp;<em>ne changera rien sur le terrain \u00e0 Gaza<\/em>&nbsp;\u00bb.<\/p>\n\n\n\n<p>\u00ab\u00a0<em>Fid\u00e8le \u00e0 son engagement historique pour une paix juste et durable au Proche-Orient, j&rsquo;ai d\u00e9cid\u00e9 que la France reconna\u00eetra l&rsquo;\u00c9tat de Palestine. J&rsquo;en ferai l&rsquo;annonce solennelle \u00e0 l&rsquo;Assembl\u00e9e g\u00e9n\u00e9rale des Nations unies, au mois de septembre prochain<\/em>\u00a0\u00bb\u00a0: c&rsquo;est par ces mots que le pr\u00e9sident fran\u00e7ais Emmanuel Macron\u00a0a annonc\u00e9, jeudi 24 juillet, que\u00a0<strong>la France deviendra le 142e pays \u00e0 reconna\u00eetre l&rsquo;\u00c9tat palestinien<\/strong>. Le pays deviendra m\u00eame le premier membre du Conseil de s\u00e9curit\u00e9 de l&rsquo;ONU \u00e0 le faire, tout comme le premier pays du G7.<\/p>\n\n\n\n<p>La d\u00e9cision a fait r\u00e9agir de nombreuses capitales dans le monde, au-del\u00e0 des Palestiniens et des Isra\u00e9liens, parmi les premiers \u00e0 r\u00e9agir.<\/p>\n\n\n\n<h2 class=\"wp-block-heading\">Les \u00c9tats-Unis rejettent fermement<\/h2>\n\n\n\n<p>Plus grand alli\u00e9 d&rsquo;Isra\u00ebl, les \u00c9tats-Unis ont \u00ab&nbsp;<em>fermement<\/em>&nbsp;\u00bb rejet\u00e9 le projet du pr\u00e9sident fran\u00e7ais de reconna\u00eetre un \u00c9tat palestinien, parlant d&rsquo;une d\u00e9cision \u00ab&nbsp;<em>imprudente<\/em>&nbsp;\u00bb&nbsp;qui fait reculer la paix.<\/p>\n\n\n\n<p>\u00ab&nbsp;<em>Cette d\u00e9cision imprudente ne sert que la propagande du Hamas et fait reculer le processus de paix. C&rsquo;est un camouflet pour les victimes du 7-Octobre<\/em>&nbsp;\u00bb, a d\u00e9clar\u00e9 le secr\u00e9taire d&rsquo;\u00c9tat am\u00e9ricain Marco Rubio sur le r\u00e9seau X. Les \u00c9tats-Unis s&rsquo;opposent de longue date, y compris sous la pr\u00e9c\u00e9dente administration de Joe Biden, \u00e0 toute reconnaissance unilat\u00e9rale d&rsquo;un \u00c9tat palestinien, pr\u00e9f\u00e9rant une solution n\u00e9goci\u00e9e.<\/p>\n\n\n\n<p>Pour afficher ce contenu X (Twitter), il est n\u00e9cessaire d&rsquo;autoriser les cookies de mesure d&rsquo;audience et de publicit\u00e9.AccepterG\u00e9rer mes choix<\/p>\n\n\n\n<h2 class=\"wp-block-heading\">L&rsquo;Arabie saoudite et l&rsquo;Espagne saluent l&rsquo;initiative<\/h2>\n\n\n\n<p>L&rsquo;Arabie saoudite a \u00ab&nbsp;<em>salu\u00e9 cette d\u00e9cision historique<\/em>&nbsp;\u00bb. Riyad copr\u00e9sidera, avec la France, une conf\u00e9rence internationale au niveau des chefs d&rsquo;\u00c9tat et de gouvernement visant \u00e0 relancer la solution dite \u00ab&nbsp;<em>\u00e0 deux \u00c9tats<\/em>&nbsp;\u00bb, palestinien et isra\u00e9lien. \u00ab&nbsp;<em>Le Royaume salue cette d\u00e9cision historique qui r\u00e9affirme le consensus de la communaut\u00e9 internationale sur le droit du peuple palestinien \u00e0 l&rsquo;autod\u00e9termination et \u00e0 l&rsquo;\u00e9tablissement d&rsquo;un \u00c9tat ind\u00e9pendant sur les fronti\u00e8res de 1967<\/em>&nbsp;\u00bb, a \u00e9crit le minist\u00e8re saoudien des Affaires \u00e9trang\u00e8res. Riyad a \u00e9galement appel\u00e9 les autres pays \u00e0 prendre \u00ab&nbsp;<em>des mesures positives similaires<\/em>&nbsp;\u00bb.<\/p>\n\n\n\n<p>Le Premier ministre espagnol Pedro Sanchez,\u00a0<strong>qui a, lui, reconnu l&rsquo;\u00c9tat de Palestine en mai 2024<\/strong>, a salu\u00e9 l&rsquo;initiative du pr\u00e9sident Macron. \u00ab\u00a0<em>Ensemble, nous devons prot\u00e9ger ce que Netanyahu essaie de d\u00e9truire. La solution \u00e0 deux \u00c9tats est la seule solution\u00a0<\/em>\u00bb, a \u00e9crit le Premier ministre socialiste, critique virulent de l&rsquo;offensive isra\u00e9lienne \u00e0 Gaza, sur son compte X.<\/p>\n\n\n\n<h2 class=\"wp-block-heading\">\u00ab&nbsp;<em>Cela ne changera rien sur le terrain \u00e0 Gaza<\/em>&nbsp;\u00bb<\/h2>\n\n\n\n<p>En France, historiquement, la gauche demande la reconnaissance de la Palestine, mais elle se garde de tout enthousiasme. \u00ab&nbsp;<em>L\u2019urgence face \u00e0 la famine, face aux massacres en cours, c\u2019est de tout faire pour stopper cela. La reconnaissance&nbsp;<\/em>[de l\u2019\u00c9tat de Palestine]<em>&nbsp;ne suffira pas, mais c\u2019est un pas dans la bonne direction<\/em>&nbsp;\u00bb, selon le socialiste Arthur Delaporte, au micro de&nbsp;<strong>Rapha\u00ebl Delvolve<\/strong>, du service politique de RFI.&nbsp;Le leader de La France insoumise, Jean-Luc M\u00e9lenchon, a salu\u00e9 une \u00ab&nbsp;<em>une victoire morale<\/em>&nbsp;\u00bb, appelant \u00e0 un \u00ab&nbsp;<em>arr\u00eat imm\u00e9diat du g\u00e9nocide<\/em>&nbsp;\u00bb et \u00e0 \u00ab&nbsp;<em>un engagement clair et imm\u00e9diat contre le crime<\/em>&nbsp;\u00bb.<\/p>\n\n\n\n<p>Le vice-pr\u00e9sident des LR, Fran\u00e7ois-Xavier Bellamy, a qualifi\u00e9 vendredi d&rsquo;\u00ab&nbsp;<em>inutile&nbsp;<\/em>\u00bb, voire de \u00ab&nbsp;<em>contre-productive<\/em>&nbsp;\u00bb la d\u00e9cision.&nbsp;\u00ab&nbsp;<em>Cette d\u00e9cision sera soit parfaitement inutile&nbsp;<\/em>[&#8230;]<em>&nbsp;soit m\u00eame, ce qui est le pire, contre-productive<\/em>&nbsp;\u00bb et \u00ab&nbsp;<em>contribuera \u00e0 mettre en danger&nbsp;<\/em>[&#8230;]&nbsp;<em>les civils isra\u00e9liens mais aussi les civils palestiniens qui sont victimes de la barbarie du Hamas<\/em>&nbsp;\u00bb, a-t-il d\u00e9clar\u00e9 au micro de RTL.<\/p>\n\n\n\n<p>\u00c0 l&rsquo;extr\u00eame droite, le Rassemblement national, proche du Likoud isra\u00e9lien, condamne. Comme son pr\u00e9sident Jordan Bardella qui a qualifi\u00e9 la d\u00e9cision de \u00ab&nbsp;<em>pr\u00e9cipit\u00e9e, davantage motiv\u00e9e par des consid\u00e9rations politiques personnelles que par une sinc\u00e8re recherche de justice et de paix<\/em>&nbsp;\u00bb,&nbsp;le d\u00e9put\u00e9 RN Julien Odoul y voit une l\u00e9gitimation du Hamas : \u00ab&nbsp;<em>Soyez le plus violent possible, et vous aurez un \u00c9tat offert sur un plateau. Le signal envoy\u00e9 pour l&rsquo;ensemble du monde qui regarde encore la France est d\u00e9testable.&nbsp;<\/em>\u00bb<\/p>\n\n\n\n<p>Au sein du gouvernement, les macronistes saluent l&rsquo;annonce pr\u00e9sidentielle.<\/p>\n\n\n\n<h2 class=\"wp-block-heading\">En Isra\u00ebl, \u00ab&nbsp;<em>la&nbsp;coalition d&rsquo;extr\u00eame droite se fiche compl\u00e8tement de ce que fait la France&nbsp;<\/em>\u00bb<\/h2>\n\n\n\n<p>La d\u00e9cision, qui a imm\u00e9diatement provoqu\u00e9 la col\u00e8re d&rsquo;Isra\u00ebl qui estime que la France \u00ab<em>&nbsp;r\u00e9compense le terrorisme&nbsp;<\/em>\u00bb, est au contraire \u00ab&nbsp;<em>logique<\/em>&nbsp;\u00bb pour le chercheur Hasni Abidi, directeur du Centre d&rsquo;\u00e9tudes et de recherche sur le monde arabe et m\u00e9diterran\u00e9en (CERMAM) \u00e0 Gen\u00e8ve. M\u00eame s\u2019il estime que Paris a tard\u00e9 \u00e0 la prendre :&nbsp;<\/p>\n\n\n\n<p>\u00abLa France a tard\u00e9\u00bb, selon le chercheur Hasni AbidiHeike Schmidt<\/p>\n\n\n\n<p>En revanche,&nbsp;les autorit\u00e9s palestiniennes saluent l&rsquo;annonce d&rsquo;Emmanuel Macron.&nbsp;Pour autant, l&rsquo;expert du Proche-Orient, Fr\u00e9d\u00e9ric Encel, ne pense pas qu&rsquo;il s&rsquo;agit d&rsquo;une bouff\u00e9e d&rsquo;oxyg\u00e8ne pour les Palestiniens pris dans l&rsquo;\u00e9tau isra\u00e9lien :&nbsp;<\/p>\n\n\n\n<p>SOURCE RFI<\/p>\n","protected":false},"excerpt":{"rendered":"<p>La France va reconna\u00eetre l&rsquo;\u00c9tat de Palestine en septembre \u00e0 l&rsquo;ONU, a annonc\u00e9&nbsp;Emmanuel Macron,&nbsp;jeudi 24 juillet. Si le pr\u00e9sident esp\u00e8re<\/p>\n","protected":false},"author":1,"featured_media":48101,"comment_status":"open","ping_status":"open","sticky":false,"template":"","format":"standard","meta":{"footnotes":""},"categories":[51],"tags":[],"class_list":["post-60512","post","type-post","status-publish","format-standard","has-post-thumbnail","hentry","category-general"],"_links":{"self":[{"href":"https:\/\/dekkbi.com\/index.php?rest_route=\/wp\/v2\/posts\/60512","targetHints":{"allow":["GET"]}}],"collection":[{"href":"https:\/\/dekkbi.com\/index.php?rest_route=\/wp\/v2\/posts"}],"about":[{"href":"https:\/\/dekkbi.com\/index.php?rest_route=\/wp\/v2\/types\/post"}],"author":[{"embeddable":true,"href":"https:\/\/dekkbi.com\/index.php?rest_route=\/wp\/v2\/users\/1"}],"replies":[{"embeddable":true,"href":"https:\/\/dekkbi.com\/index.php?rest_route=%2Fwp%2Fv2%2Fcomments&post=60512"}],"version-history":[{"count":2,"href":"https:\/\/dekkbi.com\/index.php?rest_route=\/wp\/v2\/posts\/60512\/revisions"}],"predecessor-version":[{"id":60526,"href":"https:\/\/dekkbi.com\/index.php?rest_route=\/wp\/v2\/posts\/60512\/revisions\/60526"}],"wp:featuredmedia":[{"embeddable":true,"href":"https:\/\/dekkbi.com\/index.php?rest_route=\/wp\/v2\/media\/48101"}],"wp:attachment":[{"href":"https:\/\/dekkbi.com\/index.php?rest_route=%2Fwp%2Fv2%2Fmedia&parent=60512"}],"wp:term":[{"taxonomy":"category","embeddable":true,"href":"https:\/\/dekkbi.com\/index.php?rest_route=%2Fwp%2Fv2%2Fcategories&post=60512"},{"taxonomy":"post_tag","embeddable":true,"href":"https:\/\/dekkbi.com\/index.php?rest_route=%2Fwp%2Fv2%2Ftags&post=60512"}],"curies":[{"name":"wp","href":"https:\/\/api.w.org\/{rel}","templated":true}]}}