{"id":60504,"date":"2025-07-25T11:05:10","date_gmt":"2025-07-25T11:05:10","guid":{"rendered":"https:\/\/dekkbi.com\/?p=60504"},"modified":"2025-07-25T11:05:11","modified_gmt":"2025-07-25T11:05:11","slug":"voyage-pr-diomaye-chez-faure-et-boakai","status":"publish","type":"post","link":"https:\/\/dekkbi.com\/?p=60504","title":{"rendered":"VOYAGE &#8211; Pr. Diomaye chez Faure et Boakai"},"content":{"rendered":"\n<p>iGFM &#8211; (Dakar) Le Pr\u00e9sident de la R\u00e9publique, Bassirou Diomaye Faye, a encore quitt\u00e9 le territoire national. Il va se rendre dans deux pays africains.<\/p>\n\n\n\n<p>Le Pr\u00e9sident Bassirou Diomaye Faye a quitt\u00e9 Dakar dans la matin\u00e9e du vendredi 25 juillet 2025, en direction de Lom\u00e9. Selon la Pr\u00e9sidence de la R\u00e9publique, il y effectuera une visite de travail de vingt-quatre (24) heures, \u00e0 l\u2019invitation du Pr\u00e9sident du Conseil des Ministres, Faure Eyad\u00e9ma.<br><br>Dans la journ\u00e9e du samedi 26 juillet 2025, le Chef de l\u2019\u00c9tat se rendra \u00e0 Monrovia, R\u00e9publique du Lib\u00e9ria, afin de prendre part aux c\u00e9r\u00e9monies marquant le 178e anniversaire de l\u2019ind\u00e9pendance nationale, \u00e0 l\u2019invitation de Son Excellence Monsieur Joseph Nyumah Boakai, Pr\u00e9sident de la R\u00e9publique.<\/p>\n","protected":false},"excerpt":{"rendered":"<p>iGFM &#8211; (Dakar) Le Pr\u00e9sident de la R\u00e9publique, Bassirou Diomaye Faye, a encore quitt\u00e9 le territoire national. Il va se<\/p>\n","protected":false},"author":1,"featured_media":60505,"comment_status":"open","ping_status":"open","sticky":false,"template":"","format":"standard","meta":{"footnotes":""},"categories":[6],"tags":[],"class_list":["post-60504","post","type-post","status-publish","format-standard","has-post-thumbnail","hentry","category-politics"],"_links":{"self":[{"href":"https:\/\/dekkbi.com\/index.php?rest_route=\/wp\/v2\/posts\/60504","targetHints":{"allow":["GET"]}}],"collection":[{"href":"https:\/\/dekkbi.com\/index.php?rest_route=\/wp\/v2\/posts"}],"about":[{"href":"https:\/\/dekkbi.com\/index.php?rest_route=\/wp\/v2\/types\/post"}],"author":[{"embeddable":true,"href":"https:\/\/dekkbi.com\/index.php?rest_route=\/wp\/v2\/users\/1"}],"replies":[{"embeddable":true,"href":"https:\/\/dekkbi.com\/index.php?rest_route=%2Fwp%2Fv2%2Fcomments&post=60504"}],"version-history":[{"count":1,"href":"https:\/\/dekkbi.com\/index.php?rest_route=\/wp\/v2\/posts\/60504\/revisions"}],"predecessor-version":[{"id":60506,"href":"https:\/\/dekkbi.com\/index.php?rest_route=\/wp\/v2\/posts\/60504\/revisions\/60506"}],"wp:featuredmedia":[{"embeddable":true,"href":"https:\/\/dekkbi.com\/index.php?rest_route=\/wp\/v2\/media\/60505"}],"wp:attachment":[{"href":"https:\/\/dekkbi.com\/index.php?rest_route=%2Fwp%2Fv2%2Fmedia&parent=60504"}],"wp:term":[{"taxonomy":"category","embeddable":true,"href":"https:\/\/dekkbi.com\/index.php?rest_route=%2Fwp%2Fv2%2Fcategories&post=60504"},{"taxonomy":"post_tag","embeddable":true,"href":"https:\/\/dekkbi.com\/index.php?rest_route=%2Fwp%2Fv2%2Ftags&post=60504"}],"curies":[{"name":"wp","href":"https:\/\/api.w.org\/{rel}","templated":true}]}}