{"id":60501,"date":"2025-07-25T10:55:47","date_gmt":"2025-07-25T10:55:47","guid":{"rendered":"https:\/\/dekkbi.com\/?p=60501"},"modified":"2025-07-25T10:55:48","modified_gmt":"2025-07-25T10:55:48","slug":"pastef-lheterogeneite-comme-force-strategique-de-la-revolution-senegalaise","status":"publish","type":"post","link":"https:\/\/dekkbi.com\/?p=60501","title":{"rendered":"PASTEF : l\u2019h\u00e9t\u00e9rog\u00e9n\u00e9it\u00e9 comme force strat\u00e9gique de la r\u00e9volution s\u00e9n\u00e9galaise"},"content":{"rendered":"\n<p>\u00c0 ceux qui s\u2019empressent de d\u00e9noncer, parfois avec condescendance, la suppos\u00e9e \u00ab contradiction \u00bb interne du projet politique port\u00e9 par le PASTEF, il faut r\u00e9pondre avec clart\u00e9 et hauteur : ce que vous percevez comme une cacophonie est en r\u00e9alit\u00e9 la polyphonie d\u2019un front populaire conscient de ses responsabilit\u00e9s historiques. Le PASTEF, loin d\u2019\u00eatre un simple parti traditionnel, est la traduction politique d\u2019un moment r\u00e9volutionnaire in\u00e9dit dans l\u2019histoire s\u00e9n\u00e9galaise contemporaine. Il ne s\u2019est pas consolid\u00e9 dans la paix sociale des salons de la R\u00e9publique, mais dans la tourmente d\u2019un peuple debout, d\u00e9cid\u00e9 \u00e0 rompre avec l\u2019ordre n\u00e9ocolonial et \u00e0 reconqu\u00e9rir sa souverainet\u00e9.<\/p>\n\n\n\n<p>Cette h\u00e9t\u00e9rog\u00e9n\u00e9it\u00e9, loin d\u2019\u00eatre un d\u00e9faut, est un compromis strat\u00e9gique assum\u00e9, fond\u00e9 sur une lecture lucide du contexte national et mondial. C\u2019est un compromis historique, au sens gramscien, entre des forces sociales diverses unies par une m\u00eame urgence : sortir du pi\u00e8ge de la d\u00e9pendance et b\u00e2tir un \u00c9tat nouveau. Chacun y contribue sans renier son identit\u00e9 politique.<\/p>\n\n\n\n<p><strong>Un capitaine dans la temp\u00eate : le r\u00f4le structurant d\u2019Ousmane Sonko<\/strong><\/p>\n\n\n\n<p>Dans cette architecture complexe qu\u2019est un front populaire, il faut un fil conducteur, une boussole, un porteur de vision capable d\u2019agr\u00e9ger les \u00e9nergies sans les dissoudre, de tenir la coh\u00e9rence sans \u00e9touffer la diversit\u00e9. C\u2019est l\u00e0 que se r\u00e9v\u00e8le la stature d\u2019Ousmane Sonko, pr\u00e9sident du PASTEF. Il incarne non seulement une ligne politique claire \u2014 celle de la souverainet\u00e9 nationale, de la justice sociale et de la refondation r\u00e9publicaine \u2014 mais aussi une capacit\u00e9 rare \u00e0 articuler les contradictions, \u00e0 transformer les tensions internes en moteur de cr\u00e9ativit\u00e9 politique.<\/p>\n\n\n\n<p>Le pr\u00e9sident du parti, Ousmane Sonko, n\u2019a jamais pr\u00e9tendu d\u00e9tenir une v\u00e9rit\u00e9 unique. Ni dogmatique, ni arbitre d\u2019un pluralisme ti\u00e8de, il est le catalyseur d\u2019un mouvement populaire qui grandit en parlant aux frustrations comme aux espoirs. Sous sa direction, le PASTEF est devenu un cadre o\u00f9 le d\u00e9bat est libre, les diff\u00e9rences valoris\u00e9es, et la ligne contre la recolonisation clairement affirm\u00e9e, sans exclure ceux qui veulent b\u00e2tir un \u00c9tat au service du peuple. Il incarne une boussole politique, transformant l\u2019indignation en organisation et l\u2019aspiration en strat\u00e9gie.<\/p>\n\n\n\n<p><strong>Distinguer l\u2019essentiel de l\u2019accessoire : la matrice dialectique du PASTEF<\/strong><\/p>\n\n\n\n<p>Ceux qui critiquent cette configuration restent prisonniers d\u2019une vision binaire, o\u00f9 unit\u00e9 rime avec uniformit\u00e9. Or, le PASTEF incarne une tradition plus exigeante : distinguer contradictions principales et secondaires. L\u2019enjeu central n\u2019est pas entre courants id\u00e9ologiques de rupture, mais entre deux projets antagonistes : un S\u00e9n\u00e9gal soumis aux diktats ext\u00e9rieurs et gouvern\u00e9 par une \u00e9lite compradore, et un S\u00e9n\u00e9gal souverain, enracin\u00e9 dans ses luttes, tourn\u00e9 vers la justice sociale et la r\u00e9appropriation des leviers \u00e9conomiques.<\/p>\n\n\n\n<p>C\u2019est en cela que le PASTEF est porteur d\u2019un projet de refondation, et non d\u2019un simple programme de gestion. Le pluralisme interne du mouvement n\u2019est pas un obstacle \u00e0 cette refondation : il en est la condition. Car une r\u00e9volution populaire ne se gagne pas avec des purs, des dogmatiques, des id\u00e9ologues retranch\u00e9s dans leur tour d\u2019ivoire. Elle se gagne avec des hommes et des femmes qui acceptent de mettre en commun leur courage, leurs comp\u00e9tences, leurs histoires, pour r\u00e9pondre aux besoins urgents de justice, de souverainet\u00e9 et de dignit\u00e9.<\/p>\n\n\n\n<p><strong>PASTEF, produit d\u2019une histoire et levier d\u2019un avenir lib\u00e9r\u00e9<\/strong><\/p>\n\n\n\n<p>Il faut rappeler que le PASTEF n\u2019est pas tomb\u00e9 du ciel. Il est le produit d\u2019une longue histoire de luttes : celles des r\u00e9sistances \u00e0 la colonisation, des insurrections paysannes, du mouvement syndical, des mobilisations d\u00e9mocratiques des ann\u00e9es 80 et 90, des frustrations d\u2019une jeunesse d\u00e9politis\u00e9e mais en qu\u00eate de sens. Il est aussi la r\u00e9ponse politique \u00e0 une situation devenue insupportable : celle d\u2019un pays aux ressources pill\u00e9es, aux services publics d\u00e9vast\u00e9s, \u00e0 la d\u00e9mocratie d\u00e9voy\u00e9e. Il est l\u2019instrument par lequel un peuple, dans toute sa diversit\u00e9, a dit non \u00e0 l\u2019humiliation et oui \u00e0 l\u2019espoir.<\/p>\n\n\n\n<p>Critiquer sa composition au nom d\u2019une puret\u00e9 id\u00e9ologique perdue, c\u2019est m\u00e9conna\u00eetre les exigences de l\u2019histoire. C\u2019est ignorer que, dans les moments de bifurcation historique, ce sont les alliances larges, les coalitions courageuses, les fronts populaires, qui permettent les ruptures durables. La r\u00e9volution s\u00e9n\u00e9galaise est par essence inclusive : elle ne se fera pas contre le pluralisme, mais avec lui, dans un cadre organis\u00e9, conscient, orient\u00e9 vers l\u2019objectif fondamental : construire un \u00c9tat du peuple, par le peuple et pour le peuple, au c\u0153ur d\u2019une Afrique affranchie des tutelles.<\/p>\n\n\n\n<p>Le PASTEF, en choisissant le rassemblement plut\u00f4t que la dispersion, le compromis strat\u00e9gique plut\u00f4t que l\u2019enfermement id\u00e9ologique, pose les fondations d\u2019un S\u00e9n\u00e9gal post-n\u00e9ocolonial, juste, souverain et solidaire. Et si c\u2019est cela la contradiction, alors vive la contradiction. Car c\u2019est d\u2019elle que na\u00eetra le changement. Et il faut, pour l\u2019incarner, un homme qui ne confond ni l\u2019\u00e9cho populaire avec la facilit\u00e9, ni la radicalit\u00e9 avec la haine, mais qui sait tenir la barre en pleine temp\u00eate : cet homme, c\u2019est Ousmane Sonko.<\/p>\n\n\n\n<p><strong>Par F\u00e9lix Atchad\u00e9\u00a0<\/strong><\/p>\n\n\n\n<p><strong>Militant politique,\u00a0sp\u00e9cialiste de sant\u00e9 publique et d\u2019\u00e9thique m\u00e9dicale<\/strong><\/p>\n","protected":false},"excerpt":{"rendered":"<p>\u00c0 ceux qui s\u2019empressent de d\u00e9noncer, parfois avec condescendance, la suppos\u00e9e \u00ab contradiction \u00bb interne du projet politique port\u00e9 par<\/p>\n","protected":false},"author":1,"featured_media":60502,"comment_status":"open","ping_status":"open","sticky":false,"template":"","format":"standard","meta":{"footnotes":""},"categories":[6],"tags":[],"class_list":["post-60501","post","type-post","status-publish","format-standard","has-post-thumbnail","hentry","category-politics"],"_links":{"self":[{"href":"https:\/\/dekkbi.com\/index.php?rest_route=\/wp\/v2\/posts\/60501","targetHints":{"allow":["GET"]}}],"collection":[{"href":"https:\/\/dekkbi.com\/index.php?rest_route=\/wp\/v2\/posts"}],"about":[{"href":"https:\/\/dekkbi.com\/index.php?rest_route=\/wp\/v2\/types\/post"}],"author":[{"embeddable":true,"href":"https:\/\/dekkbi.com\/index.php?rest_route=\/wp\/v2\/users\/1"}],"replies":[{"embeddable":true,"href":"https:\/\/dekkbi.com\/index.php?rest_route=%2Fwp%2Fv2%2Fcomments&post=60501"}],"version-history":[{"count":1,"href":"https:\/\/dekkbi.com\/index.php?rest_route=\/wp\/v2\/posts\/60501\/revisions"}],"predecessor-version":[{"id":60503,"href":"https:\/\/dekkbi.com\/index.php?rest_route=\/wp\/v2\/posts\/60501\/revisions\/60503"}],"wp:featuredmedia":[{"embeddable":true,"href":"https:\/\/dekkbi.com\/index.php?rest_route=\/wp\/v2\/media\/60502"}],"wp:attachment":[{"href":"https:\/\/dekkbi.com\/index.php?rest_route=%2Fwp%2Fv2%2Fmedia&parent=60501"}],"wp:term":[{"taxonomy":"category","embeddable":true,"href":"https:\/\/dekkbi.com\/index.php?rest_route=%2Fwp%2Fv2%2Fcategories&post=60501"},{"taxonomy":"post_tag","embeddable":true,"href":"https:\/\/dekkbi.com\/index.php?rest_route=%2Fwp%2Fv2%2Ftags&post=60501"}],"curies":[{"name":"wp","href":"https:\/\/api.w.org\/{rel}","templated":true}]}}