{"id":60492,"date":"2025-07-25T10:27:18","date_gmt":"2025-07-25T10:27:18","guid":{"rendered":"https:\/\/dekkbi.com\/?p=60492"},"modified":"2025-07-25T10:37:51","modified_gmt":"2025-07-25T10:37:51","slug":"restructuration-de-lapr-hamidou-anne-et-pape-malick-ndour-prennent-du-galon","status":"publish","type":"post","link":"https:\/\/dekkbi.com\/?p=60492","title":{"rendered":"APR : Le parti se r\u00e9organise avec de nouvelles nominations"},"content":{"rendered":"\n<p>Lors de sa r\u00e9union ce jeudi, le secr\u00e9tariat ex\u00e9cutif national de l\u2019Alliance pour la R\u00e9publique (APR) a abord\u00e9 la r\u00e9organisation pour faire face aux d\u00e9fis \u00e0 venir, dans l\u2019attente de l\u2019installation du nouveau SEN \u00c9LARGI. Le Pr\u00e9sident du parti, Macky Sall, a proc\u00e9d\u00e9 aux nominations suivantes : Pape Malick Ndour, Coordinateur national de la Convergence des<br>Cadres r\u00e9publicains (CCR).&nbsp;<br><br>Aminata Gu\u00e8ye, responsable politique \u00e0 Saint-Louis et ancienne parlementaire, est nomm\u00e9e Coordinatrice de la Chambre des \u00c9lus r\u00e9publicains. Hamidou Anne, essayiste et analyste politique, est d\u00e9sign\u00e9 Coordinateur national de la Cellule Analyses et Prospective (CAP).&nbsp;<br><br>Des changements sont \u00e9galement intervenus au niveau des Porte-parole adjoints : il s\u2019agit respectivement de&nbsp;Papa Mahawa Diouf, Mame Mari\u00e8me Thiam Babou, Mme Mame Gu\u00e8ye Diop et Saourou S\u00e8ne&#8230;<\/p>\n\n\n\n<p>SOURCE DAKARACTU<\/p>\n","protected":false},"excerpt":{"rendered":"<p>Lors de sa r\u00e9union ce jeudi, le secr\u00e9tariat ex\u00e9cutif national de l\u2019Alliance pour la R\u00e9publique (APR) a abord\u00e9 la r\u00e9organisation<\/p>\n","protected":false},"author":1,"featured_media":8769,"comment_status":"open","ping_status":"open","sticky":false,"template":"","format":"standard","meta":{"footnotes":""},"categories":[6],"tags":[],"class_list":["post-60492","post","type-post","status-publish","format-standard","has-post-thumbnail","hentry","category-politics"],"_links":{"self":[{"href":"https:\/\/dekkbi.com\/index.php?rest_route=\/wp\/v2\/posts\/60492","targetHints":{"allow":["GET"]}}],"collection":[{"href":"https:\/\/dekkbi.com\/index.php?rest_route=\/wp\/v2\/posts"}],"about":[{"href":"https:\/\/dekkbi.com\/index.php?rest_route=\/wp\/v2\/types\/post"}],"author":[{"embeddable":true,"href":"https:\/\/dekkbi.com\/index.php?rest_route=\/wp\/v2\/users\/1"}],"replies":[{"embeddable":true,"href":"https:\/\/dekkbi.com\/index.php?rest_route=%2Fwp%2Fv2%2Fcomments&post=60492"}],"version-history":[{"count":2,"href":"https:\/\/dekkbi.com\/index.php?rest_route=\/wp\/v2\/posts\/60492\/revisions"}],"predecessor-version":[{"id":60494,"href":"https:\/\/dekkbi.com\/index.php?rest_route=\/wp\/v2\/posts\/60492\/revisions\/60494"}],"wp:featuredmedia":[{"embeddable":true,"href":"https:\/\/dekkbi.com\/index.php?rest_route=\/wp\/v2\/media\/8769"}],"wp:attachment":[{"href":"https:\/\/dekkbi.com\/index.php?rest_route=%2Fwp%2Fv2%2Fmedia&parent=60492"}],"wp:term":[{"taxonomy":"category","embeddable":true,"href":"https:\/\/dekkbi.com\/index.php?rest_route=%2Fwp%2Fv2%2Fcategories&post=60492"},{"taxonomy":"post_tag","embeddable":true,"href":"https:\/\/dekkbi.com\/index.php?rest_route=%2Fwp%2Fv2%2Ftags&post=60492"}],"curies":[{"name":"wp","href":"https:\/\/api.w.org\/{rel}","templated":true}]}}