{"id":60487,"date":"2025-07-25T09:51:58","date_gmt":"2025-07-25T09:51:58","guid":{"rendered":"https:\/\/dekkbi.com\/?p=60487"},"modified":"2025-07-25T09:51:59","modified_gmt":"2025-07-25T09:51:59","slug":"sacre-coeur-mamadou-diop-dit-diop-iseg-expulse-de-sa-villa-denonce-une-operation-irreguliere","status":"publish","type":"post","link":"https:\/\/dekkbi.com\/?p=60487","title":{"rendered":"Sacr\u00e9-C\u0153ur : Mamadou Diop, dit \u00ab Diop Iseg \u00bb, expuls\u00e9 de sa villa, d\u00e9nonce une op\u00e9ration \u00ab irr\u00e9guli\u00e8re \u00bb"},"content":{"rendered":"\n<p>Depuis plusieurs ann\u00e9es, le feuilleton judiciaire opposant Mamadou Diop, plus connu sous le nom de \u00ab Diop Iseg \u00bb, \u00e0 son ex-\u00e9pouse, Aissatou Seydi, s\u2019est intensifi\u00e9 autour de la villa de grand standing qu\u2019il occupait \u00e0 Sacr\u00e9-C\u0153ur 1. Hier matin, l\u2019affaire a pris un tournant d\u00e9cisif avec l\u2019expulsion forc\u00e9e de M. Diop, ex\u00e9cut\u00e9e par un huissier accompagn\u00e9 de la force publique. Mais la partie ne semble pas termin\u00e9e.<br><br><strong>Un litige foncier ancien au c\u0153ur d\u2019un divorce<\/strong><br><br>Le conflit remonte au divorce du couple, rapidement suivi d\u2019un contentieux immobilier autour de la villa. En 2020, la justice avait tranch\u00e9 en faveur d\u2019Aissatou Seydi, lui reconnaissant la pleine propri\u00e9t\u00e9 du bien. Plusieurs d\u00e9cisions ult\u00e9rieures ont confirm\u00e9 cette position. Pourtant, Mamadou Diop n\u2019a jamais quitt\u00e9 les lieux, invoquant des recours encore en cours et d\u00e9non\u00e7ant des irr\u00e9gularit\u00e9s dans la proc\u00e9dure d\u2019expulsion.<br><br><strong>Expulsion sous tension et contestation<\/strong><br><br>Hier, peu apr\u00e8s l\u2019aube, l\u2019intervention de Ma\u00eetre Guillaume Sagna, huissier et pr\u00e9sident de l\u2019Ordre des huissiers du S\u00e9n\u00e9gal, appuy\u00e9 par les forces de l\u2019ordre, a permis de mettre fin \u00e0 cette occupation. Une op\u00e9ration qui semble avoir clos, du moins en apparence, cinq ann\u00e9es de bataille judiciaire.<br><br>Mais la cellule de communication de Mamadou Diop ne d\u00e9col\u00e8re pas. Elle d\u00e9nonce une \u00ab violation flagrante du droit \u00e0 la d\u00e9fense \u00bb, soulignant que l\u2019expulsion aurait \u00e9t\u00e9 effectu\u00e9e sans notification pr\u00e9alable ni convocation \u00e0 audience. Plus encore, elle affirme qu\u2019un paiement de 45 000 FCfa avait \u00e9t\u00e9 effectu\u00e9 pour une proc\u00e9dure de r\u00e9f\u00e9r\u00e9 visant \u00e0 suspendre toute expulsion. Une situation qui ouvre la porte \u00e0 un nouveau rebondissement judiciaire.<br><br><strong>Vers une plainte contre l\u2019huissier<\/strong><br><br>Par ailleurs, Mamadou Diop assure qu\u2019un dossier parall\u00e8le est actuellement en instruction au 8e Cabinet, o\u00f9 Aissatou Seydi est poursuivie pour escroquerie, abus de biens sociaux et usage de faux relatifs au titre foncier litigieux. Il entend faire valoir ces \u00e9l\u00e9ments pour justifier ce qu\u2019il qualifie d\u2019\u00ab expulsion abusive \u00bb.<br><br>Dans ce contexte, une plainte contre Ma\u00eetre Sagna est annonc\u00e9e. \u00ab Diop Iseg \u00bb demande l\u2019intervention du Procureur g\u00e9n\u00e9ral afin de garantir \u00ab l\u2019impartialit\u00e9 de la justice \u00bb et remettre en cause une ex\u00e9cution qu\u2019il juge \u00ab pr\u00e9cipit\u00e9e et ill\u00e9gale \u00bb.<\/p>\n","protected":false},"excerpt":{"rendered":"<p>Depuis plusieurs ann\u00e9es, le feuilleton judiciaire opposant Mamadou Diop, plus connu sous le nom de \u00ab Diop Iseg \u00bb, \u00e0<\/p>\n","protected":false},"author":1,"featured_media":60488,"comment_status":"open","ping_status":"open","sticky":false,"template":"","format":"standard","meta":{"footnotes":""},"categories":[21],"tags":[],"class_list":["post-60487","post","type-post","status-publish","format-standard","has-post-thumbnail","hentry","category-societe"],"_links":{"self":[{"href":"https:\/\/dekkbi.com\/index.php?rest_route=\/wp\/v2\/posts\/60487","targetHints":{"allow":["GET"]}}],"collection":[{"href":"https:\/\/dekkbi.com\/index.php?rest_route=\/wp\/v2\/posts"}],"about":[{"href":"https:\/\/dekkbi.com\/index.php?rest_route=\/wp\/v2\/types\/post"}],"author":[{"embeddable":true,"href":"https:\/\/dekkbi.com\/index.php?rest_route=\/wp\/v2\/users\/1"}],"replies":[{"embeddable":true,"href":"https:\/\/dekkbi.com\/index.php?rest_route=%2Fwp%2Fv2%2Fcomments&post=60487"}],"version-history":[{"count":1,"href":"https:\/\/dekkbi.com\/index.php?rest_route=\/wp\/v2\/posts\/60487\/revisions"}],"predecessor-version":[{"id":60489,"href":"https:\/\/dekkbi.com\/index.php?rest_route=\/wp\/v2\/posts\/60487\/revisions\/60489"}],"wp:featuredmedia":[{"embeddable":true,"href":"https:\/\/dekkbi.com\/index.php?rest_route=\/wp\/v2\/media\/60488"}],"wp:attachment":[{"href":"https:\/\/dekkbi.com\/index.php?rest_route=%2Fwp%2Fv2%2Fmedia&parent=60487"}],"wp:term":[{"taxonomy":"category","embeddable":true,"href":"https:\/\/dekkbi.com\/index.php?rest_route=%2Fwp%2Fv2%2Fcategories&post=60487"},{"taxonomy":"post_tag","embeddable":true,"href":"https:\/\/dekkbi.com\/index.php?rest_route=%2Fwp%2Fv2%2Ftags&post=60487"}],"curies":[{"name":"wp","href":"https:\/\/api.w.org\/{rel}","templated":true}]}}