{"id":60459,"date":"2025-07-25T09:05:28","date_gmt":"2025-07-25T09:05:28","guid":{"rendered":"https:\/\/dekkbi.com\/?p=60459"},"modified":"2025-07-25T09:05:28","modified_gmt":"2025-07-25T09:05:28","slug":"brelotte-ba-nouveau-directeur-general-du-groupe-sonatel-un-retour-au-sommet","status":"publish","type":"post","link":"https:\/\/dekkbi.com\/?p=60459","title":{"rendered":"Brelotte B\u00e2, nouveau Directeur g\u00e9n\u00e9ral du Groupe Sonatel : Un retour au sommet"},"content":{"rendered":"\n<p>Dakar, le 24 juillet 2025 &#8211; Le Conseil d\u2019Administration de Sonatel a officialis\u00e9 la nomination de Brelotte B\u00e2 comme nouveau Directeur g\u00e9n\u00e9ral du groupe, \u00e0 compter du 1er ao\u00fbt 2025. Il succ\u00e8de \u00e0 S\u00e9kou Dram\u00e9, en poste depuis 2018, qui arrive en fin de mandat.<\/p>\n\n\n\n<p>Cette nomination marque un tournant symbolique mais coh\u00e9rent : Brelotte B\u00e2 est un enfant de la maison, qui a gravit\u00e9 dans presque tous les cercles strat\u00e9giques du groupe, avant d\u2019atteindre le sommet.<\/p>\n\n\n\n<p>\ud83d\udd0d&nbsp;<strong>Un parcours 100 % Sonatel<\/strong><\/p>\n\n\n\n<p>Dipl\u00f4m\u00e9 de l\u2019\u00c9cole Polytechnique de Paris et de l\u2019\u00c9cole des Ponts et Chauss\u00e9es, ce haut cadre s\u00e9n\u00e9galais affiche un CV long comme le bras dans les t\u00e9l\u00e9coms africains. Entr\u00e9 chez Sonatel en 2003 comme Contr\u00f4leur de gestion, il s\u2019est tr\u00e8s vite impos\u00e9 comme un profil de leader.<\/p>\n\n\n\n<p>Tour \u00e0 tour, il a dirig\u00e9 plusieurs filiales d\u2019Orange en Afrique de l\u2019Ouest :<br>\u2022 Orange Bissau (2008-2011),<br>\u2022 Orange Niger (2012-2017),<br>\u2022 Orange Guin\u00e9e (2017-2018),<br>\u2022 Orange Mali (2018-2022).<\/p>\n\n\n\n<p>Depuis 2022, il occupait le poste de Directeur G\u00e9n\u00e9ral Adjoint d\u2019Orange Moyen Orient Afrique, en appui \u00e0 l\u2019ensemble des op\u00e9rations r\u00e9gionales.<\/p>\n\n\n\n<p>\ud83c\udf0d<strong>&nbsp;Vision et enjeux<\/strong><\/p>\n\n\n\n<p>La nomination de M. B\u00e2 intervient dans un contexte de r\u00e9volution digitale acc\u00e9l\u00e9r\u00e9e sur le continent. Il devra relever de nombreux d\u00e9fis :<br>\u2022 Renforcement de l\u2019inclusion num\u00e9rique,<br>\u2022 Acc\u00e8s au haut d\u00e9bit pour tous,<br>\u2022 Transformation digitale des services publics,<br>\u2022 Consolidation du leadership de Sonatel dans la sous-r\u00e9gion.<\/p>\n\n\n\n<p>Mais avec 24 ans d\u2019exp\u00e9rience m\u00e9tier, une fine connaissance du terrain et des enjeux locaux, il est per\u00e7u comme le bon profil pour porter la nouvelle ambition du groupe.<\/p>\n\n\n\n<p>\ud83d\udc64&nbsp;<strong>Ce qu\u2019il faut savoir sur lui<\/strong><br>\u2022 \ud83c\udfeb Formation : Polytechnique (Paris), Ponts et Chauss\u00e9es<br>\u2022 \ud83d\udccd Nationalit\u00e9 : S\u00e9n\u00e9galaise<br>\u2022 \ud83d\udcc8 Exp\u00e9rience : 24 ans dans les t\u00e9l\u00e9coms, dont 18 dans des fonctions de direction<br>\u2022 \ud83c\udf10 Langues : Fran\u00e7ais, anglais, portugais<br>\u2022 \ud83d\udcac R\u00e9put\u00e9 pour son sens strat\u00e9gique et son style manag\u00e9rial participatif<\/p>\n\n\n\n<p>\ud83d\udce3&nbsp;<strong>Le mot du Conseil<\/strong><\/p>\n\n\n\n<p>Le Conseil d\u2019Administration de Sonatel a salu\u00e9 l\u2019engagement de S\u00e9kou Dram\u00e9 et f\u00e9licit\u00e9 Brelotte B\u00e2. Il lui souhaite \u201cplein succ\u00e8s dans ses nouvelles fonctions\u201d et r\u00e9affirme sa volont\u00e9 de continuer \u00e0 faire de Sonatel, un pilier du d\u00e9veloppement num\u00e9rique en Afrique.<\/p>\n","protected":false},"excerpt":{"rendered":"<p>Dakar, le 24 juillet 2025 &#8211; Le Conseil d\u2019Administration de Sonatel a officialis\u00e9 la nomination de Brelotte B\u00e2 comme nouveau<\/p>\n","protected":false},"author":1,"featured_media":60460,"comment_status":"open","ping_status":"open","sticky":false,"template":"","format":"standard","meta":{"footnotes":""},"categories":[3],"tags":[],"class_list":["post-60459","post","type-post","status-publish","format-standard","has-post-thumbnail","hentry","category-event-more-news"],"_links":{"self":[{"href":"https:\/\/dekkbi.com\/index.php?rest_route=\/wp\/v2\/posts\/60459","targetHints":{"allow":["GET"]}}],"collection":[{"href":"https:\/\/dekkbi.com\/index.php?rest_route=\/wp\/v2\/posts"}],"about":[{"href":"https:\/\/dekkbi.com\/index.php?rest_route=\/wp\/v2\/types\/post"}],"author":[{"embeddable":true,"href":"https:\/\/dekkbi.com\/index.php?rest_route=\/wp\/v2\/users\/1"}],"replies":[{"embeddable":true,"href":"https:\/\/dekkbi.com\/index.php?rest_route=%2Fwp%2Fv2%2Fcomments&post=60459"}],"version-history":[{"count":1,"href":"https:\/\/dekkbi.com\/index.php?rest_route=\/wp\/v2\/posts\/60459\/revisions"}],"predecessor-version":[{"id":60461,"href":"https:\/\/dekkbi.com\/index.php?rest_route=\/wp\/v2\/posts\/60459\/revisions\/60461"}],"wp:featuredmedia":[{"embeddable":true,"href":"https:\/\/dekkbi.com\/index.php?rest_route=\/wp\/v2\/media\/60460"}],"wp:attachment":[{"href":"https:\/\/dekkbi.com\/index.php?rest_route=%2Fwp%2Fv2%2Fmedia&parent=60459"}],"wp:term":[{"taxonomy":"category","embeddable":true,"href":"https:\/\/dekkbi.com\/index.php?rest_route=%2Fwp%2Fv2%2Fcategories&post=60459"},{"taxonomy":"post_tag","embeddable":true,"href":"https:\/\/dekkbi.com\/index.php?rest_route=%2Fwp%2Fv2%2Ftags&post=60459"}],"curies":[{"name":"wp","href":"https:\/\/api.w.org\/{rel}","templated":true}]}}