{"id":60433,"date":"2025-07-24T10:44:40","date_gmt":"2025-07-24T10:44:40","guid":{"rendered":"https:\/\/dekkbi.com\/?p=60433"},"modified":"2025-07-24T10:51:25","modified_gmt":"2025-07-24T10:51:25","slug":"sommet-chine-union-europeenne-un-anniversaire-au-gout-amer","status":"publish","type":"post","link":"https:\/\/dekkbi.com\/?p=60433","title":{"rendered":"Sommet Chine-Union europ\u00e9enne, un anniversaire au go\u00fbt amer"},"content":{"rendered":"\n<p>Alors que s\u2019ouvre jeudi 24 juillet un sommet Chine-Union europ\u00e9enne \u00e0 P\u00e9kin pour le cinquantenaire de leurs relations diplomatiques, les deux puissances voient leurs relations perturb\u00e9es par de nombreux diff\u00e9rends, notamment commerciaux. Et les chances de r\u00e9elles avanc\u00e9es sont minces.<\/p>\n\n\n\n<p>Par : Nicolas Feldmann &#8211;  <em>Avec <strong>Clea Broadhurst<\/strong><\/em>, <em> correspondante RFI \u00e0 P\u00e9kin,\u00a0<\/em><\/p>\n\n\n\n<p>L\u2019heure aurait pu \u00eatre \u00e0 la f\u00eate. Mais ce sommet qui c\u00e9l\u00e8bre un demi-si\u00e8cle de relations diplomatiques entre Bruxelles et P\u00e9kin sera surtout l\u2019occasion pour les deux superpuissances de mettre sur la table un certain nombre de diff\u00e9rends.\u00a0Si les divergences sont politiques et diplomatiques \u2013 l&rsquo;UE reproche l\u2019alignement de P\u00e9kin sur la Russie en Ukraine ou\u00a0<strong>encore son soutien \u00e0 l\u2019Iran<\/strong>\u00a0\u2013 les contentieux sont aussi commerciaux.<\/p>\n\n\n\n<p>Additionn\u00e9es, les \u00e9conomies de l&rsquo;Union europ\u00e9enne et de la Chine repr\u00e9sentent plus d&rsquo;un tiers du PIB mondial (34,4&nbsp;%) et les \u00e9changes entre ces deux blocs repr\u00e9sentaient plus de 845&nbsp;milliards d&rsquo;euros de biens et de services en 2024. P\u00e9kin est ainsi le troisi\u00e8me partenaire des Vingt-Sept, quand l\u2019UE est, quant \u00e0 elle, le premier fournisseur de la Chine.<\/p>\n\n\n\n<h2 class=\"wp-block-heading\">Des relations tr\u00e8s d\u00e9s\u00e9quilibr\u00e9es<\/h2>\n\n\n\n<p>Si les d\u00e9saccords se multiplient, c\u2019est d\u2019abord parce que les relations sont tr\u00e8s d\u00e9s\u00e9quilibr\u00e9es. L&rsquo;Union europ\u00e9enne affichait un d\u00e9ficit commercial\u00a0avec la Chine\u00a0de plus de 300\u00a0milliards d&rsquo;euros l\u2019an dernier. Et rien ne semble pouvoir inverser la tendance\u00a0tant la liste de griefs est longue.\u00a0Bruxelles d\u00e9nonce\u00a0l\u2019acc\u00e8s in\u00e9gal des entreprises europ\u00e9ennes au march\u00e9 chinois\u00a0et\u00a0accuse la\u00a0<strong>Chine\u00a0<\/strong>de concurrence d\u00e9loyale. Les subventions accord\u00e9es par P\u00e9kin \u00e0 certaines de ses industries faussent le march\u00e9.<\/p>\n\n\n\n<p>\u00ab&nbsp;<em>La Chine a investi tr\u00e8s t\u00f4t dans nombre de technologies d&rsquo;avenir. Mais elle a ensuite commenc\u00e9 \u00e0 submerger les march\u00e9s mondiaux avec des biens bon march\u00e9 et subventionn\u00e9s pour \u00e9liminer ses concurrents<\/em>, a d\u00e9clar\u00e9 le 8 juillet devant le Parlement europ\u00e9en la pr\u00e9sidente de la Commission, Ursula Von der Leyen.&nbsp;<em>Des pans entiers de l&rsquo;industrie occidentale ont ferm\u00e9&nbsp;<\/em>\u2013<em>&nbsp;des panneaux solaires \u00e0 la transformation des min\u00e9raux&nbsp;<\/em>\u2013<em>, laissant la voie libre \u00e0 la domination chinoise. La Chine ne peut pas miser sur les exportations pour r\u00e9soudre ses probl\u00e8mes \u00e9conomiques internes. Les surcapacit\u00e9s ne peuvent \u00eatre simplement d\u00e9charg\u00e9es sur les march\u00e9s mondiaux.<\/em>&nbsp;\u00bb<\/p>\n\n\n\n<p>Face \u00e0 cette situation, l&rsquo;<strong>Union europ\u00e9enne<\/strong>\u00a0a multipli\u00e9 les enqu\u00eates ces derni\u00e8res ann\u00e9es pour finalement imposer des surtaxes \u00e0 l&rsquo;entr\u00e9e sur les \u00e9oliennes et les voitures \u00e9lectriques chinoises. P\u00e9kin a ripost\u00e9 en visant par exemple les eaux-de-vie europ\u00e9ennes, dont le cognac fran\u00e7ais.\u00a0Et les autorit\u00e9s chinoises menacent\u00a0d\u00e9sormais\u00a0de s&rsquo;en prendre \u00e0 d&rsquo;autres produits europ\u00e9ens\u00a0comme le porc.<\/p>\n\n\n\n<h2 class=\"wp-block-heading\">L\u2019Europe \u00ab&nbsp;<em>priv\u00e9e<\/em>&nbsp;\u00bb de terres rares<\/h2>\n\n\n\n<p>Le ton est encore mont\u00e9 en&nbsp;avril lorsque&nbsp;P\u00e9kin a impos\u00e9 des restrictions sur les exportations de terres rares, ces m\u00e9taux critiques indispensables pour produire les t\u00e9l\u00e9phones ou les voitures \u00e9lectriques, et dont&nbsp;l&rsquo;Union europ\u00e9enne est tr\u00e8s d\u00e9pendante.<\/p>\n\n\n\n<p>\u00ab\u00a0<em>Depuis l&rsquo;arriv\u00e9e au pouvoir de\u00a0<strong>Donald Trump<\/strong>, on avait imagin\u00e9 que la Chine et l&rsquo;Europe puissent se rapprocher, faisant face chacune \u00e0 une politique am\u00e9ricaine extr\u00eamement coercitive et la guerre des tarifs,\u00a0<\/em>explique\u00a0Marc Julienne, directeur du centre Asie \u00e0 l&rsquo;Ifri.<em>\u00a0En r\u00e9alit\u00e9, la Chine a r\u00e9pondu coup pour coup aux Am\u00e9ricains avec une politique extr\u00eamement forte. Et elle semble y avoir pris go\u00fbt puisqu&rsquo;en fait, elle, elle r\u00e9plique cette approche extr\u00eamement coercitive \u00e0 l&rsquo;encontre des Europ\u00e9ens.\u00a0On est beaucoup plus dans un rapport de force que dans une p\u00e9riode de n\u00e9gociations et de compromis.<\/em>\u00a0\u00bb<\/p>\n\n\n\n<p>Des tensions qui laissent douter de la possibilit\u00e9 de r\u00e9elles avanc\u00e9es.&nbsp;\u00c0 P\u00e9kin, les Europ\u00e9ens vont tenter d&rsquo;obtenir des all\u00e8gements sur les exportations de terres rares.&nbsp;C\u00f4t\u00e9 chinois, les autorit\u00e9s insisteront, elles, pour que l\u2019accord sur les investissements sign\u00e9 en 2020 soit enfin appliqu\u00e9. Chinois et Europ\u00e9ens voyaient ainsi l&rsquo;acc\u00e8s de leurs entreprises \u00e0 de nouveaux march\u00e9s facilit\u00e9. Mais pour Bruxelles, ce deal n\u00e9goci\u00e9 avant le Covid-19 n\u2019est plus d\u2019actualit\u00e9.&nbsp;<\/p>\n\n\n\n<p>D\u2019apr\u00e8s&nbsp;un responsable de la Commission europ\u00e9enne contact\u00e9&nbsp;par RFI, les chances d&rsquo;avanc\u00e9es \u00e0 l&rsquo;issue du sommet sont tr\u00e8s \u00ab&nbsp;<em>minces&nbsp;<\/em>\u00bb.<\/p>\n\n\n\n<p>Pour la Chine, l\u2019ombre de Washington plane sur les positions europ\u00e9ennes<\/p>\n\n\n\n<p><strong>Sur fond de tensions commerciales et d\u2019enjeux g\u00e9opolitiques, les attentes de ce sommet Union-europ\u00e9enne-Chine jeudi 24 juillet sont faibles mais les enjeux restent cruciaux. Initialement pr\u00e9vu sur deux jours \u00e0 Bruxelles, le sommet a \u00e9t\u00e9 r\u00e9duit \u00e0 une journ\u00e9e et d\u00e9plac\u00e9 \u00e0 P\u00e9kin &#8211; un symbole des relations fragilis\u00e9es.<\/strong><\/p>\n\n\n\n<p>C\u2019est dans un climat particuli\u00e8rement tendu que ce sommet se tient \u00e0 P\u00e9kin. Au c\u0153ur des discussions&nbsp;: d\u00e9s\u00e9quilibre commercial, guerre en Ukraine, droits de douane et climat.<\/p>\n\n\n\n<p>Bruxelles d\u00e9nonce un d\u00e9ficit commercial \u00ab&nbsp;<em>intenable<\/em>&nbsp;\u00bb et les subventions massives de P\u00e9kin, notamment dans les v\u00e9hicules \u00e9lectriques. La Chine, elle, fustige une attitude europ\u00e9enne jug\u00e9e \u00ab&nbsp;<em>hostile<\/em>&nbsp;\u00bb et menace de mesures de r\u00e9torsion.<\/p>\n\n\n\n<p>L\u2019Europe accuse P\u00e9kin de soutenir indirectement l\u2019effort de guerre russe, tandis que la Chine d\u00e9nonce une attitude europ\u00e9enne jug\u00e9e trop align\u00e9e sur Washington. Car c\u2019est bien l\u2019ombre des \u00c9tats-Unis, et notamment des politiques protectionnistes de Donald Trump, qui plane sur ce sommet.<\/p>\n\n\n\n<p>Les Vingt-Sept peinent aussi \u00e0 parler d\u2019une seule voix sur la Chine, ce qui limite leur marge de man\u0153uvre.<\/p>\n\n\n\n<p>Sur les terres rares, Bruxelles r\u00e9clame un assouplissement des restrictions chinoises, cruciales pour ses industries. Et si le climat reste un espace de coop\u00e9ration possible, les discussions restent min\u00e9es par des divergences sur le charbon ou les taxes vertes.<\/p>\n\n\n\n<p>Un sommet sans perc\u00e9e attendue, mais o\u00f9 l\u2019Europe esp\u00e8re maintenir le dialogue avec P\u00e9kin, tout en r\u00e9duisant ses d\u00e9pendances strat\u00e9giques.<\/p>\n\n\n\n<p>\u00c0 \u00e9couter aussi<a href=\"https:\/\/www.rfi.fr\/fr\/podcasts\/g%C3%A9opolitique\/20250719-chine-union-europ%C3%A9enne-un-sommet-tout-juste-symbolique\">Ch<\/a><\/p>\n","protected":false},"excerpt":{"rendered":"<p>Alors que s\u2019ouvre jeudi 24 juillet un sommet Chine-Union europ\u00e9enne \u00e0 P\u00e9kin pour le cinquantenaire de leurs relations diplomatiques, les<\/p>\n","protected":false},"author":1,"featured_media":60436,"comment_status":"open","ping_status":"open","sticky":false,"template":"","format":"standard","meta":{"footnotes":""},"categories":[51],"tags":[],"class_list":["post-60433","post","type-post","status-publish","format-standard","has-post-thumbnail","hentry","category-general"],"_links":{"self":[{"href":"https:\/\/dekkbi.com\/index.php?rest_route=\/wp\/v2\/posts\/60433","targetHints":{"allow":["GET"]}}],"collection":[{"href":"https:\/\/dekkbi.com\/index.php?rest_route=\/wp\/v2\/posts"}],"about":[{"href":"https:\/\/dekkbi.com\/index.php?rest_route=\/wp\/v2\/types\/post"}],"author":[{"embeddable":true,"href":"https:\/\/dekkbi.com\/index.php?rest_route=\/wp\/v2\/users\/1"}],"replies":[{"embeddable":true,"href":"https:\/\/dekkbi.com\/index.php?rest_route=%2Fwp%2Fv2%2Fcomments&post=60433"}],"version-history":[{"count":1,"href":"https:\/\/dekkbi.com\/index.php?rest_route=\/wp\/v2\/posts\/60433\/revisions"}],"predecessor-version":[{"id":60435,"href":"https:\/\/dekkbi.com\/index.php?rest_route=\/wp\/v2\/posts\/60433\/revisions\/60435"}],"wp:featuredmedia":[{"embeddable":true,"href":"https:\/\/dekkbi.com\/index.php?rest_route=\/wp\/v2\/media\/60436"}],"wp:attachment":[{"href":"https:\/\/dekkbi.com\/index.php?rest_route=%2Fwp%2Fv2%2Fmedia&parent=60433"}],"wp:term":[{"taxonomy":"category","embeddable":true,"href":"https:\/\/dekkbi.com\/index.php?rest_route=%2Fwp%2Fv2%2Fcategories&post=60433"},{"taxonomy":"post_tag","embeddable":true,"href":"https:\/\/dekkbi.com\/index.php?rest_route=%2Fwp%2Fv2%2Ftags&post=60433"}],"curies":[{"name":"wp","href":"https:\/\/api.w.org\/{rel}","templated":true}]}}