{"id":60410,"date":"2025-07-24T09:47:13","date_gmt":"2025-07-24T09:47:13","guid":{"rendered":"https:\/\/dekkbi.com\/?p=60410"},"modified":"2025-07-24T09:47:15","modified_gmt":"2025-07-24T09:47:15","slug":"justice-en-greve-et-requisition-pour-continuite-du-service-la-coalition-des-centrales-syndicales-prend-position","status":"publish","type":"post","link":"https:\/\/dekkbi.com\/?p=60410","title":{"rendered":"Justice en gr\u00e8ve et r\u00e9quisition pour continuit\u00e9 du service : la coalition des centrales syndicales prend position"},"content":{"rendered":"\n<p><strong>La conf\u00e9rence des secr\u00e9taires g\u00e9n\u00e9raux de la coalition des centrales syndicales exhorte le gouvernement \u00e0 respecter scrupuleusement le droit de gr\u00e8ve, reconnu comme un droit fondamental par la Constitution. Elle l\u2019invite \u00e9galement \u00e0 s\u2019abstenir de tout acte pouvant entraver cet exercice ou porter atteinte \u00e0 la libert\u00e9 syndicale.<\/strong>&nbsp;<strong>Dans un communiqu\u00e9 publi\u00e9 hier, mercredi 23 juillet, \u00e0 l\u2019issue de leur rencontre tenue la veille avec les repr\u00e9sentants de l\u2019Entente SYTJUST\u2013UNTJ, les dirigeants des cinq centrales syndicales les plus repr\u00e9sentatives du pays rappellent que le pacte national de stabilit\u00e9 sociale ne saurait en aucun cas \u00eatre interpr\u00e9t\u00e9 comme une suspension ou une renonciation au droit de gr\u00e8ve pour les syndicats qui leur sont affili\u00e9s.<\/strong><\/p>\n\n\n\n<p>La gr\u00e8ve lanc\u00e9e depuis le 18 juin dernier par les deux principaux syndicats du secteur de la Justice, r\u00e9unis au sein de l\u2019Entente SYTJUST-UNTJ, risque-t-elle de fragiliser le pacte social sign\u00e9 le 1er mai dernier entre le gouvernement du S\u00e9n\u00e9gal, les employeurs et les syndicats ? La question m\u00e9rite d\u2019\u00eatre pos\u00e9e, \u00e0 la lumi\u00e8re de la sortie muscl\u00e9e de la conf\u00e9rence des secr\u00e9taires g\u00e9n\u00e9raux de la coalition des centrales syndicales.<\/p>\n\n\n\n<p>Dans un communiqu\u00e9 publi\u00e9 \u00e0 l\u2019issue de leur rencontre, tenue la veille avec les repr\u00e9sentants de l\u2019Entente SYTJUST\u2013UNTJ, les dirigeants des cinq centrales syndicales les plus repr\u00e9sentatives du pays sont mont\u00e9s au cr\u00e9neau pour exhorter les autorit\u00e9s \u00e0 ouvrir sans d\u00e9lai des n\u00e9gociations avec les syndicats du secteur de la Justice. Objectif : apporter des r\u00e9ponses concr\u00e8tes aux revendications exprim\u00e9es et trouver une issue durable \u00e0 la crise actuelle.<\/p>\n\n\n\n<p>Exprimant sa vive pr\u00e9occupation face \u00e0 la situation alarmante qui pr\u00e9vaut dans le service public de la Justice, la coalition des centrales syndicales a r\u00e9affirm\u00e9 sa solidarit\u00e9 ind\u00e9fectible envers les travailleurs engag\u00e9s dans ce combat l\u00e9gitime pour la reconnaissance de leurs droits et la sauvegarde de leur dignit\u00e9 professionnelle. La conf\u00e9rence des secr\u00e9taires g\u00e9n\u00e9raux, signataires du Pacte national de stabilit\u00e9 sociale pour une croissance inclusive et durable, a \u00e9galement tenu \u00e0 rappeler au gouvernement que ce pacte ne constitue ni une suspension ni une renonciation au droit de gr\u00e8ve pour les syndicats affili\u00e9s. Ce droit, garanti par la Constitution, demeure pleinement en vigueur. \u00c0 ce titre, les centrales appellent le gouvernement \u00e0 respecter strictement l\u2019exercice de ce droit fondamental et \u00e0 s\u2019abstenir de tout acte susceptible de l\u2019entraver ou de porter atteinte \u00e0 la libert\u00e9 syndicale.<\/p>\n\n\n\n<p>Pour rappel, cette coalition regroupe la Conf\u00e9d\u00e9ration nationale des travailleurs du S\u00e9n\u00e9gal (CNTS), l\u2019Union nationale des syndicats autonomes du S\u00e9n\u00e9gal (UNSAS), la Conf\u00e9d\u00e9ration des syndicats autonomes (CSA), la Conf\u00e9d\u00e9ration nationale des travailleurs du S\u00e9n\u00e9gal \/ Forces du changement (CNTS\/FC), ainsi que l\u2019Union d\u00e9mocratique des travailleurs du S\u00e9n\u00e9gal (UDTS).<\/p>\n\n\n\n<p><strong>Nando Cabral Gomis<\/strong><br>SUDQUOTIDIEN<\/p>\n","protected":false},"excerpt":{"rendered":"<p>La conf\u00e9rence des secr\u00e9taires g\u00e9n\u00e9raux de la coalition des centrales syndicales exhorte le gouvernement \u00e0 respecter scrupuleusement le droit de<\/p>\n","protected":false},"author":1,"featured_media":8517,"comment_status":"open","ping_status":"open","sticky":false,"template":"","format":"standard","meta":{"footnotes":""},"categories":[26],"tags":[],"class_list":["post-60410","post","type-post","status-publish","format-standard","has-post-thumbnail","hentry","category-fait-divers"],"_links":{"self":[{"href":"https:\/\/dekkbi.com\/index.php?rest_route=\/wp\/v2\/posts\/60410","targetHints":{"allow":["GET"]}}],"collection":[{"href":"https:\/\/dekkbi.com\/index.php?rest_route=\/wp\/v2\/posts"}],"about":[{"href":"https:\/\/dekkbi.com\/index.php?rest_route=\/wp\/v2\/types\/post"}],"author":[{"embeddable":true,"href":"https:\/\/dekkbi.com\/index.php?rest_route=\/wp\/v2\/users\/1"}],"replies":[{"embeddable":true,"href":"https:\/\/dekkbi.com\/index.php?rest_route=%2Fwp%2Fv2%2Fcomments&post=60410"}],"version-history":[{"count":1,"href":"https:\/\/dekkbi.com\/index.php?rest_route=\/wp\/v2\/posts\/60410\/revisions"}],"predecessor-version":[{"id":60411,"href":"https:\/\/dekkbi.com\/index.php?rest_route=\/wp\/v2\/posts\/60410\/revisions\/60411"}],"wp:featuredmedia":[{"embeddable":true,"href":"https:\/\/dekkbi.com\/index.php?rest_route=\/wp\/v2\/media\/8517"}],"wp:attachment":[{"href":"https:\/\/dekkbi.com\/index.php?rest_route=%2Fwp%2Fv2%2Fmedia&parent=60410"}],"wp:term":[{"taxonomy":"category","embeddable":true,"href":"https:\/\/dekkbi.com\/index.php?rest_route=%2Fwp%2Fv2%2Fcategories&post=60410"},{"taxonomy":"post_tag","embeddable":true,"href":"https:\/\/dekkbi.com\/index.php?rest_route=%2Fwp%2Fv2%2Ftags&post=60410"}],"curies":[{"name":"wp","href":"https:\/\/api.w.org\/{rel}","templated":true}]}}