{"id":60405,"date":"2025-07-24T09:37:39","date_gmt":"2025-07-24T09:37:39","guid":{"rendered":"https:\/\/dekkbi.com\/?p=60405"},"modified":"2025-07-24T09:37:39","modified_gmt":"2025-07-24T09:37:39","slug":"antesri-hydraulique-souverainete-nationale-commerce-et-diplomatie-ces-grandes-decisions-de-la-reunion-hebdomadaire-du-gouvernement","status":"publish","type":"post","link":"https:\/\/dekkbi.com\/?p=60405","title":{"rendered":"Antesri, hydraulique, souverainet\u00e9 nationale, commerce et diplomatie : ces grandes d\u00e9cisions de la r\u00e9union hebdomadaire du gouvernement"},"content":{"rendered":"\n<p>Le Pr\u00e9sident de la R\u00e9publique, Bassirou Diomaye Faye, a pr\u00e9sid\u00e9 ce 23 juillet 2025, &nbsp;la r\u00e9union hebdomadaire du Conseil des ministres. Plusieurs sujets majeurs ont \u00e9t\u00e9 abord\u00e9s, notamment la transformation de l\u2019enseignement sup\u00e9rieur, la souverainet\u00e9 hydraulique et militaire, ainsi que l\u2019\u00e9quit\u00e9 sociale, informe&nbsp;<em>Le Soleil digital<\/em>.<\/p>\n\n\n\n<p><strong>ANTESRI et chantiers universitaires : cap sur la refondation du sup\u00e9rieur<\/strong><\/p>\n\n\n\n<p>Le chef de l\u2019\u00c9tat a rappel\u00e9 avoir pr\u00e9sid\u00e9, le 17 juillet 2025, le lancement de l\u2019Agenda National de Transformation de l\u2019Enseignement Sup\u00e9rieur, de la Recherche et de l\u2019Innovation (ANTESRI).<\/p>\n\n\n\n<p>\u00ab Il salue l\u2019engagement du ministre, du comit\u00e9 d\u2019appui et de toute la communaut\u00e9 universitaire pour construire une universit\u00e9 d\u2019excellence au service du d\u00e9veloppement \u00e9conomique et de la souverainet\u00e9 nationale \u00bb, note le communiqu\u00e9 du Conseil de ce jour.<\/p>\n\n\n\n<p>Toujours dans le domaine universitaire, le pr\u00e9sident a instruit le Premier ministre, Ousmane Sonko, d\u2019acc\u00e9l\u00e9rer la mise en \u0153uvre du plan d\u2019urgence visant \u00e0 finaliser les chantiers universitaires en cours.<\/p>\n\n\n\n<p>Il a \u00e9galement \u00e9t\u00e9 d\u00e9cid\u00e9 que l\u2019\u00c9tat devra recruter 500 enseignants-chercheurs d\u00e8s 2025, renforcer l\u2019Universit\u00e9 Virtuelle du S\u00e9n\u00e9gal et d\u00e9ployer les ISEP dans toutes les r\u00e9gions.<\/p>\n\n\n\n<p>\u00ab Une r\u00e9flexion imm\u00e9diate sera engag\u00e9e sur la r\u00e9forme du baccalaur\u00e9at et du syst\u00e8me LMD en int\u00e9grant les enjeux du num\u00e9rique, de l\u2019intelligence artificielle et des sciences, technologie, ing\u00e9nierie et math\u00e9matiques \u00bb, souligne le communiqu\u00e9.<\/p>\n\n\n\n<p><strong>Hydraulique : vers une souverainet\u00e9 renforc\u00e9e<\/strong><\/p>\n\n\n\n<p>Sur le plan de l\u2019acc\u00e8s \u00e0 l\u2019eau, le Pr\u00e9sident a salu\u00e9 la signature d\u2019un nouveau contrat de partenariat public-priv\u00e9 avec le groupe saoudien ACWA Power, pour la construction d\u2019une usine de dessalement sur la Grande C\u00f4te.<\/p>\n\n\n\n<p>\u00ab Ce projet strat\u00e9gique renforce notre souverainet\u00e9 hydraulique. Il a f\u00e9licit\u00e9 le gouvernement et les minist\u00e8res impliqu\u00e9s pour leur efficacit\u00e9. Le chef de l\u2019\u00c9tat a \u00e9galement rappel\u00e9 l\u2019urgence d\u2019am\u00e9liorer l\u2019acc\u00e8s \u00e0 l\u2019eau potable en milieu rural, d\u2019adopter avant fin 2025 la loi cr\u00e9ant l\u2019autorit\u00e9 de r\u00e9gulation du secteur de l\u2019eau \u00bb, peut-on lire dans le communiqu\u00e9.<\/p>\n\n\n\n<p><strong>Souverainet\u00e9 nationale : restitution des bases militaires<\/strong><\/p>\n\n\n\n<p>\u00ab Sur le plan de la souverainet\u00e9 nationale, le S\u00e9n\u00e9gal a r\u00e9cup\u00e9r\u00e9 le 17 juillet l\u2019ensemble des emprises militaires pr\u00e9c\u00e9demment occup\u00e9es par des forces \u00e9trang\u00e8res. Le pr\u00e9sident de la R\u00e9publique a f\u00e9licit\u00e9 les forces arm\u00e9es s\u00e9n\u00e9galaises et demand\u00e9 aux ministres concern\u00e9s d\u2019assurer la gestion optimale de ces sites \u00bb, rapporte le communiqu\u00e9.<\/p>\n\n\n\n<p><strong>Commerce : mise en \u0153uvre des r\u00e9formes structurelles<\/strong><\/p>\n\n\n\n<p>Concernant la modernisation du commerce, le chef de l\u2019\u00c9tat a exhort\u00e9 le gouvernement \u00e0 acc\u00e9l\u00e9rer la mise en service des march\u00e9s r\u00e9nov\u00e9s, et \u00e0 appliquer sans d\u00e9lai les recommandations issues des \u00c9tats g\u00e9n\u00e9raux de l\u2019industrie et du commerce.<\/p>\n\n\n\n<p><strong>Diplomatie<br><\/strong><br>Sur le plan diplomatique, le pr\u00e9sident Bassirou Diomaye Faye effectuera une visite de travail au Togo le 25 juillet, avant de participer, le 26 juillet \u00e0 Monrovia, aux c\u00e9l\u00e9brations de la f\u00eate nationale du Liberia.<\/p>\n","protected":false},"excerpt":{"rendered":"<p>Le Pr\u00e9sident de la R\u00e9publique, Bassirou Diomaye Faye, a pr\u00e9sid\u00e9 ce 23 juillet 2025, &nbsp;la r\u00e9union hebdomadaire du Conseil des<\/p>\n","protected":false},"author":1,"featured_media":60406,"comment_status":"open","ping_status":"open","sticky":false,"template":"","format":"standard","meta":{"footnotes":""},"categories":[3],"tags":[],"class_list":["post-60405","post","type-post","status-publish","format-standard","has-post-thumbnail","hentry","category-event-more-news"],"_links":{"self":[{"href":"https:\/\/dekkbi.com\/index.php?rest_route=\/wp\/v2\/posts\/60405","targetHints":{"allow":["GET"]}}],"collection":[{"href":"https:\/\/dekkbi.com\/index.php?rest_route=\/wp\/v2\/posts"}],"about":[{"href":"https:\/\/dekkbi.com\/index.php?rest_route=\/wp\/v2\/types\/post"}],"author":[{"embeddable":true,"href":"https:\/\/dekkbi.com\/index.php?rest_route=\/wp\/v2\/users\/1"}],"replies":[{"embeddable":true,"href":"https:\/\/dekkbi.com\/index.php?rest_route=%2Fwp%2Fv2%2Fcomments&post=60405"}],"version-history":[{"count":1,"href":"https:\/\/dekkbi.com\/index.php?rest_route=\/wp\/v2\/posts\/60405\/revisions"}],"predecessor-version":[{"id":60407,"href":"https:\/\/dekkbi.com\/index.php?rest_route=\/wp\/v2\/posts\/60405\/revisions\/60407"}],"wp:featuredmedia":[{"embeddable":true,"href":"https:\/\/dekkbi.com\/index.php?rest_route=\/wp\/v2\/media\/60406"}],"wp:attachment":[{"href":"https:\/\/dekkbi.com\/index.php?rest_route=%2Fwp%2Fv2%2Fmedia&parent=60405"}],"wp:term":[{"taxonomy":"category","embeddable":true,"href":"https:\/\/dekkbi.com\/index.php?rest_route=%2Fwp%2Fv2%2Fcategories&post=60405"},{"taxonomy":"post_tag","embeddable":true,"href":"https:\/\/dekkbi.com\/index.php?rest_route=%2Fwp%2Fv2%2Ftags&post=60405"}],"curies":[{"name":"wp","href":"https:\/\/api.w.org\/{rel}","templated":true}]}}