{"id":60390,"date":"2025-07-24T09:05:54","date_gmt":"2025-07-24T09:05:54","guid":{"rendered":"https:\/\/dekkbi.com\/?p=60390"},"modified":"2025-07-24T09:05:54","modified_gmt":"2025-07-24T09:05:54","slug":"senegal-vietnam-bassirou-diomaye-faye-recoit-tran-thanh-man","status":"publish","type":"post","link":"https:\/\/dekkbi.com\/?p=60390","title":{"rendered":"S\u00e9n\u00e9gal \u2013 Vietnam: Bassirou Diomaye Faye re\u00e7oit Tr\u00e2n Thanh M\u00e2n"},"content":{"rendered":"\n<p><a href=\"https:\/\/lesoleil.sn\/wp-content\/uploads\/2025\/07\/WhatsApp-Image-2025-07-23-at-22.24.11.jpeg\"><\/a>Cette rencontre a \u00e9t\u00e9 marqu\u00e9e par une atmosph\u00e8re chaleureuse, plac\u00e9e sous le signe de l\u2019amiti\u00e9, du respect mutuel et d\u2019un engagement renouvel\u00e9 \u00e0 renforcer le dialogue et la coop\u00e9ration entre les deux nations.<\/p>\n\n\n\n<p>Au c\u0153ur des \u00e9changes, les deux responsables ont r\u00e9affirm\u00e9 la volont\u00e9 de leurs pays respectifs de consolider les liens historiques et d\u2019\u00e9largir les domaines de collaboration pour un b\u00e9n\u00e9fice partag\u00e9. Cette visite intervient dans un contexte o\u00f9 le S\u00e9n\u00e9gal et le Vietnam cherchent \u00e0 intensifier leurs partenariats \u00e9conomiques, politiques et culturels, en s\u2019appuyant sur des valeurs communes de d\u00e9veloppement durable et de prosp\u00e9rit\u00e9 partag\u00e9e.<\/p>\n\n\n\n<p>Plus t\u00f4t dans la journ\u00e9e, Monsieur Tr\u00e2n Thanh M\u00e2n avait \u00e9galement \u00e9t\u00e9 re\u00e7u par le Premier ministre s\u00e9n\u00e9galais Ousmane Sonko. Lors de cet entretien, les deux chefs de gouvernement ont copr\u00e9sid\u00e9 la c\u00e9r\u00e9monie de signature de plusieurs m\u00e9morandums d\u2019entente. Ces accords viennent officialiser des projets de coop\u00e9ration dans divers secteurs, notamment l\u2019agro-industrie, les infrastructures, l\u2019\u00e9nergie et la transformation du riz.<\/p>\n\n\n\n<p><strong>C.G.D<\/strong> <br>SOURCE LESOLEIL<\/p>\n\n\n<div class=\"wp-block-image\">\n<figure class=\"alignleft is-resized\"><img decoding=\"async\" src=\"https:\/\/lesoleil.sn\/wp-content\/uploads\/2025\/07\/WhatsApp-Image-2025-07-23-at-22.24.11-1-900x601.jpeg\" alt=\"\" class=\"wp-image-53109\" style=\"width:686px;height:auto\"\/><\/figure>\n<\/div>\n\n\n<p><\/p>\n","protected":false},"excerpt":{"rendered":"<p>Cette rencontre a \u00e9t\u00e9 marqu\u00e9e par une atmosph\u00e8re chaleureuse, plac\u00e9e sous le signe de l\u2019amiti\u00e9, du respect mutuel et d\u2019un<\/p>\n","protected":false},"author":1,"featured_media":60391,"comment_status":"open","ping_status":"open","sticky":false,"template":"","format":"standard","meta":{"footnotes":""},"categories":[6],"tags":[],"class_list":["post-60390","post","type-post","status-publish","format-standard","has-post-thumbnail","hentry","category-politics"],"_links":{"self":[{"href":"https:\/\/dekkbi.com\/index.php?rest_route=\/wp\/v2\/posts\/60390","targetHints":{"allow":["GET"]}}],"collection":[{"href":"https:\/\/dekkbi.com\/index.php?rest_route=\/wp\/v2\/posts"}],"about":[{"href":"https:\/\/dekkbi.com\/index.php?rest_route=\/wp\/v2\/types\/post"}],"author":[{"embeddable":true,"href":"https:\/\/dekkbi.com\/index.php?rest_route=\/wp\/v2\/users\/1"}],"replies":[{"embeddable":true,"href":"https:\/\/dekkbi.com\/index.php?rest_route=%2Fwp%2Fv2%2Fcomments&post=60390"}],"version-history":[{"count":1,"href":"https:\/\/dekkbi.com\/index.php?rest_route=\/wp\/v2\/posts\/60390\/revisions"}],"predecessor-version":[{"id":60392,"href":"https:\/\/dekkbi.com\/index.php?rest_route=\/wp\/v2\/posts\/60390\/revisions\/60392"}],"wp:featuredmedia":[{"embeddable":true,"href":"https:\/\/dekkbi.com\/index.php?rest_route=\/wp\/v2\/media\/60391"}],"wp:attachment":[{"href":"https:\/\/dekkbi.com\/index.php?rest_route=%2Fwp%2Fv2%2Fmedia&parent=60390"}],"wp:term":[{"taxonomy":"category","embeddable":true,"href":"https:\/\/dekkbi.com\/index.php?rest_route=%2Fwp%2Fv2%2Fcategories&post=60390"},{"taxonomy":"post_tag","embeddable":true,"href":"https:\/\/dekkbi.com\/index.php?rest_route=%2Fwp%2Fv2%2Ftags&post=60390"}],"curies":[{"name":"wp","href":"https:\/\/api.w.org\/{rel}","templated":true}]}}