{"id":60381,"date":"2025-07-24T08:55:06","date_gmt":"2025-07-24T08:55:06","guid":{"rendered":"https:\/\/dekkbi.com\/?p=60381"},"modified":"2025-07-24T09:06:52","modified_gmt":"2025-07-24T09:06:52","slug":"maimouna-bousso-vs-therese-faye-diouf-duel-de-femmes-aux-antipodes","status":"publish","type":"post","link":"https:\/\/dekkbi.com\/?p=60381","title":{"rendered":"Maimouna Bousso vs Th\u00e9r\u00e8se Faye Diouf : duel de femmes aux antipodes"},"content":{"rendered":"\n<p><a href=\"https:\/\/lesoleil.sn\/wp-content\/uploads\/2025\/07\/Maimouna-Bousso-Pastef-et-Therese-Faye-Apr.jpg\"><\/a><strong>\u00c0 l\u2019Assembl\u00e9e nationale, deux femmes politiques s\u2019opposent par leur vision oppos\u00e9e : Maimouna Bousso, 1\u1d49\u02b3 secr\u00e9taire \u00e9lue de l\u2019Assembl\u00e9e nationale, et Th\u00e9r\u00e8se Faye Diouf, d\u00e9put\u00e9 de Takku Wallu. Les deux d\u00e9put\u00e9s qui incarnent deux camps oppos\u00e9s au sein de la 15\u1d49 l\u00e9gislature comptent faire entendre leur voix pour, disent-elles, servir au mieux leurs \u00e9lecteurs.<\/strong><\/p>\n\n\n\n<h4 class=\"wp-block-heading\">Maimouna Bousso, l\u2019ange gardienne du \u00ab Projet \u00bb<\/h4>\n\n\n\n<p>Maimouna Bousso\u00a0compte rester fid\u00e8le \u00e0 elle-m\u00eame au sein de la 15e l\u00e9gislature. Nomm\u00e9e 1\u1d49\u02b3 Secr\u00e9taire \u00e9lue \u00e0 l\u2019Assembl\u00e9e nationale, le d\u00e9put\u00e9 de Pastef se veut intransigeante dans la mise en \u0153uvre du projet de rupture de Pastef.<\/p>\n\n\n\n<p>\u00c0 l\u2019occasion de la s\u00e9ance pl\u00e9ni\u00e8re consacr\u00e9e \u00e0 l\u2019adoption de la convention bilat\u00e9rale entre le S\u00e9n\u00e9gal et le Maroc, le 11 mars, elle n\u2019h\u00e9site pas \u00e0 interpeller le gouvernement sur de possibles poursuites contre l\u2019ancien chef de l\u2019\u00c9tat Macky Sall exil\u00e9 au Maroc.<\/p>\n\n\n\n<p>Avec son style verbal agressif et sans retenue, Maimouna Bousso compte incarner l\u2019aile dure de Pastef pr\u00eate \u00e0 \u0153uvrer pour la rupture et la reddition des comptes de l\u2019ancien r\u00e9gime de Macky Sall. Maimouna Bousso, \u00e2g\u00e9e de 45 ans, s\u2019est distingu\u00e9e dans la lutte au sein de la coalition Yaw (Yeewi Askan wi) contre les abus du r\u00e9gime de Macky Sall.<\/p>\n\n\n\n<p>La pr\u00e9sidente du Mouvement Forces citoyennes se veut aussi une d\u00e9fenseure infatigable de la cause palestinienne. Elle se veut aussi engag\u00e9e pour les probl\u00e8mes \u00e9conomiques des S\u00e9n\u00e9galais, notamment le pouvoir d\u2019achat et la baisse du prix du loyer. \u00c0 l\u2019occasion de la Dpg, le 27 d\u00e9cembre 2024, elle a aussi soulev\u00e9 des probl\u00e9matiques sociales concernant les droits des femmes divorc\u00e9es et la question de l\u2019autorit\u00e9 parentale.<\/p>\n\n\n\n<h4 class=\"wp-block-heading\">Th\u00e9r\u00e8se Faye Diouf, l\u2019inconditionnelle \u00ab aperiste \u00bb<\/h4>\n\n\n\n<p>Face \u00e0 elle se dresse Th\u00e9r\u00e8se Faye Diouf, membre du groupe Takku Wallu \u00e0 l\u2019Assembl\u00e9e nationale. L\u2019ancien ministre de la Femme sous Macky Sall a choisi d\u2019axer sa communication lors des diff\u00e9rentes pl\u00e9ni\u00e8res sur les besoins des populations de Fatick.<\/p>\n\n\n\n<p>\u00c0 l\u2019occasion de la Dpg du Premier ministre Ousmane Sonko, elle n\u2019a pas h\u00e9sit\u00e9 \u00e0 interpeller les ministres du gouvernement sur les difficult\u00e9s de Fatick en mati\u00e8re d\u2019emploi, de sant\u00e9 et d\u2019infrastructures de base.<\/p>\n\n\n\n<p>L\u2019ancien administrateur g\u00e9n\u00e9ral du Fonds de garantie des investissements prioritaires (Fongip) veut cultiver l\u2019image d\u2019une d\u00e9put\u00e9e proche des populations. Sociologue de formation, elle est maire de la commune de Diarr\u00e8re, depuis 2014.&nbsp; D\u2019un caract\u00e8re inflexible, l\u2019ancienne directrice de l\u2019Agence nationale de la Petite enfance et de la Case des tout-petits n\u2019h\u00e9site pas \u00e0 dire ce qu\u2019il pense au sein de l\u2019Alliance pour la R\u00e9publique (Apr).<\/p>\n\n\n\n<p>Son engagement sans faille pour la d\u00e9fense du bilan de Macky Sall qu\u2019il consid\u00e8re comme son mentor en politique lui permet de se d\u00e9marquer au sein de l\u2019h\u00e9micycle. Th\u00e9r\u00e8se Faye Diouf ambitionne d\u2019incarner le renouveau des marrons beige qui souffre de l\u2019absence de son leader.<\/p>\n\n\n\n<p>Dans cette optique, elle compte faire entendre la voix de l\u2019opposition au sein de l\u2019h\u00e9micycle face \u00e0 la pr\u00e9pond\u00e9rance de Pastef. Une mani\u00e8re, pour elle, de respecter son engagement \u00e9lectoral aupr\u00e8s de ses administr\u00e9s et \u00e9lecteurs qui lui ont fait confiance au sein de la coalition.<\/p>\n\n\n\n<p><strong>Mamadou Makhfouse NGOM<\/strong><\/p>\n\n\n\n<p>SOURCE LESOLEIL<\/p>\n","protected":false},"excerpt":{"rendered":"<p>\u00c0 l\u2019Assembl\u00e9e nationale, deux femmes politiques s\u2019opposent par leur vision oppos\u00e9e : Maimouna Bousso, 1\u1d49\u02b3 secr\u00e9taire \u00e9lue de l\u2019Assembl\u00e9e nationale,<\/p>\n","protected":false},"author":1,"featured_media":60382,"comment_status":"open","ping_status":"open","sticky":false,"template":"","format":"standard","meta":{"footnotes":""},"categories":[6],"tags":[],"class_list":["post-60381","post","type-post","status-publish","format-standard","has-post-thumbnail","hentry","category-politics"],"_links":{"self":[{"href":"https:\/\/dekkbi.com\/index.php?rest_route=\/wp\/v2\/posts\/60381","targetHints":{"allow":["GET"]}}],"collection":[{"href":"https:\/\/dekkbi.com\/index.php?rest_route=\/wp\/v2\/posts"}],"about":[{"href":"https:\/\/dekkbi.com\/index.php?rest_route=\/wp\/v2\/types\/post"}],"author":[{"embeddable":true,"href":"https:\/\/dekkbi.com\/index.php?rest_route=\/wp\/v2\/users\/1"}],"replies":[{"embeddable":true,"href":"https:\/\/dekkbi.com\/index.php?rest_route=%2Fwp%2Fv2%2Fcomments&post=60381"}],"version-history":[{"count":1,"href":"https:\/\/dekkbi.com\/index.php?rest_route=\/wp\/v2\/posts\/60381\/revisions"}],"predecessor-version":[{"id":60383,"href":"https:\/\/dekkbi.com\/index.php?rest_route=\/wp\/v2\/posts\/60381\/revisions\/60383"}],"wp:featuredmedia":[{"embeddable":true,"href":"https:\/\/dekkbi.com\/index.php?rest_route=\/wp\/v2\/media\/60382"}],"wp:attachment":[{"href":"https:\/\/dekkbi.com\/index.php?rest_route=%2Fwp%2Fv2%2Fmedia&parent=60381"}],"wp:term":[{"taxonomy":"category","embeddable":true,"href":"https:\/\/dekkbi.com\/index.php?rest_route=%2Fwp%2Fv2%2Fcategories&post=60381"},{"taxonomy":"post_tag","embeddable":true,"href":"https:\/\/dekkbi.com\/index.php?rest_route=%2Fwp%2Fv2%2Ftags&post=60381"}],"curies":[{"name":"wp","href":"https:\/\/api.w.org\/{rel}","templated":true}]}}