{"id":60376,"date":"2025-07-23T11:29:07","date_gmt":"2025-07-23T11:29:07","guid":{"rendered":"https:\/\/dekkbi.com\/?p=60376"},"modified":"2025-07-23T11:29:08","modified_gmt":"2025-07-23T11:29:08","slug":"presidentielle-au-cameroun-maurice-kamto-lopposant-qui-veut-tenter-une-nouvelle-fois-de-faire-tomber-paul-biya","status":"publish","type":"post","link":"https:\/\/dekkbi.com\/?p=60376","title":{"rendered":"Pr\u00e9sidentielle au Cameroun: Maurice Kamto, l&rsquo;opposant qui veut tenter une nouvelle fois de faire tomber Paul Biya"},"content":{"rendered":"\n<p>Maurice Kamto a d\u00e9pos\u00e9, ce dimanche&nbsp;20 juillet, sa candidature \u00e0 la pr\u00e9sidentielle au Cameroun qui doit se d\u00e9rouler en octobre prochain. Si elle est valid\u00e9e, elle se fera sous une nouvelle banni\u00e8re: celle du Mouvement Africain pour la Nouvelle Ind\u00e9pendance et la D\u00e9mocratie (Manidem).&nbsp;Ancien ministre sous l&rsquo;actuel pr\u00e9sident Paul Biya, il est devenu son adversaire politique direct.&nbsp;Mais tout est encore \u00e0 prouver pour celui qui avait revendiqu\u00e9 la victoire de l&rsquo;\u00e9lection pr\u00e9sidentielle de 2018.&nbsp;<\/p>\n\n\n\n<p>Par Nina Soyez<\/p>\n\n\n\n<p>31 mai 2025, place de la R\u00e9publique \u00e0 Paris. Maurice Kamto est en meeting devant des milliers de ressortissants. Devant la foule, il clame:&nbsp;<em>\u00ab\u00a0Je suis pr\u00eat!<\/em>\u00ab\u00a0, faisant allusion aux \u00e9lections pr\u00e9sidentielles prochaines d&rsquo;octobre au Cameroun. L&rsquo;homme politique a pris l&rsquo;avion pour une tourn\u00e9e europ\u00e9enne visant \u00e0 rassembler les voix de la diaspora, dont les votes vont majoritairement \u00e0 l&rsquo;opposition.<\/p>\n\n\n\n<p>Souvent pr\u00e9sent\u00e9 comme le rival politique num\u00e9ro un du pr\u00e9sident Paul Biya, Maurice Kamto incarne, parmi d&rsquo;autres, comme&nbsp;Joshua Osih du Social Democratic Front (SDF) ou Cabral Libii du Parti Camerounais pour la R\u00e9conciliation Nationale (PCRN), une opposition qui tente de se faire entendre dans un pays \u00e0 la parole musel\u00e9e par un chef d&rsquo;\u00c9tat au pouvoir depuis pr\u00e8s de 43 ans.<\/p>\n\n\n\n<h2 class=\"wp-block-heading\">\u00ab\u00a02018, c&rsquo;\u00e9tait il y a sept ans\u00a0\u00bb<\/h2>\n\n\n\n<p>Depuis sa deuxi\u00e8me place \u00e0 l\u2019\u00e9lection pr\u00e9sidentielle en 2018, il cherche \u00e0 poursuivre la dynamique. Mais le contexte est-il le m\u00eame qu&rsquo;il y a sept ans? \u00ab\u00a0<em>2018, c&rsquo;\u00e9tait il y a sept ans et sept ans c&rsquo;est long!\u00a0\u00bb<\/em>, explique \u00e0 TV5MONDE l&rsquo;analyste politique pour la\u00a0Fondation Paul Ango Ela, St\u00e9phane Ako<\/p>\n\n\n\n<p><em>\u00ab\u00a0Le PCRN de Cabra Ribbi, par exemple, a engrang\u00e9 des scores relativement int\u00e9ressants \u00e0 l&rsquo;\u00e9lection de 2018. Et en 2020, ils ont r\u00e9ussi \u00e0 avoir des d\u00e9put\u00e9s et des mairies. Si Maurice Kamto r\u00e9ussit \u00e0 se pr\u00e9senter, si on on ne l&#8217;emp\u00eache pas pour des raisons juridiques en arrivant \u00e0 trouver un petit truc qui ne va pas dans son dossier, je peux tr\u00e8s difficilement dire qu&rsquo;il r\u00e9ussira \u00e0 faire aussi bien qu&rsquo;en 2018. M\u00eame si, la col\u00e8re g\u00e9n\u00e9rale est grande et l&rsquo;envie de voir Paul Biya partir est grande<\/em>\u00ab\u00a0.<\/p>\n\n\n\n<h2 class=\"wp-block-heading\"><em>\u00ab\u00a0Il est per\u00e7u comme quasi parfait pour le job\u00a0\u00bb<\/em><\/h2>\n\n\n\n<p>Originaire de la ville de Bafoussam, Maurice Kamto est issu de l\u2019ethnie des Bamil\u00e9k\u00e9s, peuple situ\u00e9 \u00e0 l\u2019ouest du Cameroun. C\u2019est l\u2019une des ethnies les plus importantes parmi les 200 \u00e0 250 que compte le pays. Avec presque autant de formations politiques au Cameroun, Maurice Kamto souhaite rassembler.<\/p>\n\n\n\n<p>En 2004, il est nomm\u00e9 ministre d\u00e9l\u00e9gu\u00e9 \u00e0 la Justice et le restera jusqu&rsquo;en 2011. Sa d\u00e9mission marquera le d\u00e9but de son engagement politique. Le 13 ao\u00fbt 2012, il lance le Mouvement pour la renaissance du Cameroun (MRC) qui regroupe plusieurs organisations de la soci\u00e9t\u00e9 civile, partis et personnalit\u00e9s.&nbsp;<\/p>\n\n\n\n<p>S&rsquo;il plaide pour un \u00ab\u00a0<em>tournant d\u00e9cisif<\/em>\u00a0\u00bb pour le Cameroun et parle de \u00ab\u00a0<em>d\u00e9liquescence<\/em>\u00a0\u00bb de son pays, il s&rsquo;inscrit dans une d\u00e9marche pacifique. \u00ab\u00a0<em>Notre conviction \u00e9tant qu&rsquo;un changement de r\u00e9gime ne s&rsquo;op\u00e8re pas n\u00e9cessairement dans la violence<\/em>\u00ab\u00a0,\u00a0d\u00e9clarait-il \u00e0\u00a0<em>Jeune Afrique<\/em>\u00a0en 2012.\u00a0<\/p>\n\n\n\n<p>Cet ancien agr\u00e9g\u00e9 des facult\u00e9s de Droit et doyen de la facult\u00e9 de Droit de Yaound\u00e9 est notamment connu pour avoir n\u00e9goci\u00e9 avec succ\u00e8s&nbsp;le contentieux territorial avec le Nigeria de la presqu&rsquo;\u00eele de Bakassi en 2002. Le Cameroun r\u00e9clamait&nbsp;sa souverainet\u00e9 sur cette zone mar\u00e9cageuse de 1000 km2 qui d\u00e9limite la fronti\u00e8re maritime dans une zone riche en poisson et en p\u00e9trole offshore.<\/p>\n\n\n\n<p>Avec sa \u00ab\u00a0<em>caravane de la Renaissance<\/em>\u00a0\u00bb et ses partisans, il parcourt le pays \u00e0 partir de 2015 et ce pendant plusieurs ann\u00e9es. Une initiative lanc\u00e9e&nbsp;apr\u00e8s avoir fait le constat suivant: Paul Biya est au pouvoir depuis pr\u00e8s de 30 ans, beaucoup de Camerounais sont \u00e9loign\u00e9s du d\u00e9bat politique et pour la pr\u00e9sidentielle de 2011, seulement 4,9 millions d&rsquo;entre eux ont vot\u00e9, sur un total de 22 millions d\u2019habitants.&nbsp;<\/p>\n\n\n\n<p>Aussi, les relations avec les r\u00e9gions anglophones sont au plus mal. L&rsquo;arm\u00e9e est d\u00e9ploy\u00e9e dans les deux r\u00e9gions du Nord-Ouest et du Sud-Ouest, o\u00f9 des s\u00e9paratistes arm\u00e9s r\u00e9clament l&rsquo;ind\u00e9pendance. Des soldats sont aussi pr\u00e9sents \u00e0 l&rsquo;extr\u00eame-Nord, o\u00f9 elle combat les djihadistes de Boko Haram qui constituent une r\u00e9elle menace s\u00e9curitaire sur le territoire.<\/p>\n\n\n\n<h3 class=\"wp-block-heading\">\u00ab\u00a0<em>Yaound\u00e9 a franchi un nouveau cap dans la restriction des libert\u00e9s publiques\u00a0\u00bb<\/em><\/h3>\n\n\n\n<p>Malgr\u00e9 une coalition de derni\u00e8re minute entre Maurice Kamto et le candidat&nbsp;Akere Muna, Paul Biya remporte l&rsquo;\u00e9lection pr\u00e9sidentielle de 2018 largement avec 71,28%. Des irr\u00e9gularit\u00e9s sont notifi\u00e9es&nbsp;pendant le scrutin, notamment&nbsp;la pr\u00e9sence&nbsp;de \u00ab\u00a0<em>faux<\/em>\u00a0\u00bb observateurs \u00e9lectoraux, ce qui pousse Maurice Kamto a demand\u00e9 l&rsquo;annulation du vote dans sept<em>&nbsp;<\/em>des dix r\u00e9gions du&nbsp;pays.<\/p>\n\n\n\n<p>Dans une vid\u00e9o post\u00e9e sur les r\u00e9seaux sociaux, il appelle \u00ab\u00a0<em>la communaut\u00e9 internationale \u00e0 prendre ses responsabilit\u00e9s pour que la volont\u00e9 du peuple camerounais souverain (&#8230;) soit restitu\u00e9e conform\u00e9ment \u00e0 la volont\u00e9 des urnes<\/em>\u00ab\u00a0. Sa demande est rejet\u00e9e par tous les membres du Conseil constitutionnel \u00ab\u00a0\u00e0 l&rsquo;unanimit\u00e9\u00a0\u00bb mais la contestation du MRC de la rue ne faiblira pas.<\/p>\n\n\n\n<p>Le parti d&rsquo;opposition organise des marches blanches pacifiques en contestation au r\u00e9sultat, m\u00eame si celles-ci sont interdites par les autorit\u00e9s. Maurice Kamto ainsi que 145 autres militants sont interpell\u00e9s pour \u00ab\u00a0<em>incitation \u00e0 l\u2019insurrection<\/em>\u00ab\u00a0.<\/p>\n\n\n\n<p>\u00ab\u00a0<em>Yaound\u00e9 a franchi un nouveau cap dans la restriction des libert\u00e9s publiques et semble dor\u00e9navant r\u00e9agir essentiellement par \u00e0-coups et instinct de survie. M\u00eame pour un pouvoir structurellement autoritaire comme celui-l\u00e0, jamais sur les dix derni\u00e8res ann\u00e9es le principal leader de l&rsquo;opposition n&rsquo;a \u00e9t\u00e9 arr\u00eat\u00e9 avec toute son \u00e9quipe et autant de militants, sans que le pouvoir ait entre ses mains des arguments juridiques valables,<\/em>\u00a0\u00bb analysait&nbsp;Hans de Marie Heungoup, du centre de r\u00e9flexion International Crisis Group (ICG) \u00e0 l&rsquo;\u00e9poque.<\/p>\n\n\n\n<p>Maurice Kamto restera huit mois en prison. Il retrouvera sa libert\u00e9 quelques mois avant les \u00e9lections municipales et l\u00e9gislatives de f\u00e9vrier 2020. Avec son parti, il d\u00e9cide de les boycotter. \u00ab\u00a0<em>Le MRC appelle les Camerounais \u00e0 ne pas aller voter et \u00e0 rester chez eux le 9 f\u00e9vrier 2020 afin de ne pas cautionner les \u00e9lections qui ne ram\u00e8neront pas la paix dans notre pays\u00a0\u00bb<\/em>, d\u00e9clare-t-il.<\/p>\n\n\n\n<p><a href=\"https:\/\/information.tv5monde.com\/afrique\/video\/cameroun-plethore-de-candidatures-pour-la-presidentielle-doctobre-2785930\"><strong>Voir aussi : Cameroun : pl\u00e9thore de candidatures pour la pr\u00e9sidentielle d&rsquo;octobre<\/strong><\/a><\/p>\n\n\n\n<p>Un pari risqu\u00e9 sachant que le code \u00e9lectoral qui exige des partis souhaitant participer \u00e0 l&rsquo;\u00e9lection pr\u00e9sidentielle de disposer d&rsquo;\u00e9lus au parlement ou dans les conseils municipaux. Maurice Kamto sera tout de m\u00eame r\u00e9\u00e9lu \u00e0 la t\u00eate de son parti le&nbsp;Mouvement pour la renaissance du Cameroun en 2023, mais le parti ne b\u00e9n\u00e9ficie plus de la m\u00eame unit\u00e9 qu&rsquo;auparavant.&nbsp;<\/p>\n\n\n\n<p>Des rumeurs de contestation en interne se r\u00e9pandent.&nbsp;Tant et si bien que Maurice Kamto d\u00e9cide le 18 juillet 2025 de quitter le MRC et de d\u00e9poser sa candidature \u00e0 la pr\u00e9sidentielle sous la banni\u00e8re du Mouvement Africain pour la Nouvelle Ind\u00e9pendance et la D\u00e9mocratie (Manidem), un parti d&rsquo;opposition \u00e0 la fibre panafricaniste fond\u00e9 dans les ann\u00e9es 1990. Un coup politique qui ne garantit en rien une reproduction du sc\u00e9nario de 2018 pour l&rsquo;opposant.&nbsp;<video preload=\"auto\" src=\"https:\/\/vodinfo.tv5monde.com\/videos\/1d\/6478176.mp4\"><\/video>Lire la vid\u00e9o<\/p>\n\n\n\n<p>Le 21 juillet, pr\u00e8s de 80 candidatures ont \u00e9t\u00e9 enregistr\u00e9es pour la pr\u00e9sidentielle qui aura lieu en octobre prochain. Parmi eux, le pr\u00e9sident sortant Paul Biya pour un huiti\u00e8me mandat cons\u00e9cutif mais aussi&nbsp;Joshua Osih(SDF), Cabral Libii (PCRN), Bello Bouba (UNDP), Toma\u00efno Ndam Njoya, (UDC) ou encore L\u00e9on Tyler Onana, militant du parti pr\u00e9sidentiel.<\/p>\n","protected":false},"excerpt":{"rendered":"<p>Maurice Kamto a d\u00e9pos\u00e9, ce dimanche&nbsp;20 juillet, sa candidature \u00e0 la pr\u00e9sidentielle au Cameroun qui doit se d\u00e9rouler en octobre<\/p>\n","protected":false},"author":1,"featured_media":60377,"comment_status":"open","ping_status":"open","sticky":false,"template":"","format":"standard","meta":{"footnotes":""},"categories":[6],"tags":[],"class_list":["post-60376","post","type-post","status-publish","format-standard","has-post-thumbnail","hentry","category-politics"],"_links":{"self":[{"href":"https:\/\/dekkbi.com\/index.php?rest_route=\/wp\/v2\/posts\/60376","targetHints":{"allow":["GET"]}}],"collection":[{"href":"https:\/\/dekkbi.com\/index.php?rest_route=\/wp\/v2\/posts"}],"about":[{"href":"https:\/\/dekkbi.com\/index.php?rest_route=\/wp\/v2\/types\/post"}],"author":[{"embeddable":true,"href":"https:\/\/dekkbi.com\/index.php?rest_route=\/wp\/v2\/users\/1"}],"replies":[{"embeddable":true,"href":"https:\/\/dekkbi.com\/index.php?rest_route=%2Fwp%2Fv2%2Fcomments&post=60376"}],"version-history":[{"count":1,"href":"https:\/\/dekkbi.com\/index.php?rest_route=\/wp\/v2\/posts\/60376\/revisions"}],"predecessor-version":[{"id":60378,"href":"https:\/\/dekkbi.com\/index.php?rest_route=\/wp\/v2\/posts\/60376\/revisions\/60378"}],"wp:featuredmedia":[{"embeddable":true,"href":"https:\/\/dekkbi.com\/index.php?rest_route=\/wp\/v2\/media\/60377"}],"wp:attachment":[{"href":"https:\/\/dekkbi.com\/index.php?rest_route=%2Fwp%2Fv2%2Fmedia&parent=60376"}],"wp:term":[{"taxonomy":"category","embeddable":true,"href":"https:\/\/dekkbi.com\/index.php?rest_route=%2Fwp%2Fv2%2Fcategories&post=60376"},{"taxonomy":"post_tag","embeddable":true,"href":"https:\/\/dekkbi.com\/index.php?rest_route=%2Fwp%2Fv2%2Ftags&post=60376"}],"curies":[{"name":"wp","href":"https:\/\/api.w.org\/{rel}","templated":true}]}}