{"id":60339,"date":"2025-07-23T10:01:47","date_gmt":"2025-07-23T10:01:47","guid":{"rendered":"https:\/\/dekkbi.com\/?p=60339"},"modified":"2025-07-23T10:01:48","modified_gmt":"2025-07-23T10:01:48","slug":"semaine-climat-et-energie-la-question-de-la-transition-ecologique-au-menu-du-debat-climatique","status":"publish","type":"post","link":"https:\/\/dekkbi.com\/?p=60339","title":{"rendered":"Semaine Climat et \u00c9nergie : la question de la transition \u00e9cologique au menu du d\u00e9bat climatique"},"content":{"rendered":"\n<p>Les acteurs \u00e9tatiques se sont r\u00e9unis, ce lundi \u00e0 Dakar pour la c\u00e9r\u00e9monie de la Semaine Climat et \u00c9nergie en sa 4\u00e8me \u00e9dition qui s\u2019inscrit sous le th\u00e8me : \u00ab&nbsp; R\u00e9inventons nos territoires pour faire face \u00e0 l\u2019urgence climatique et dans une perspective de souverainet\u00e9 \u00e9conomique en Afrique. \u00bb<br>En effet, cette semaine qui se tiendra du 21 au 25 juillet 2025 met l\u2019accent sur l\u2019inclusion avec une programmation pens\u00e9e pour valoriser l\u2019engagement des femmes, des jeunes, des \u00e9lus locaux, des parlementaires et du secteur priv\u00e9.<br><br>Pr\u00e9sid\u00e9 par le Ministre de l\u2019Environnement et de la transition \u00e9cologique, Daouda Ngom s\u2019est f\u00e9licit\u00e9 de cette rencontre plac\u00e9e sous la r\u00e9invention de nos territoires pour faire face \u00e0 l\u2019urgence climatique dans une perspective de souverainet\u00e9 \u00e9conomique en Afrique. De son point de vue, il importe aujourd&rsquo;hui de r\u00e9inventer les territoires, de remobiliser les efforts pour faire face aux changements climatiques qui augmentent avec une fr\u00e9quence et une intensit\u00e9 qui fragilisent nos \u00e9tats et creusent les technologies. De ce fait, \u00ab r\u00e9inventer nos territoires n\u00e9cessitent d\u2019explorer dans ces localit\u00e9s les potentialit\u00e9s qui existent et de d\u00e9velopper des p\u00f4les de d\u00e9veloppement rural int\u00e9gr\u00e9s autour de secteur cl\u00e9s tels que l\u2019\u00e9levage, l\u2019artisanat, l&rsquo;agro forestier, l\u2019agro\u00e9cologie, la pisciculture. \u00bb&nbsp;<br>Pour lui, ils peuvent au moins valoriser le bassin de r\u00e9tention, la chasse, l&rsquo;\u00e9cotourisme, l\u2019\u00e9ducation environnementale entre autres. Ces p\u00f4les doivent tout de m\u00eame reposer sur des infrastructures permettant le d\u00e9senclavement des localit\u00e9s, le stockage, la transformation des produits agros sylvopastoraux, les unit\u00e9s solaires pour le stockage et la transformation.&nbsp;<br>Pour ce faire, il convient de promouvoir des entreprises locales qui ma\u00eetrisent leurs cha\u00eenes de valeurs \u00e0 haute potentialit\u00e9s de main-d&rsquo;\u0153uvre. Ceci, pour valoriser les pratiques de savoirs agricoles pour cr\u00e9er plus d\u2019emploi, lutter contre la pauvret\u00e9 et la d\u00e9claration des terres, l\u2019\u00e9migration et pr\u00e9server le patrimoine culturel, renforcer des capacit\u00e9s dans la valorisation des produits du territoire ou des terroirs de m\u00eame que l\u2019organisation autour des fili\u00e8res.<\/p>\n","protected":false},"excerpt":{"rendered":"<p>Les acteurs \u00e9tatiques se sont r\u00e9unis, ce lundi \u00e0 Dakar pour la c\u00e9r\u00e9monie de la Semaine Climat et \u00c9nergie en<\/p>\n","protected":false},"author":1,"featured_media":60340,"comment_status":"open","ping_status":"open","sticky":false,"template":"","format":"standard","meta":{"footnotes":""},"categories":[3],"tags":[],"class_list":["post-60339","post","type-post","status-publish","format-standard","has-post-thumbnail","hentry","category-event-more-news"],"_links":{"self":[{"href":"https:\/\/dekkbi.com\/index.php?rest_route=\/wp\/v2\/posts\/60339","targetHints":{"allow":["GET"]}}],"collection":[{"href":"https:\/\/dekkbi.com\/index.php?rest_route=\/wp\/v2\/posts"}],"about":[{"href":"https:\/\/dekkbi.com\/index.php?rest_route=\/wp\/v2\/types\/post"}],"author":[{"embeddable":true,"href":"https:\/\/dekkbi.com\/index.php?rest_route=\/wp\/v2\/users\/1"}],"replies":[{"embeddable":true,"href":"https:\/\/dekkbi.com\/index.php?rest_route=%2Fwp%2Fv2%2Fcomments&post=60339"}],"version-history":[{"count":1,"href":"https:\/\/dekkbi.com\/index.php?rest_route=\/wp\/v2\/posts\/60339\/revisions"}],"predecessor-version":[{"id":60341,"href":"https:\/\/dekkbi.com\/index.php?rest_route=\/wp\/v2\/posts\/60339\/revisions\/60341"}],"wp:featuredmedia":[{"embeddable":true,"href":"https:\/\/dekkbi.com\/index.php?rest_route=\/wp\/v2\/media\/60340"}],"wp:attachment":[{"href":"https:\/\/dekkbi.com\/index.php?rest_route=%2Fwp%2Fv2%2Fmedia&parent=60339"}],"wp:term":[{"taxonomy":"category","embeddable":true,"href":"https:\/\/dekkbi.com\/index.php?rest_route=%2Fwp%2Fv2%2Fcategories&post=60339"},{"taxonomy":"post_tag","embeddable":true,"href":"https:\/\/dekkbi.com\/index.php?rest_route=%2Fwp%2Fv2%2Ftags&post=60339"}],"curies":[{"name":"wp","href":"https:\/\/api.w.org\/{rel}","templated":true}]}}