{"id":6031,"date":"2023-01-09T11:40:35","date_gmt":"2023-01-09T11:40:35","guid":{"rendered":"https:\/\/dekkbi.com\/?p=6031"},"modified":"2023-01-09T12:19:44","modified_gmt":"2023-01-09T12:19:44","slug":"guerre-en-ukraine-une-nouvelle-vague-de-mobilisation-bientot-lancee-en-russie","status":"publish","type":"post","link":"https:\/\/dekkbi.com\/?p=6031","title":{"rendered":"Mobilisation:Une nouvelle vague bient\u00f4t lanc\u00e9e en Russie?"},"content":{"rendered":"\n<p><strong>Le renseignement militaire ukrainien affirme qu\u2019une nouvelle vague de mobilisation va \u00eatre lanc\u00e9e en Russie apr\u00e8s les f\u00eates du Nouvel An. Elle concernerait cette fois&nbsp;500&nbsp;000 personnes.&nbsp;Une information \u00e9videmment sujette \u00e0 caution.&nbsp;<\/strong><\/p>\n\n\n\n<p>Ce n\u2019est pas la premi\u00e8re fois que des sources ukrainiennes annoncent le retour de la mobilisation en Russie. Ces annonces sont m\u00eame quasi quotidiennes depuis le mois de d\u00e9cembre et soul\u00e8vent nombre de questions dans le pays. La premi\u00e8re vague de \u00ab&nbsp;mobilisation partielle&nbsp;\u00bb en septembre dernier avait provoqu\u00e9 un vent de panique, des centaines de milliers de&nbsp;<strong>jeunes Russes quittant le pays en catastrophe<\/strong>&nbsp;pour \u00e9chapper \u00e0 la conscription.<\/p>\n\n\n\n<p>Ces informations venues d\u2019Ukraine sont \u00e9videmment \u00e0 prendre avec pr\u00e9caution. Mais le fait est que le sujet est au c\u0153ur des conversations en Russie. Du c\u00f4t\u00e9 ultranationaliste, du camp de la \u00ab&nbsp;guerre \u00e0 outrance&nbsp;\u00bb, on la r\u00e9clame bruyamment&nbsp;: si, comme le r\u00e9p\u00e8te en boucle la propagande, la Russie est maintenant en guerre contre l\u2019Occident tout entier, alors elle doit se mobiliser totalement.<\/p>\n\n\n\n<p>D\u2019un point de vue militaire, la plupart des experts s\u2019accordent \u00e0 dire que sans un nouvel afflux&nbsp;de soldats, la Russie ne pourra pas reprendre l\u2019initiative. \u00ab&nbsp;<em>Si la guerre se poursuit en 2023, la mobilisation est in\u00e9vitable<\/em>&nbsp;\u00bb, \u00e9crivait par exemple fin d\u00e9cembre l\u2019historien militaire Igor Kourtoukov pour&nbsp;<strong>le site d\u2019information Meduza<\/strong>. \u00ab&nbsp;<em>Je pense que la mobilisation va se r\u00e9activer, mais se faire de fa\u00e7on dissimul\u00e9e<\/em>&nbsp;\u00bb, pr\u00e9dit le politologue Dimitri Kolezev. Une fa\u00e7on d\u2019\u00e9viter, cette fois, de faire fuir \u00e0 l\u2019\u00e9tranger tous les hommes mobilisables de Russie.<\/p>\n","protected":false},"excerpt":{"rendered":"<p>Le renseignement militaire ukrainien affirme qu\u2019une nouvelle vague de mobilisation va \u00eatre lanc\u00e9e en Russie apr\u00e8s les f\u00eates du Nouvel<\/p>\n","protected":false},"author":1,"featured_media":6032,"comment_status":"open","ping_status":"open","sticky":false,"template":"","format":"standard","meta":{"footnotes":""},"categories":[51],"tags":[],"class_list":["post-6031","post","type-post","status-publish","format-standard","has-post-thumbnail","hentry","category-general"],"_links":{"self":[{"href":"https:\/\/dekkbi.com\/index.php?rest_route=\/wp\/v2\/posts\/6031","targetHints":{"allow":["GET"]}}],"collection":[{"href":"https:\/\/dekkbi.com\/index.php?rest_route=\/wp\/v2\/posts"}],"about":[{"href":"https:\/\/dekkbi.com\/index.php?rest_route=\/wp\/v2\/types\/post"}],"author":[{"embeddable":true,"href":"https:\/\/dekkbi.com\/index.php?rest_route=\/wp\/v2\/users\/1"}],"replies":[{"embeddable":true,"href":"https:\/\/dekkbi.com\/index.php?rest_route=%2Fwp%2Fv2%2Fcomments&post=6031"}],"version-history":[{"count":6,"href":"https:\/\/dekkbi.com\/index.php?rest_route=\/wp\/v2\/posts\/6031\/revisions"}],"predecessor-version":[{"id":6058,"href":"https:\/\/dekkbi.com\/index.php?rest_route=\/wp\/v2\/posts\/6031\/revisions\/6058"}],"wp:featuredmedia":[{"embeddable":true,"href":"https:\/\/dekkbi.com\/index.php?rest_route=\/wp\/v2\/media\/6032"}],"wp:attachment":[{"href":"https:\/\/dekkbi.com\/index.php?rest_route=%2Fwp%2Fv2%2Fmedia&parent=6031"}],"wp:term":[{"taxonomy":"category","embeddable":true,"href":"https:\/\/dekkbi.com\/index.php?rest_route=%2Fwp%2Fv2%2Fcategories&post=6031"},{"taxonomy":"post_tag","embeddable":true,"href":"https:\/\/dekkbi.com\/index.php?rest_route=%2Fwp%2Fv2%2Ftags&post=6031"}],"curies":[{"name":"wp","href":"https:\/\/api.w.org\/{rel}","templated":true}]}}