{"id":60301,"date":"2025-07-23T08:58:49","date_gmt":"2025-07-23T08:58:49","guid":{"rendered":"https:\/\/dekkbi.com\/?p=60301"},"modified":"2025-07-23T08:58:52","modified_gmt":"2025-07-23T08:58:52","slug":"khaled-aref-ambassadeur-degypte-il-ny-a-pas-de-pays-aussi-proche-que-le-senegal-pour-recevoir-ce-beau-cadeau","status":"publish","type":"post","link":"https:\/\/dekkbi.com\/?p=60301","title":{"rendered":"Khaled Aref, ambassadeur d\u2019Egypte\u00a0:\u00ab Il n\u2019y a pas de pays aussi proche que le S\u00e9n\u00e9gal pour recevoir ce beau cadeau \u00bb"},"content":{"rendered":"\n<p><strong>Les relations diplomatiques\u00a0entre Le Caire et Dakar datent de plusieurs d\u00e9cennies. Pour l\u2019\u00c9gypte, il n\u2019y a pas de pays aussi proche que le S\u00e9n\u00e9gal pour qu\u2019elle lui offre la r\u00e9plique du sarcophage de Tout\u00e2nkhamon et de sa momie, symboles de l\u2019h\u00e9ritage pharaonique. C\u2019est du moins l\u2019avis de l\u2019ambassadeur d\u2019\u00c9gypte \u00e0 Dakar, Khaled Aref, dans un entretien accord\u00e9 au \u00ab\u2009Soleil \u00bb, en pr\u00e9lude \u00e0 la c\u00e9l\u00e9bration prochaine des 65 ans de relations diplomatiques entre les deux pays.<\/strong><\/p>\n\n\n\n<p><strong>Le S\u00e9n\u00e9gal et l\u2019\u00c9gypte vont c\u00e9l\u00e9brer cette ann\u00e9e leurs 65 ans de relations diplomatiques. Que retenez-vous de ces rapports historiques\u2009?<\/strong><\/p>\n\n\n\n<p>Les relations entre le S\u00e9n\u00e9gal et l\u2019\u00c9gypte remontent \u00e0 la date de l\u2019ind\u00e9pendance du S\u00e9n\u00e9gal. L\u2019\u00c9gypte a \u00e9t\u00e9 le premier pays africain \u00e0 reconna\u00eetre cette ind\u00e9pendance. Cela remonte \u00e0 l\u2019\u00e9poque de Gamal Abdel Nasser, qui entretenait des relations tr\u00e8s sp\u00e9ciales avec le pr\u00e9sident L\u00e9opold S\u00e9dar Senghor. D\u2019ailleurs, nous avons une universit\u00e9 \u00e0 Alexandrie qui porte son nom, l\u2019Universit\u00e9 Senghor. Cette ann\u00e9e est sp\u00e9ciale, car nous c\u00e9l\u00e9brons les 65 ann\u00e9es de relations entre nos deux pays. \u00c0 cette occasion, lors de la visite de notre ministre des Affaires \u00e9trang\u00e8res, nous offrirons au S\u00e9n\u00e9gal une r\u00e9plique du sarcophage et de la momie du pharaon Tout\u00e2nkhamon.<\/p>\n\n\n\n<p><strong>Que symbolise cette momie pour les relations entre les deux pays\u2009?<\/strong><\/p>\n\n\n\n<p>C\u2019est un t\u00e9moignage de l\u2019amiti\u00e9 et des relations sp\u00e9ciales que les deux pays entretiennent. D\u2019ailleurs, le S\u00e9n\u00e9gal est l\u2019un des rares pays \u00e0 disposer d\u2019un d\u00e9partement d\u2019\u00e9gyptologie, gr\u00e2ce aux id\u00e9es et aux travaux du professeur Cheikh Anta Diop. Pour nous, il n\u2019y a pas de pays aussi proche que le S\u00e9n\u00e9gal pour recevoir ce beau cadeau. Le S\u00e9n\u00e9gal est un tr\u00e8s beau pays, avec une riche histoire. Comme nous, \u00c9gyptiens, sommes profond\u00e9ment attach\u00e9s \u00e0 nos origines et \u00e0 notre terre, j\u2019ai observ\u00e9 que les S\u00e9n\u00e9galais sont \u00e9galement tr\u00e8s li\u00e9s \u00e0 leur pays. Je l\u2019ai vu avec l\u2019arriv\u00e9e au pouvoir du Pastef. Beaucoup de S\u00e9n\u00e9galais sont revenus de l\u2019\u00e9tranger, port\u00e9s par le d\u00e9sir de contribuer au d\u00e9veloppement de leur pays. Ils ont apport\u00e9 leur exp\u00e9rience au service de la nation. Ce patriotisme, nous le partageons aussi en \u00c9gypte. Les \u00c9gyptiens aiment leur pays, r\u00eavent de revenir apr\u00e8s des ann\u00e9es pass\u00e9es \u00e0 l\u2019\u00e9tranger. C\u2019est un point commun fort entre nos deux peuples.<\/p>\n\n\n\n<p><strong>Au-del\u00e0 de l\u2019histoire et de la civilisation, pouvez-vous \u00e9voquer les relations commerciales entre l\u2019\u00c9gypte et le S\u00e9n\u00e9gal\u2009?<\/strong><\/p>\n\n\n\n<p>Durant la visite de notre ministre, nous organiserons un forum d\u2019affaires \u00e9conomiques et commerciales. Nous visons \u00e0 doubler les \u00e9changes entre nos deux pays. Nous sommes optimistes quant au d\u00e9veloppement de ces relations. En parall\u00e8le, nous soutenons pleinement le d\u00e9veloppement du S\u00e9n\u00e9gal. Nous avancerons main dans la main avec ce pays fr\u00e8re. D\u2019ailleurs, \u00e0 l\u2019occasion de cette visite, nous proc\u00e9derons \u00e0 un soft-opening d\u2019une usine \u00e9gyptienne d\u2019\u00e9lectrom\u00e9nager \u00e0 Diamniadio, qui produira des appareils pour le march\u00e9 local. C\u2019est un signe fort de rapprochement. Des hommes d\u2019affaires \u00e9gyptiens viendront \u00e9galement explorer le march\u00e9 s\u00e9n\u00e9galais. Ce d\u00e9placement est aussi un pr\u00e9ambule au Forum \u00ab\u2009Invest in Senegal\u2009\u00bb pr\u00e9vu en octobre. Ils viennent \u00e9valuer les opportunit\u00e9s et d\u00e9finir ce qu\u2019ils pourront pr\u00e9senter lors de cet \u00e9v\u00e9nement.<\/p>\n\n\n\n<p><strong>Y aurait-il des entreprises \u00e9gyptiennes sp\u00e9cialis\u00e9es dans l\u2019Ia ou les technologies\u2009?<\/strong><\/p>\n\n\n\n<p>Oui, un repr\u00e9sentant du secteur des technologies de l\u2019information (It) fera le d\u00e9placement pour explorer les perspectives au S\u00e9n\u00e9gal. Une r\u00e9union est pr\u00e9vue le 25 juillet \u00e0 la Chambre de commerce et d\u2019industrie de Dakar, dans la matin\u00e9e. Tout le monde est invit\u00e9 \u00e0 venir \u00e9changer avec les d\u00e9l\u00e9gu\u00e9s \u00e9gyptiens. Dans l\u2019apr\u00e8s-midi, notre ministre pr\u00e9sidera la c\u00e9r\u00e9monie officielle de comm\u00e9moration des 65 ans de relations diplomatiques entre nos deux pays, aux c\u00f4t\u00e9s de Mme Yassine Fall, ministre s\u00e9n\u00e9galaise des Affaires \u00e9trang\u00e8res, et de Mme Khady Di\u00e8ne Gaye, ministre de la Culture, des Sports et de la Jeunesse. L\u2019\u00e9v\u00e9nement aura lieu au Mus\u00e9e des civilisations noires.<\/p>\n\n\n\n<p><strong>Quel est le volume actuel des \u00e9changes commerciaux entre le S\u00e9n\u00e9gal et l\u2019\u00c9gypte\u2009?<\/strong><\/p>\n\n\n\n<p>Pour les six premiers mois de cette ann\u00e9e, les \u00e9changes commerciaux ont avoisin\u00e9 les 51 millions de dollars. C\u2019est une tendance \u00e0 la hausse. Nous esp\u00e9rons atteindre les 100 millions de dollars d\u2019ici \u00e0 la fin de l\u2019ann\u00e9e, et doubler ce chiffre dans les prochaines ann\u00e9es. Mais au-del\u00e0 des \u00e9changes, ce sont les investissements qui comptent. Une grande entreprise \u00e9gyptienne, Orascom, active dans la construction, les t\u00e9l\u00e9communications, le tourisme, l\u2019industrie et la technologie, d\u00e9veloppe un projet d\u2019envergure au Lac Rose. Il s\u2019agit d\u2019un investissement d\u2019environ un milliard de dollars.<\/p>\n\n\n\n<p><strong>Combien d\u2019entreprises \u00e9gyptiennes sont actuellement pr\u00e9sentes au S\u00e9n\u00e9gal\u2009?<\/strong><\/p>\n\n\n\n<p>Actuellement, elles sont peu nombreuses, entre trois et quatre grandes entreprises. Mais nous esp\u00e9rons doubler ce chiffre dans les ann\u00e9es \u00e0 venir. Cette visite de haut niveau est justement une \u00e9tape cl\u00e9 pour explorer les opportunit\u00e9s du march\u00e9 s\u00e9n\u00e9galais.<\/p>\n\n\n\n<p><strong>Et concernant la communaut\u00e9 \u00e9gyptienne au S\u00e9n\u00e9gal\u2009?<\/strong><\/p>\n\n\n\n<p>Elle est tr\u00e8s r\u00e9duite, moins de 500 personnes. Cela s\u2019explique par la distance g\u00e9ographique. Mais le S\u00e9n\u00e9gal est proche de notre c\u0153ur. Nous esp\u00e9rons bient\u00f4t \u00e9tablir une liaison a\u00e9rienne directe entre les deux pays, pour renforcer les \u00e9changes humains et commerciaux. Nous avons aussi de nombreux \u00e9tudiants s\u00e9n\u00e9galais en \u00c9gypte, notamment \u00e0 Al-Azhar, qui font office de v\u00e9ritables ambassadeurs culturels. Et bien s\u00fbr, il y a Sadio Man\u00e9, qui est un mod\u00e8le pour les \u00c9gyptiens. Je dis toujours que c\u2019est un exemple parfait de l\u2019amour pour son pays, de la modestie, du don de soi. Il inspire beaucoup en \u00c9gypte, tout comme Mohamed Salah est appr\u00e9ci\u00e9 ici, au S\u00e9n\u00e9gal. Il y a une vraie r\u00e9ciprocit\u00e9 d\u2019admiration entre nos peuples.<\/p>\n\n\n\n<p><strong>Mariama DIEME<\/strong><\/p>\n\n\n\n<h3 class=\"wp-block-heading\"><a href=\"https:\/\/lesoleil.sn\/actualites\/economie\/vers-une-cooperation-sud-sud-renforcee-legypte-et-le-senegal-determines-a-avancer-ensemble\/\">Lire aussi: Vers une coop\u00e9ration sud-sud renforc\u00e9e&nbsp;: L\u2019\u00c9gypte et le S\u00e9n\u00e9gal d\u00e9termin\u00e9s \u00e0 avancer ensemble<\/a><\/h3>\n","protected":false},"excerpt":{"rendered":"<p>Les relations diplomatiques\u00a0entre Le Caire et Dakar datent de plusieurs d\u00e9cennies. Pour l\u2019\u00c9gypte, il n\u2019y a pas de pays aussi<\/p>\n","protected":false},"author":1,"featured_media":60302,"comment_status":"open","ping_status":"open","sticky":false,"template":"","format":"standard","meta":{"footnotes":""},"categories":[6],"tags":[],"class_list":["post-60301","post","type-post","status-publish","format-standard","has-post-thumbnail","hentry","category-politics"],"_links":{"self":[{"href":"https:\/\/dekkbi.com\/index.php?rest_route=\/wp\/v2\/posts\/60301","targetHints":{"allow":["GET"]}}],"collection":[{"href":"https:\/\/dekkbi.com\/index.php?rest_route=\/wp\/v2\/posts"}],"about":[{"href":"https:\/\/dekkbi.com\/index.php?rest_route=\/wp\/v2\/types\/post"}],"author":[{"embeddable":true,"href":"https:\/\/dekkbi.com\/index.php?rest_route=\/wp\/v2\/users\/1"}],"replies":[{"embeddable":true,"href":"https:\/\/dekkbi.com\/index.php?rest_route=%2Fwp%2Fv2%2Fcomments&post=60301"}],"version-history":[{"count":1,"href":"https:\/\/dekkbi.com\/index.php?rest_route=\/wp\/v2\/posts\/60301\/revisions"}],"predecessor-version":[{"id":60303,"href":"https:\/\/dekkbi.com\/index.php?rest_route=\/wp\/v2\/posts\/60301\/revisions\/60303"}],"wp:featuredmedia":[{"embeddable":true,"href":"https:\/\/dekkbi.com\/index.php?rest_route=\/wp\/v2\/media\/60302"}],"wp:attachment":[{"href":"https:\/\/dekkbi.com\/index.php?rest_route=%2Fwp%2Fv2%2Fmedia&parent=60301"}],"wp:term":[{"taxonomy":"category","embeddable":true,"href":"https:\/\/dekkbi.com\/index.php?rest_route=%2Fwp%2Fv2%2Fcategories&post=60301"},{"taxonomy":"post_tag","embeddable":true,"href":"https:\/\/dekkbi.com\/index.php?rest_route=%2Fwp%2Fv2%2Ftags&post=60301"}],"curies":[{"name":"wp","href":"https:\/\/api.w.org\/{rel}","templated":true}]}}