{"id":6028,"date":"2023-01-09T11:37:22","date_gmt":"2023-01-09T11:37:22","guid":{"rendered":"https:\/\/dekkbi.com\/?p=6028"},"modified":"2023-01-09T11:37:23","modified_gmt":"2023-01-09T11:37:23","slug":"au-bresil-une-tentative-dinsurrection-previsible","status":"publish","type":"post","link":"https:\/\/dekkbi.com\/?p=6028","title":{"rendered":"Au Br\u00e9sil, une tentative d&rsquo;insurrection pr\u00e9visible?"},"content":{"rendered":"\n<p><strong>Des milliers de partisans de l&rsquo;ancien pr\u00e9sident Jair Bolsonaro ont envahi le Congr\u00e8s, le palais pr\u00e9sidentiel et la Cour supr\u00eame \u00e0 Brasilia, dimanche 8 janvier, une semaine apr\u00e8s l&rsquo;investiture du pr\u00e9sident de gauche Lula. Les forces de s\u00e9curit\u00e9 ont sembl\u00e9\u00a0d\u00e9pass\u00e9es. Pourtant,\u00a0les signes annonciateurs \u00e9taient nombreux.\u00a0<\/strong><\/p>\n\n\n\n<p>Ce qui a surpris, c&rsquo;est la facilit\u00e9 avec laquelle les manifestants ont approch\u00e9 les b\u00e2timents officiels, alors qu\u2019on savait qu\u2019il y avait des tensions,&nbsp;que beaucoup de partisans de Jair Bolsonaro contestaient la victoire de Lula et&nbsp;cherchaient&nbsp;\u00e0 en d\u00e9coudre, rappelle&nbsp;<strong>Martin Bernard<\/strong>, notre correspondant au Br\u00e9sil. Les manifestants ont franchi un barrage de police, apparemment sans grande r\u00e9sistance, et&nbsp;<a href=\"https:\/\/www.rfi.fr\/fr\/am%C3%A9riques\/20230108-br%C3%A9sil-des-soutiens-de-bolsonaro-envahissent-le-congr%C3%A8s-le-palais-pr%C3%A9sidentiel-et-la-cour-supr%C3%AAme\"><strong>ils ont tout saccag\u00e9 dans leur sillage<\/strong><\/a>&nbsp;\u00e0 la pr\u00e9sidence, au Congr\u00e8s et \u00e0 la Cour supr\u00eame. Si les autorit\u00e9s semblaient d\u00e9pass\u00e9es, cela faisait pourtant des mois que les militants bolsonaristes \u00e9voquaient une action violente.&nbsp;D\u00e8s la victoire de Lula, des centaines de pro-Bolsonaro ont, en effet, commenc\u00e9 \u00e0 camper devant les QG de l\u2019arm\u00e9e pour r\u00e9clamer un coup d\u2019\u00c9tat.&nbsp;Fin d\u00e9cembre, la police avait d\u00e9jou\u00e9&nbsp;une tentative d\u2019attentat.<\/p>\n\n\n\n<h2 class=\"wp-block-heading\">\u00ab<em>&nbsp;Les diff\u00e9rents groupes se sont organis\u00e9s ces derniers mois&nbsp;<\/em>\u00bb<\/h2>\n\n\n\n<p>Brasilia, Sao Paulo, Rio, Belo Horizonte&#8230;&nbsp;Dans toutes les grandes villes, les Bolsonaristes campaient&nbsp;toujours jusqu&rsquo;\u00e0 vendredi,&nbsp;quand la police les a \u00e9vacu\u00e9s.&nbsp;Avant qu&rsquo;ils ne&nbsp;regagnent&nbsp;les lieux le&nbsp;lendemain.&nbsp;Des bus remplis de partisans de Bolsonaro&nbsp;n\u2019ont alors cess\u00e9 d&rsquo;arriver dimanche,&nbsp;tandis que sur les r\u00e9seaux sociaux, les appels \u00e0 la violence et \u00e0 l\u2019insurrection devenaient de plus en plus violents. Les m\u00e9dias et les \u00e9lus pro-Lula ont&nbsp;alors \u00e9t\u00e9 forc\u00e9s de tirer le signal d\u2019alarme.<\/p>\n\n\n\n<p>Pour&nbsp;Odilon Caldeira Neto, professeur d\u2019histoire de l\u2019universit\u00e9 f\u00e9d\u00e9rale de Juiz-de-Fora et coordinateur de l\u2019Observatoire&nbsp;de l\u2019extr\u00eame droite, \u00ab&nbsp;<em>c&rsquo;\u00e9tait pr\u00e9vu. Les diff\u00e9rents groupes se sont organis\u00e9s ces derniers mois, articul\u00e9s par Bolsonaro&nbsp;puis mobilis\u00e9s par certains militaires comme le g\u00e9n\u00e9ral Braga, le g\u00e9n\u00e9ral Augusto Heleno. Et ils ont eu le soutien financier de chefs d\u2019entreprise&nbsp;de secteurs financiers strat\u00e9giques pour le camp Bolsonaro, comme le secteur de l\u2019agron\u00e9goce. Par ailleurs, il faut souligner que certains secteurs de la police militaire, qui d\u00e9montraient d\u00e9j\u00e0 un certain degr\u00e9 de bolsonarisation au cours de ces derni\u00e8res ann\u00e9es, ont \u00e9t\u00e9 plus que laxistes face aux agitations antid\u00e9mocratiques<\/em>&nbsp;\u00bb, souligne-t-il.<\/p>\n\n\n\n<p>PUBLICIT\u00c9<\/p>\n","protected":false},"excerpt":{"rendered":"<p>Des milliers de partisans de l&rsquo;ancien pr\u00e9sident Jair Bolsonaro ont envahi le Congr\u00e8s, le palais pr\u00e9sidentiel et la Cour supr\u00eame<\/p>\n","protected":false},"author":1,"featured_media":6029,"comment_status":"open","ping_status":"open","sticky":false,"template":"","format":"standard","meta":{"footnotes":""},"categories":[26],"tags":[],"class_list":["post-6028","post","type-post","status-publish","format-standard","has-post-thumbnail","hentry","category-fait-divers"],"_links":{"self":[{"href":"https:\/\/dekkbi.com\/index.php?rest_route=\/wp\/v2\/posts\/6028","targetHints":{"allow":["GET"]}}],"collection":[{"href":"https:\/\/dekkbi.com\/index.php?rest_route=\/wp\/v2\/posts"}],"about":[{"href":"https:\/\/dekkbi.com\/index.php?rest_route=\/wp\/v2\/types\/post"}],"author":[{"embeddable":true,"href":"https:\/\/dekkbi.com\/index.php?rest_route=\/wp\/v2\/users\/1"}],"replies":[{"embeddable":true,"href":"https:\/\/dekkbi.com\/index.php?rest_route=%2Fwp%2Fv2%2Fcomments&post=6028"}],"version-history":[{"count":1,"href":"https:\/\/dekkbi.com\/index.php?rest_route=\/wp\/v2\/posts\/6028\/revisions"}],"predecessor-version":[{"id":6030,"href":"https:\/\/dekkbi.com\/index.php?rest_route=\/wp\/v2\/posts\/6028\/revisions\/6030"}],"wp:featuredmedia":[{"embeddable":true,"href":"https:\/\/dekkbi.com\/index.php?rest_route=\/wp\/v2\/media\/6029"}],"wp:attachment":[{"href":"https:\/\/dekkbi.com\/index.php?rest_route=%2Fwp%2Fv2%2Fmedia&parent=6028"}],"wp:term":[{"taxonomy":"category","embeddable":true,"href":"https:\/\/dekkbi.com\/index.php?rest_route=%2Fwp%2Fv2%2Fcategories&post=6028"},{"taxonomy":"post_tag","embeddable":true,"href":"https:\/\/dekkbi.com\/index.php?rest_route=%2Fwp%2Fv2%2Ftags&post=6028"}],"curies":[{"name":"wp","href":"https:\/\/api.w.org\/{rel}","templated":true}]}}