{"id":60263,"date":"2025-07-22T11:26:08","date_gmt":"2025-07-22T11:26:08","guid":{"rendered":"https:\/\/dekkbi.com\/?p=60263"},"modified":"2025-07-22T11:27:30","modified_gmt":"2025-07-22T11:27:30","slug":"les-prochains-pourparlers-entre-russes-et-ukrainiens-sont-prevus-ce-mercredi-selon-zelensky","status":"publish","type":"post","link":"https:\/\/dekkbi.com\/?p=60263","title":{"rendered":"Les prochains pourparlers entre Russes et Ukrainiens sont pr\u00e9vus ce mercredi, selon Volodymyr Zelensky"},"content":{"rendered":"\n<p>Le pr\u00e9sident ukrainien Volodymyr Zelensky a indiqu\u00e9 ce lundi 21 juillet que les prochains pourparlers de paix entre Moscou et Kiev \u00e9taient pr\u00e9vu ce mercredi. Le pr\u00e9sident am\u00e9ricain Donald Trump a donn\u00e9 50 jours au pr\u00e9sident russe pour n\u00e9gocier un accord sous peine de sanctions s\u00e9v\u00e8res.<\/p>\n\n\n\n<p>Combinaison de photos d&rsquo;archives &#8211; Le pr\u00e9sident Donald Trump \u00e0 gauche, le pr\u00e9sident ukrainien Volodymyr Zelensky au centre, et le pr\u00e9sident Vladimir Poutine \u00e0 droite. (AP Photo\/Aurelien Morissard, \u00e0 gauche et au centre, Pavel Bednyakov, \u00e0 droite)<\/p>\n\n\n\n<p><em>\u00ab\u00a0La r\u00e9union est pr\u00e9vue pour mercredi.\u00a0\u00bb<\/em>&nbsp;Dans son adresse quotidienne diffus\u00e9e sur les r\u00e9seaux sociaux ce lundi 21 juillet, le pr\u00e9sident ukrainien Volodymyr Zelensky a annonc\u00e9 la date de la tenue d&rsquo;une nouvelle rencontre avec la Russie.<em>&nbsp;\u00ab\u00a0J&rsquo;ai discut\u00e9 avec (le secr\u00e9taire du Conseil de s\u00e9curit\u00e9 ukrainien) Roustem Oumerov de la pr\u00e9paration d&rsquo;un \u00e9change et d&rsquo;une nouvelle r\u00e9union en Turquie avec la partie russe.\u00a0\u00bb<\/em><\/p>\n\n\n\n<p>Deux rencontres successives \u00e0 Istanbul entre d\u00e9l\u00e9gations russe et ukrainienne, organis\u00e9es sous la pression du pr\u00e9sident am\u00e9ricain Donald Trump, n&rsquo;ont gu\u00e8re apport\u00e9 d&rsquo;avanc\u00e9es sur un cessez-le-feu. Elles ont d\u00e9bouch\u00e9 sur des \u00e9changes de prisonniers et de corps de soldats tu\u00e9s.<\/p>\n\n\n\n<h2 class=\"wp-block-heading\">Une troisi\u00e8me rencontre pour aboutir \u00e0 un cessez-le-feu ?<\/h2>\n\n\n\n<p>Lors des derni\u00e8res n\u00e9gociations en juin, la Russie avait \u00e0 nouveau pr\u00e9sent\u00e9 des exigences maximales, incluant la cession par l&rsquo;Ukraine de quatre r\u00e9gions en plus de la Crim\u00e9e annex\u00e9e en 2014, ainsi que le renoncement \u00e0 toute aide militaire occidentale et \u00e0 une adh\u00e9sion \u00e0 l&rsquo;Otan.<\/p>\n\n\n\n<p>L&rsquo;Ukraine avait rejet\u00e9 ce qu&rsquo;elle avait qualifi\u00e9 d<em>&lsquo;\u00a0\u00bbultimatums\u00a0\u00bb,&nbsp;<\/em>et avait mis en doute la disposition de Moscou \u00e0 n\u00e9gocier un cessez-le-feu.<\/p>\n\n\n\n<p>Le Kremlin a cependant affirm\u00e9 lui aussi \u00eatre pr\u00eat \u00e0 poursuivre des n\u00e9gociations avec l&rsquo;Ukraine. Le pr\u00e9sident am\u00e9ricain Donald Trump lui a donn\u00e9 \u00ab\u00a0<em>50 jours<\/em>\u00a0\u00bb le 15 juillet dernier pour n\u00e9gocier un accord sous peine de sanctions s\u00e9v\u00e8res. Ce dernier avait notamment annonc\u00e9 la reprise de livraisons d&rsquo;armes \u00e0 Kiev.<\/p>\n\n\n\n<h2 class=\"wp-block-heading\"><strong>Les pressions de Donald Trump sur la Russie<\/strong><\/h2>\n\n\n\n<p>Le pr\u00e9sident ukrainien Volodymyr Zelensky avait salu\u00e9 cette annonce, se disant&nbsp;<em>\u00ab\u00a0reconnaissant<\/em>\u00a0\u00bb envers son homologue am\u00e9ricain \u00ab\u00a0<em>pour sa volont\u00e9 de soutenir la protection des vies<\/em>\u00a0\u00bb ukrainiennes.<\/p>\n\n\n\n<p>Donald Trump s&rsquo;\u00e9tait dit \u00ab\u00a0<em>d\u00e9\u00e7u<\/em>\u00a0\u00bb par le pr\u00e9sident russe Vladimir Poutine, \u00e0 l&rsquo;origine de l&rsquo;invasion de l&rsquo;Ukraine en f\u00e9vrier 2022. \u00ab\u00a0<em>Je pensais que nous aurions un accord il y a deux mois, mais \u00e7a ne semble pas se concr\u00e9tiser<\/em>\u00ab\u00a0, avait-t-il dit \u00e0 la Maison Blanche, au c\u00f4t\u00e9 du secr\u00e9taire g\u00e9n\u00e9ral de l&rsquo;Otan, Mark Rutte.<\/p>\n\n\n\n<p>\u00ab\u00a0<em>Par cons\u00e9quent, nous allons mettre en place des droits de douane secondaires<\/em>\u00ab\u00a0, c&rsquo;est-\u00e0-dire contre les alli\u00e9s de Moscou. Avant d&rsquo;ajouter : \u00ab\u00a0N<em>ous n&rsquo;avons pas un accord d&rsquo;ici 50 jours, c&rsquo;est tr\u00e8s simple, (les droits de douane) seront \u00e0 100% et c&rsquo;est comme \u00e7a.\u00a0\u00bb<\/em><\/p>\n","protected":false},"excerpt":{"rendered":"<p>Le pr\u00e9sident ukrainien Volodymyr Zelensky a indiqu\u00e9 ce lundi 21 juillet que les prochains pourparlers de paix entre Moscou et<\/p>\n","protected":false},"author":1,"featured_media":60264,"comment_status":"open","ping_status":"open","sticky":false,"template":"","format":"standard","meta":{"footnotes":""},"categories":[51],"tags":[],"class_list":["post-60263","post","type-post","status-publish","format-standard","has-post-thumbnail","hentry","category-general"],"_links":{"self":[{"href":"https:\/\/dekkbi.com\/index.php?rest_route=\/wp\/v2\/posts\/60263","targetHints":{"allow":["GET"]}}],"collection":[{"href":"https:\/\/dekkbi.com\/index.php?rest_route=\/wp\/v2\/posts"}],"about":[{"href":"https:\/\/dekkbi.com\/index.php?rest_route=\/wp\/v2\/types\/post"}],"author":[{"embeddable":true,"href":"https:\/\/dekkbi.com\/index.php?rest_route=\/wp\/v2\/users\/1"}],"replies":[{"embeddable":true,"href":"https:\/\/dekkbi.com\/index.php?rest_route=%2Fwp%2Fv2%2Fcomments&post=60263"}],"version-history":[{"count":2,"href":"https:\/\/dekkbi.com\/index.php?rest_route=\/wp\/v2\/posts\/60263\/revisions"}],"predecessor-version":[{"id":60266,"href":"https:\/\/dekkbi.com\/index.php?rest_route=\/wp\/v2\/posts\/60263\/revisions\/60266"}],"wp:featuredmedia":[{"embeddable":true,"href":"https:\/\/dekkbi.com\/index.php?rest_route=\/wp\/v2\/media\/60264"}],"wp:attachment":[{"href":"https:\/\/dekkbi.com\/index.php?rest_route=%2Fwp%2Fv2%2Fmedia&parent=60263"}],"wp:term":[{"taxonomy":"category","embeddable":true,"href":"https:\/\/dekkbi.com\/index.php?rest_route=%2Fwp%2Fv2%2Fcategories&post=60263"},{"taxonomy":"post_tag","embeddable":true,"href":"https:\/\/dekkbi.com\/index.php?rest_route=%2Fwp%2Fv2%2Ftags&post=60263"}],"curies":[{"name":"wp","href":"https:\/\/api.w.org\/{rel}","templated":true}]}}