{"id":60257,"date":"2025-07-22T10:51:17","date_gmt":"2025-07-22T10:51:17","guid":{"rendered":"https:\/\/dekkbi.com\/?p=60257"},"modified":"2025-07-22T11:28:05","modified_gmt":"2025-07-22T11:28:05","slug":"israel-pourquoi-les-ultraorthodoxes-refusent-toujours-le-service-militaire-apres-deux-ans-de-guerre-a-gaza","status":"publish","type":"post","link":"https:\/\/dekkbi.com\/?p=60257","title":{"rendered":"Isra\u00ebl: pourquoi les ultraorthodoxes refusent toujours le service militaire"},"content":{"rendered":"\n<p>C\u2019est un d\u00e9bat extr\u00eamement vif en Isra\u00ebl, d&rsquo;autant plus dans le contexte de la guerre \u00e0 Gaza. Comment envoyer massivement les \u00e9tudiants en religion juive, les \u00ab&nbsp;haredim&nbsp;\u00bb, au front. G\u00e9n\u00e9ralement, ils consacrent leur vie \u00e0 l&rsquo;\u00e9tude de la Torah et du Talmud, les exemptant pendant des d\u00e9cennies du service militaire obligatoire. Depuis juin 2023, le r\u00e9gime de d\u00e9rogation a expir\u00e9 et ils ont obligation de s\u2019engager sous les drapeaux. Mais les membres de la communaut\u00e9 tardent \u00e0 r\u00e9pondre \u00e0 l\u2019appel.<\/p>\n\n\n\n<p><strong>Par : Aabla Jouna\u00efdi, <em>envoy\u00e9e RFI \u00e0 J\u00e9rusalem,<\/em><\/strong><\/p>\n\n\n\n<p>Les haredim (\u00ab\u00a0<em>ceux qui craignent Dieu\u00a0<\/em>\u00bb, en h\u00e9breu) tardent \u00e0 r\u00e9pondre \u00e0 l\u2019appel des drapeaux. Depuis que\u00a0<strong>la Cour supr\u00eame a ordonn\u00e9 leur enr\u00f4lement l\u2019an dernier<\/strong>, 24 000 d\u2019entre eux auraient re\u00e7u une convocation par l\u2019arm\u00e9e\u00a0; l\u2019immense majorit\u00e9 n\u2019a pas donn\u00e9 suite.<\/p>\n\n\n\n<p>\u00ab\u00a0<em>Oui, j\u2019ai re\u00e7u ma convocation. Mais je continuerai \u00e0 \u00e9tudier. Je n\u2019envisage de partir pour rien au monde\u00a0<\/em>\u00bb, tranche ce jeune \u00e9tudiant de 20 ans,\u00a0rencontr\u00e9 \u00e0 l\u2019entr\u00e9e d\u2019une yeshiva (une \u00e9cole\u00a0religieuse) \u00e0 Jerusalem. \u00ab\u00a0Nous\u00a0<em>sommes guid\u00e9s par la colonne de feu de la Torah, celui qui est reli\u00e9 \u00e0 cette chose immense et divine, tout \u00e7a ne le concerne pas\u00a0\u00bb,\u00a0<\/em>poursuit le jeune-homme. Bien que hors-la-loi donc, la plupart des haredim estiment qu\u2019ils servent\u00a0<strong>Isra\u00ebl<\/strong>\u00a0par leurs pri\u00e8res.<\/p>\n\n\n\n<p>Mais ce discours passe de moins en moins dans l\u2019opinion, surtout depuis le 7 octobre 2023. Shlomit Ravitsky Tur-Paz est chercheuse \u00e0 l\u2019institut isra\u00e9lien pour la d\u00e9mocratie, un centre de r\u00e9flexion progressiste. Son propre fils entrait dans l\u2019arm\u00e9e le jour o\u00f9 RFI la rencontre dans ses bureaux de J\u00e9rusalem&nbsp;: \u00ab&nbsp;<em>L\u2019appel aux r\u00e9servistes est \u00e9norme. Avant, on \u00e9tait mobilis\u00e9 un mois par an, et cela ne concernait pas tout le monde. Maintenant, c\u2019est une population plus large, enr\u00f4l\u00e9e parfois jusqu\u2019\u00e0 300<\/em>&nbsp;<em>jours par an<\/em>, explique la responsable du programme religion et \u00c9tat de l\u2019Institut.&nbsp;<em>Tout s\u2019effondre. Les gens, leurs familles, leurs entreprises, ne tiennent tout simplement plus le coup. On a donc absolument besoin de plus de soldats&nbsp;<\/em>\u00bb, tranche la chercheuse.<\/p>\n\n\n\n<h2 class=\"wp-block-heading\">Les Haredim, 40&nbsp;% de la population en 2025<\/h2>\n\n\n\n<p>L\u2019arm\u00e9e le reconna\u00eet. Les haredim formeront\u00a0plus de 40\u00a0% de la population en 2050. C\u2019est un mod\u00e8le insoutenable depuis\u00a0<strong>la guerre \u00e0 Gaza<\/strong>. Une loi en pr\u00e9paration \u00e0 la Knesset devait r\u00e9pondre aux nouveaux d\u00e9fis. Mais la semaine derni\u00e8re, deux des principaux partis haredim ont quitt\u00e9 le gouvernement et la coalition form\u00e9e avec le parti du Premier ministre\u00a0<strong>Benyamin Netanyahu<\/strong>, le Likoud. M\u00e9contents que le texte pr\u00e9par\u00e9 par un membre du Parti au pouvoir ne les exon\u00e8re pas de l\u2019arm\u00e9e.<\/p>\n\n\n\n<p>L\u2019opposition, elle, en a profit\u00e9 pour fustiger l\u2019alliance au pouvoir. Les ultraorthodoxes ont soutenu Netanyahou dans sa tr\u00e8s controvers\u00e9e r\u00e9forme judiciaire l\u2019an dernier contre la promesse d\u2019une loi prot\u00e9geant les haredim de la conscription, d\u00e9nonce le camp lib\u00e9ral.&nbsp;<\/p>\n\n\n\n<p>Pourtant, tous les ultra-orthodoxes ne sont pas hostiles au service militaire. Rien qu\u2019en 2024, on estime de 600 \u00e0 800 ceux qui auraient \u00e9t\u00e9 recrut\u00e9s, dans des unit\u00e9s adapt\u00e9es \u00e0 leur mode de vie strict. Preuve que certains veulent prendre part \u00e0 la guerre qu\u2019ils soutiennent politiquement. Par exemple, pour la premi\u00e8re fois ce mois-ci, une unit\u00e9 de combat haredi dont les membres se sont enr\u00f4l\u00e9s l\u2019an dernier a \u00e9t\u00e9 d\u00e9ploy\u00e9e dans un secteur op\u00e9rationnel de la police des fronti\u00e8res, tr\u00e8s loin n\u00e9anmoins du front actif.<\/p>\n\n\n\n<p>Mais il faut accompagner tous ceux qui souhaitent s\u2019enr\u00f4ler, souvent contre l\u2019avis de leur communaut\u00e9, plaide Yossi Klar. Le jeune homme est bien plac\u00e9 pour en parler, lui-m\u00eame est issu de cette communaut\u00e9. \u00c0 la t\u00eate de son ONG \u00ab&nbsp;l\u2019Appel du drapeau&nbsp;\u00bb il conseille, soutient les haredim qui ont envie de s\u2019engager.&nbsp;\u00ab<em>&nbsp;La plupart des haredim qui veulent entrer dans l&rsquo;arm\u00e9e ne cherchent pas \u00e0 int\u00e9grer les parcours con\u00e7us sp\u00e9cialement pour&nbsp;<\/em>eux&nbsp;\u00bb, estime l\u2019ancien soldat. Parmi les jeunes qui viennent le voir,&nbsp;des femmes ultraorthodoxes, des personnes qui ont&nbsp;quitt\u00e9 leur communaut\u00e9.<em>&nbsp;<\/em>\u00ab&nbsp;<em>On ne cherche pas \u00e0 r\u00e9gler le probl\u00e8me des haredim dans l&rsquo;arm\u00e9e. Le changement doit venir&nbsp;de la communaut\u00e9 elle-m\u00eame. On est l\u00e0 pour ceux qui d\u00e9cident de rejoindre les rangs<\/em>&nbsp;\u00bb, d\u00e9fend Yossi Klar.&nbsp;<\/p>\n\n\n\n<p>Certaines voix poussent pour priver la communaut\u00e9 d\u2019une partie des avantages sociaux accumul\u00e9s au fil des ans pour l\u2019inciter \u00e0 rejoindre massivement l\u2019arm\u00e9e. Pour l\u2019heure, les dirigeants, forts de leur influence accumul\u00e9e, bloquent toute r\u00e9forme. Le d\u00e9put\u00e9 du Likoud qui portait le texte de loi cens\u00e9e encadrer leur enr\u00f4lement est sur la sellette.<\/p>\n","protected":false},"excerpt":{"rendered":"<p>C\u2019est un d\u00e9bat extr\u00eamement vif en Isra\u00ebl, d&rsquo;autant plus dans le contexte de la guerre \u00e0 Gaza. Comment envoyer massivement<\/p>\n","protected":false},"author":1,"featured_media":60258,"comment_status":"open","ping_status":"open","sticky":false,"template":"","format":"standard","meta":{"footnotes":""},"categories":[51],"tags":[],"class_list":["post-60257","post","type-post","status-publish","format-standard","has-post-thumbnail","hentry","category-general"],"_links":{"self":[{"href":"https:\/\/dekkbi.com\/index.php?rest_route=\/wp\/v2\/posts\/60257","targetHints":{"allow":["GET"]}}],"collection":[{"href":"https:\/\/dekkbi.com\/index.php?rest_route=\/wp\/v2\/posts"}],"about":[{"href":"https:\/\/dekkbi.com\/index.php?rest_route=\/wp\/v2\/types\/post"}],"author":[{"embeddable":true,"href":"https:\/\/dekkbi.com\/index.php?rest_route=\/wp\/v2\/users\/1"}],"replies":[{"embeddable":true,"href":"https:\/\/dekkbi.com\/index.php?rest_route=%2Fwp%2Fv2%2Fcomments&post=60257"}],"version-history":[{"count":2,"href":"https:\/\/dekkbi.com\/index.php?rest_route=\/wp\/v2\/posts\/60257\/revisions"}],"predecessor-version":[{"id":60267,"href":"https:\/\/dekkbi.com\/index.php?rest_route=\/wp\/v2\/posts\/60257\/revisions\/60267"}],"wp:featuredmedia":[{"embeddable":true,"href":"https:\/\/dekkbi.com\/index.php?rest_route=\/wp\/v2\/media\/60258"}],"wp:attachment":[{"href":"https:\/\/dekkbi.com\/index.php?rest_route=%2Fwp%2Fv2%2Fmedia&parent=60257"}],"wp:term":[{"taxonomy":"category","embeddable":true,"href":"https:\/\/dekkbi.com\/index.php?rest_route=%2Fwp%2Fv2%2Fcategories&post=60257"},{"taxonomy":"post_tag","embeddable":true,"href":"https:\/\/dekkbi.com\/index.php?rest_route=%2Fwp%2Fv2%2Ftags&post=60257"}],"curies":[{"name":"wp","href":"https:\/\/api.w.org\/{rel}","templated":true}]}}