{"id":60251,"date":"2025-07-22T10:38:11","date_gmt":"2025-07-22T10:38:11","guid":{"rendered":"https:\/\/dekkbi.com\/?p=60251"},"modified":"2025-07-22T10:39:03","modified_gmt":"2025-07-22T10:39:03","slug":"france-telecom-choix-du-dg-entraves-internes-les-assurances-de-sonko-aux-travailleurs-de-sonatel","status":"publish","type":"post","link":"https:\/\/dekkbi.com\/?p=60251","title":{"rendered":"France Telecom, choix du Dg, entraves internes\u2026: Les assurances de Sonko aux travailleurs de Sonatel"},"content":{"rendered":"\n<p>Le premier ministre Ousmane Sonko a re\u00e7u, ce lundi, les responsables des travailleurs de Sonatel. Au menu : un \u00e9change approfondi sur les principaux enjeux strat\u00e9giques auxquels est confront\u00e9e cette &nbsp;entreprise embl\u00e9matique du S\u00e9n\u00e9gal.<\/p>\n\n\n\n<p>Les responsables de l\u2019intersyndicale des travailleurs de Sonatel, ont rencontr\u00e9, ce lundi, le chef du gouvernement. Lors de leurs \u00e9changes \u00e0 la primature, ils ont \u00e9voqu\u00e9 ce qu\u2019ils appellent les \u00abentraves internes \u00e0 la croissance externe de l\u2019entreprise\u00bb.<br><br>Aussi, durant les discussions, la probl\u00e9matique de \u00abla composition d\u00e9s\u00e9quilibr\u00e9e du Conseil d\u2019administration, ne refl\u00e9tant pas la r\u00e9partition de l\u2019actionnariat\u00bb.<br><br>Fut aussi au c\u0153ur des \u00e9changes, la question de \u00abl\u2019influence notable du partenaire strat\u00e9gique minoritaire dans la gouvernance, notamment en lien avec la transparence des proc\u00e9dures de nomination du Directeur G\u00e9n\u00e9ral\u00bb.<br><br>Ils ont dit \u00e0 Sonko, leurs pr\u00e9occupations relatives \u00e0 l\u2019unit\u00e9 et \u00e0 la coh\u00e9sion au sein de l\u2019entreprise, \u00e0 certaines clauses qu\u2019ils jugent \u00abd\u00e9savantageuses dans les conventions liant l\u2019entreprise \u00e0 son partenaire\u00bb, ainsi que le retard dans le transfert effectif des comp\u00e9tences convenues.<br><br>Sur ces questions, le premier ministre Ousmane Sonko a t\u00e9moign\u00e9 \u00e0 l\u2019intersyndicale, son engagement plein et entier \u00e0 leurs c\u00f4t\u00e9s. \u00abLa sauvegarde des int\u00e9r\u00eats strat\u00e9giques du S\u00e9n\u00e9gal, pilier indispensable de notre souverainet\u00e9 \u00e9conomique, demeure une priorit\u00e9 absolue et non n\u00e9gociable de mon gouvernement\u00bb, leur a-t-il dit.<\/p>\n\n\n\n<p><\/p>\n","protected":false},"excerpt":{"rendered":"<p>Le premier ministre Ousmane Sonko a re\u00e7u, ce lundi, les responsables des travailleurs de Sonatel. Au menu : un \u00e9change<\/p>\n","protected":false},"author":1,"featured_media":60252,"comment_status":"open","ping_status":"open","sticky":false,"template":"","format":"standard","meta":{"footnotes":""},"categories":[6],"tags":[],"class_list":["post-60251","post","type-post","status-publish","format-standard","has-post-thumbnail","hentry","category-politics"],"_links":{"self":[{"href":"https:\/\/dekkbi.com\/index.php?rest_route=\/wp\/v2\/posts\/60251","targetHints":{"allow":["GET"]}}],"collection":[{"href":"https:\/\/dekkbi.com\/index.php?rest_route=\/wp\/v2\/posts"}],"about":[{"href":"https:\/\/dekkbi.com\/index.php?rest_route=\/wp\/v2\/types\/post"}],"author":[{"embeddable":true,"href":"https:\/\/dekkbi.com\/index.php?rest_route=\/wp\/v2\/users\/1"}],"replies":[{"embeddable":true,"href":"https:\/\/dekkbi.com\/index.php?rest_route=%2Fwp%2Fv2%2Fcomments&post=60251"}],"version-history":[{"count":1,"href":"https:\/\/dekkbi.com\/index.php?rest_route=\/wp\/v2\/posts\/60251\/revisions"}],"predecessor-version":[{"id":60253,"href":"https:\/\/dekkbi.com\/index.php?rest_route=\/wp\/v2\/posts\/60251\/revisions\/60253"}],"wp:featuredmedia":[{"embeddable":true,"href":"https:\/\/dekkbi.com\/index.php?rest_route=\/wp\/v2\/media\/60252"}],"wp:attachment":[{"href":"https:\/\/dekkbi.com\/index.php?rest_route=%2Fwp%2Fv2%2Fmedia&parent=60251"}],"wp:term":[{"taxonomy":"category","embeddable":true,"href":"https:\/\/dekkbi.com\/index.php?rest_route=%2Fwp%2Fv2%2Fcategories&post=60251"},{"taxonomy":"post_tag","embeddable":true,"href":"https:\/\/dekkbi.com\/index.php?rest_route=%2Fwp%2Fv2%2Ftags&post=60251"}],"curies":[{"name":"wp","href":"https:\/\/api.w.org\/{rel}","templated":true}]}}