{"id":60206,"date":"2025-07-22T09:21:58","date_gmt":"2025-07-22T09:21:58","guid":{"rendered":"https:\/\/dekkbi.com\/?p=60206"},"modified":"2025-07-22T09:21:59","modified_gmt":"2025-07-22T09:21:59","slug":"greve-des-travailleurs-de-la-justice-le-garde-des-sceaux-ordonne-des-requisitions","status":"publish","type":"post","link":"https:\/\/dekkbi.com\/?p=60206","title":{"rendered":"Gr\u00e8ve des travailleurs de la justice : le garde des Sceaux ordonne des r\u00e9quisitions"},"content":{"rendered":"\n<p>Dakar, (APS) \u2013 Le ministre de la Justice, Ousmane Diagne, a demand\u00e9 aux chefs de juridictions et de parquets de r\u00e9quisitionner les greffiers et le personnel administratif n\u00e9cessaire en vue d\u2019assurer la continuit\u00e9 du service public de la Justice.<\/p>\n\n\n\n<p>Cette mesure fait suite \u00e0 plusieurs semaines de gr\u00e8ve du Syndicat des travailleurs de la justice (SYTJUST) et de l\u2019Union nationale des travailleurs de la justice (UNTJ), occasionnant des perturbations dans les tribunaux, avec notamment des renvois d\u2019audience.<\/p>\n\n\n\n<p>\u201cEn cette p\u00e9riode marqu\u00e9e par un mouvement de gr\u00e8ve affectant le fonctionnement normal des juridictions, il importe de prendre toutes les dispositions n\u00e9cessaires pour garantir, autant que possible, la continuit\u00e9 du service public de la Justice, qui constitue un pilier fondamental de l\u2019\u00c9tat de droit\u201d, \u00e9crit le garde des Sceaux dans une circulaire en date du 18 juillet.<\/p>\n\n\n\n<p>Aussi demande-t-il \u201cexpress\u00e9ment\u201d aux chefs de juridiction et de parquet, de se rapprocher, \u201csans d\u00e9lai\u201d, des autorit\u00e9s administratives d\u00e9concentr\u00e9es (gouverneurs et pr\u00e9fets) pour solliciter des r\u00e9quisitions visant les greffiers et le personnel administratif indispensables au fonctionnement minimal des juridictions plac\u00e9es sous (leur) autorit\u00e9\u201d.<\/p>\n\n\n\n<p>Ces r\u00e9quisitions, selon Ousmane Diagne, doivent \u00eatre \u201cstrictement encadr\u00e9es, proportionn\u00e9es et motiv\u00e9es par la n\u00e9cessit\u00e9 d\u2019assurer la r\u00e9ception et le traitement du courrier pr\u00e9sentant un caract\u00e8re urgent\u201d.<\/p>\n\n\n\n<p>Les agents r\u00e9quisitionn\u00e9s sont appel\u00e9s \u00e0 assurer \u201cle service des audiences\u201d et \u201cles droits des usagers du service public de la Justice\u201d.<\/p>\n\n\n\n<p>Le ministre invite les chefs de parquet et de juridiction \u00e0 veiller \u00e0 un \u201crespect scrupuleux\u201d des dispositions l\u00e9gales qui encadrent les r\u00e9quisitions de service en p\u00e9riode de gr\u00e8ve et \u00e0 \u201crendre compte r\u00e9guli\u00e8rement\u201d \u00e0 ses services.<\/p>\n\n\n\n<p>HK\/BK<\/p>\n","protected":false},"excerpt":{"rendered":"<p>Dakar, (APS) \u2013 Le ministre de la Justice, Ousmane Diagne, a demand\u00e9 aux chefs de juridictions et de parquets de<\/p>\n","protected":false},"author":1,"featured_media":37021,"comment_status":"open","ping_status":"open","sticky":false,"template":"","format":"standard","meta":{"footnotes":""},"categories":[21],"tags":[],"class_list":["post-60206","post","type-post","status-publish","format-standard","has-post-thumbnail","hentry","category-societe"],"_links":{"self":[{"href":"https:\/\/dekkbi.com\/index.php?rest_route=\/wp\/v2\/posts\/60206","targetHints":{"allow":["GET"]}}],"collection":[{"href":"https:\/\/dekkbi.com\/index.php?rest_route=\/wp\/v2\/posts"}],"about":[{"href":"https:\/\/dekkbi.com\/index.php?rest_route=\/wp\/v2\/types\/post"}],"author":[{"embeddable":true,"href":"https:\/\/dekkbi.com\/index.php?rest_route=\/wp\/v2\/users\/1"}],"replies":[{"embeddable":true,"href":"https:\/\/dekkbi.com\/index.php?rest_route=%2Fwp%2Fv2%2Fcomments&post=60206"}],"version-history":[{"count":1,"href":"https:\/\/dekkbi.com\/index.php?rest_route=\/wp\/v2\/posts\/60206\/revisions"}],"predecessor-version":[{"id":60207,"href":"https:\/\/dekkbi.com\/index.php?rest_route=\/wp\/v2\/posts\/60206\/revisions\/60207"}],"wp:featuredmedia":[{"embeddable":true,"href":"https:\/\/dekkbi.com\/index.php?rest_route=\/wp\/v2\/media\/37021"}],"wp:attachment":[{"href":"https:\/\/dekkbi.com\/index.php?rest_route=%2Fwp%2Fv2%2Fmedia&parent=60206"}],"wp:term":[{"taxonomy":"category","embeddable":true,"href":"https:\/\/dekkbi.com\/index.php?rest_route=%2Fwp%2Fv2%2Fcategories&post=60206"},{"taxonomy":"post_tag","embeddable":true,"href":"https:\/\/dekkbi.com\/index.php?rest_route=%2Fwp%2Fv2%2Ftags&post=60206"}],"curies":[{"name":"wp","href":"https:\/\/api.w.org\/{rel}","templated":true}]}}