{"id":60192,"date":"2025-07-21T13:21:41","date_gmt":"2025-07-21T13:21:41","guid":{"rendered":"https:\/\/dekkbi.com\/?p=60192"},"modified":"2025-07-21T13:21:41","modified_gmt":"2025-07-21T13:21:41","slug":"homme-fort-de-lest-de-la-libye-haftar-veut-simposer-comme-incontournable","status":"publish","type":"post","link":"https:\/\/dekkbi.com\/?p=60192","title":{"rendered":"Homme fort de l&rsquo;Est de la Libye, Haftar veut s&rsquo;imposer comme \u00ab\u00a0incontournable\u00a0\u00bb"},"content":{"rendered":"\n<p>\u00a9 2025 AFP &#8211; En refoulant la semaine derni\u00e8re des ministres europ\u00e9ens, l&rsquo;homme fort de l&rsquo;Est de la Libye, Khalifa Haftar, et son clan entendent faire passer un \u00ab\u00a0message clair\u00a0\u00bb selon des analystes: m\u00eame s&rsquo;ils ne sont pas officiellement reconnus par la communaut\u00e9 internationale, ils sont \u00ab\u00a0incontournables\u00a0\u00bb.<\/p>\n\n\n\n<p>Le 8 juillet, un commissaire europ\u00e9en et des ministres grec, italien et maltais effectuaient une visite en deux temps en Libye pour parler immigration irr\u00e9guli\u00e8re. D&rsquo;abord \u00e0 Tripoli, ensuite \u00e0 Benghazi.<\/p>\n\n\n\n<p>Car deux gouvernements rivaux se disputent le pouvoir en Libye, qui peine \u00e0 se stabiliser depuis la fin de la dictature de Mouammar Kadhafi en 2011: dans l&rsquo;Ouest, le gouvernement d&rsquo;unit\u00e9 nationale (GNU) d&rsquo;Abdelhamid Dbeibah, internationalement reconnu, \u00e0 l&rsquo;Est un gouvernement parall\u00e8le soutenu par le puissant mar\u00e9chal Haftar.<\/p>\n\n\n\n<p>Or une fois arriv\u00e9e \u00e0 Benghazi, la d\u00e9l\u00e9gation europ\u00e9enne est somm\u00e9e de repartir. Un communiqu\u00e9 fracassant du gouvernement parall\u00e8le d&rsquo;Oussama Hamad l&rsquo;accuse de \u00ab\u00a0violation flagrante des normes diplomatiques\u00a0\u00bb.<\/p>\n\n\n\n<p>A Bruxelles, la Commission europ\u00e9enne parle sobrement d&rsquo;un \u00ab\u00a0probl\u00e8me de protocole\u00a0\u00bb.<\/p>\n\n\n\n<p>Pour Tarek Megerisi, du Conseil europ\u00e9en pour les relations internationales (ECFR), l&rsquo;incident \u00e9tait clairement \u00ab\u00a0un geste calcul\u00e9\u00a0\u00bb au moment o\u00f9 des migrants, partis de Libye, affluent sur l&rsquo;\u00eele grecque de Cr\u00e8te.<\/p>\n\n\n\n<p>Le mar\u00e9chal tente \u00ab\u00a0d&rsquo;exploiter la crise migratoire (&#8230;) pour obtenir une reconnaissance de facto de son gouvernement\u00a0\u00bb par l&rsquo;Europe, et \u00ab\u00a0ainsi \u00e9largir les relations avec l&rsquo;Europe au-del\u00e0 d&rsquo;une simple interaction avec lui en tant que chef militaire local\u00a0\u00bb, affirme-t-il.<\/p>\n\n\n\n<h2 class=\"wp-block-heading\">\u00ab\u00a0Punir Ath\u00e8nes\u00a0\u00bb?<\/h2>\n\n\n\n<p>Complexe, la situation en Libye oblige les diplomates \u00e0 des contorsions.<\/p>\n\n\n\n<p>Les Europ\u00e9ens s&rsquo;affichent avec le gouvernement de Tripoli mais pas avec celui bas\u00e9 dans l&rsquo;Est. En revanche, ils discutent avec les forces arm\u00e9es libyennes (LNA) du mar\u00e9chal.<\/p>\n\n\n\n<p>Le 8 juillet, ils devaient s&rsquo;entretenir avec ces derni\u00e8res.<\/p>\n\n\n\n<p>Mais arriv\u00e9s \u00e0 l&rsquo;a\u00e9roport, ils se sont aper\u00e7us qu'\u00a0\u00bbil y a(vait) l\u00e0 des gens que nous n&rsquo;avions pas accept\u00e9 de rencontrer\u00a0\u00bb, a expliqu\u00e9 \u00e0 Bruxelles un responsable europ\u00e9en sous couvert d&rsquo;anonymat.<\/p>\n\n\n\n<p>\u00ab\u00a0Nous avons d\u00fb repartir\u00a0\u00bb, a-t-il ajout\u00e9, pr\u00e9cisant que \u00ab\u00a0c&rsquo;\u00e9tait bien s\u00fbr en lien avec la reconnaissance\u00a0\u00bb du gouvernement de l&rsquo;Est.<\/p>\n\n\n\n<p>Claudia Gazzini, sp\u00e9cialiste de la Libye \u00e0 l&rsquo;International Crisis Group, ne pense pas que la rebuffade \u00e9tait \u00ab\u00a0pr\u00e9m\u00e9dit\u00e9e\u00a0\u00bb.<\/p>\n\n\n\n<p>Mais \u00ab\u00a0la question se pose de savoir pourquoi\u00a0\u00bb des ministres se sont pr\u00e9sent\u00e9s \u00e0 l&rsquo;a\u00e9roport et \u00ab\u00a0pourquoi Haftar (&#8230;) aurait laiss\u00e9 faire\u00a0\u00bb, a-t-elle dit, n&rsquo;excluant pas un \u00ab\u00a0d\u00e9saccord bilat\u00e9ral avec l&rsquo;un des pays repr\u00e9sent\u00e9s dans la d\u00e9l\u00e9gation\u00a0\u00bb.<\/p>\n\n\n\n<p>Pour l&rsquo;expert de la Libye Jalel Harchaoui, c&rsquo;est la Gr\u00e8ce qui \u00e9tait vis\u00e9e.<\/p>\n\n\n\n<p>Le 6 juillet, \u00ab\u00a0le ministre grec des Affaires \u00e9trang\u00e8res est venu r\u00e9clamer des concessions migratoires et maritimes sans offrir d&rsquo;incitations tangibles. Cette visite, pour laquelle le mar\u00e9chal s&rsquo;\u00e9tait d\u00e9rang\u00e9 en personne, n&rsquo;avait rien donn\u00e9\u00a0\u00bb, affirme-t-il.<\/p>\n\n\n\n<p>Deux jours plus tard, \u00ab\u00a0un repr\u00e9sentant grec &#8212; dans le cadre cette fois d&rsquo;une d\u00e9l\u00e9gation de l&rsquo;UE &#8212; a voulu n\u00e9gocier dans la m\u00eame journ\u00e9e avec le gouvernement rival de Tripoli, pla\u00e7ant les deux gouvernements libyens sur un pied d&rsquo;\u00e9galit\u00e9: un affront aux yeux de Benghazi\u00a0\u00bb, qui a voulu \u00ab\u00a0punir Ath\u00e8nes\u00a0\u00bb, a-t-il d\u00e9clar\u00e9.<\/p>\n\n\n\n<h2 class=\"wp-block-heading\">\u00ab\u00a0Asseoir leur l\u00e9gitimit\u00e9\u00a0\u00bb<\/h2>\n\n\n\n<p>Pour M. Harchaoui, l&rsquo;incident montre qu&rsquo;il ne faut pas \u00ab\u00a0sous-estimer\u00a0\u00bb la politique \u00e9trang\u00e8re des Haftar.<\/p>\n\n\n\n<p>\u00ab\u00a0Que ce soit pour les flux migratoires ou les projets \u00e9nerg\u00e9tiques, la famille Haftar est un acteur absolument incontournable en raison de son emprise sur la s\u00e9curit\u00e9 c\u00f4ti\u00e8re dans l&rsquo;Est libyen\u00a0\u00bb, dit-il. Le message \u00ab\u00a0est clair: +prenez au s\u00e9rieux la faction de l&rsquo;Est\u00a0\u00bb.<\/p>\n\n\n\n<p>Ces derniers temps d&rsquo;ailleurs, poursuit-il, les Haftar, \u00ab\u00a0riches en cash et forts de leurs atouts strat\u00e9giques\u00a0\u00bb, multiplient les contacts pour \u00ab\u00a0asseoir leur l\u00e9gitimit\u00e9\u00a0\u00bb.<\/p>\n\n\n\n<p>Le mar\u00e9chal a \u00e9t\u00e9 re\u00e7u en f\u00e9vrier par le pr\u00e9sident fran\u00e7ais, Emmanuel Macron, et en mai par son alli\u00e9, le pr\u00e9sident russe, Vladimir Poutine.<\/p>\n\n\n\n<p>Son fils Saddam s&rsquo;est lui r\u00e9cemment rendu aux Etats-Unis, en Turquie, en Italie et au Niger.<\/p>\n\n\n\n<p>M\u00eame la Turquie, qui avait pourtant aid\u00e9 le gouvernement de Tripoli \u00e0 repousser une attaque de l&rsquo;Est, cherche \u00ab\u00a0\u00e0 tirer davantage profit des Haftar\u00a0\u00bb selon Tarek Megerisi, notamment \u00e0 travers de lucratifs projets de construction.<\/p>\n\n\n\n<p>Avec des vis\u00e9es g\u00e9opolitiques: elle voudrait les voir adouber un accord de d\u00e9limitation maritime en M\u00e9diterran\u00e9e orientale, d\u00e9j\u00e0 sign\u00e9 avec Tripoli et qu&rsquo;Ath\u00e8nes juge ill\u00e9gal.<\/p>\n","protected":false},"excerpt":{"rendered":"<p>\u00a9 2025 AFP &#8211; En refoulant la semaine derni\u00e8re des ministres europ\u00e9ens, l&rsquo;homme fort de l&rsquo;Est de la Libye, Khalifa<\/p>\n","protected":false},"author":1,"featured_media":60193,"comment_status":"open","ping_status":"open","sticky":false,"template":"","format":"standard","meta":{"footnotes":""},"categories":[51],"tags":[],"class_list":["post-60192","post","type-post","status-publish","format-standard","has-post-thumbnail","hentry","category-general"],"_links":{"self":[{"href":"https:\/\/dekkbi.com\/index.php?rest_route=\/wp\/v2\/posts\/60192","targetHints":{"allow":["GET"]}}],"collection":[{"href":"https:\/\/dekkbi.com\/index.php?rest_route=\/wp\/v2\/posts"}],"about":[{"href":"https:\/\/dekkbi.com\/index.php?rest_route=\/wp\/v2\/types\/post"}],"author":[{"embeddable":true,"href":"https:\/\/dekkbi.com\/index.php?rest_route=\/wp\/v2\/users\/1"}],"replies":[{"embeddable":true,"href":"https:\/\/dekkbi.com\/index.php?rest_route=%2Fwp%2Fv2%2Fcomments&post=60192"}],"version-history":[{"count":1,"href":"https:\/\/dekkbi.com\/index.php?rest_route=\/wp\/v2\/posts\/60192\/revisions"}],"predecessor-version":[{"id":60194,"href":"https:\/\/dekkbi.com\/index.php?rest_route=\/wp\/v2\/posts\/60192\/revisions\/60194"}],"wp:featuredmedia":[{"embeddable":true,"href":"https:\/\/dekkbi.com\/index.php?rest_route=\/wp\/v2\/media\/60193"}],"wp:attachment":[{"href":"https:\/\/dekkbi.com\/index.php?rest_route=%2Fwp%2Fv2%2Fmedia&parent=60192"}],"wp:term":[{"taxonomy":"category","embeddable":true,"href":"https:\/\/dekkbi.com\/index.php?rest_route=%2Fwp%2Fv2%2Fcategories&post=60192"},{"taxonomy":"post_tag","embeddable":true,"href":"https:\/\/dekkbi.com\/index.php?rest_route=%2Fwp%2Fv2%2Ftags&post=60192"}],"curies":[{"name":"wp","href":"https:\/\/api.w.org\/{rel}","templated":true}]}}