{"id":60100,"date":"2025-07-18T11:16:04","date_gmt":"2025-07-18T11:16:04","guid":{"rendered":"https:\/\/dekkbi.com\/?p=60100"},"modified":"2025-07-18T11:19:26","modified_gmt":"2025-07-18T11:19:26","slug":"karate-championnat-dafrique-2025-le-senegal-devoile-sa-selection-de-16-athletes","status":"publish","type":"post","link":"https:\/\/dekkbi.com\/?p=60100","title":{"rendered":"Karat\u00e9 \u2013 Championnat d\u2019Afrique 2025: Le S\u00e9n\u00e9gal d\u00e9voile sa s\u00e9lection de 16 athl\u00e8tes"},"content":{"rendered":"\n<p>La F\u00e9d\u00e9ration s\u00e9n\u00e9galaise de Karat\u00e9 a d\u00e9voil\u00e9 la liste des athl\u00e8tes s\u00e9lectionn\u00e9s pour d\u00e9fendre les couleurs nationales lors des Championnats d\u2019Afrique 2025, qui se tiendront \u00e0 Abuja, au Nigeria, du 25 au 27 juillet. 16 combattants ont \u00e9t\u00e9 retenus apr\u00e8s de longs mois de pr\u00e9paration.<\/p>\n\n\n\n<p>Une \u00e9quipe de 16 karat\u00e9kas, r\u00e9partie entre les cat\u00e9gories cadet, junior et senior, d\u00e9fendra les couleurs du S\u00e9n\u00e9gal avec l\u2019objectif de marquer des points importants pour se rapprocher d\u2019une qualification au prochain championnat du monde. Chez les seniors, des noms bien connus du tatami s\u00e9n\u00e9galais font partie de la d\u00e9l\u00e9gation, \u00e0 l\u2019image de Makhtar Diop (-84kg), Falilou Diop (+84kg) ou encore Ramata Sylla (-61kg). Omar Diop repr\u00e9sentera le pays dans la cat\u00e9gorie kata, tandis qu\u2019une solide \u00e9quipe de kumit\u00e9 est \u00e9galement en lice. Les juniors et cadets ne sont pas en reste. Des espoirs tels que Mouhamadou Moustapha Gaye (-68kg) et Aissatou Di\u00e8ne (kata) auront l\u2019opportunit\u00e9 de d\u00e9montrer leur potentiel au plus haut niveau africain.<\/p>\n\n\n\n<p>La s\u00e9lection sera encadr\u00e9e par les coachs Fod\u00e9 Ndao, Ibrahima Konat\u00e9, Cheikhou Diagne et El Hadj Gueye Ndour. Le m\u00e9decin Mamba Guirassy Diop accompagnera \u00e9galement la d\u00e9l\u00e9gation.<\/p>\n\n\n\n<p><strong>Voici la liste des athl\u00e8tes s\u00e9n\u00e9galais :<\/strong><\/p>\n\n\n\n<p><strong>Seniors :<\/strong><\/p>\n\n\n\n<ol class=\"wp-block-list\">\n<li>Makhtar Diop \u2013 Kumite -84 kg<\/li>\n\n\n\n<li>Falilou Diop \u2013 Kumite +84 kg<\/li>\n\n\n\n<li>Abib Ndoye \u2013 Kumite -75 kg<\/li>\n\n\n\n<li>Mohammad S\u00e8ne \u2013 Kumite -60 kg<\/li>\n\n\n\n<li>Serigne Mback\u00e9 Seck \u2013 \u00c9quipe<\/li>\n\n\n\n<li>Saliou Gueye \u2013 \u00c9quipe<\/li>\n\n\n\n<li>Mame Gor Diop \u2013 \u00c9quipe<\/li>\n\n\n\n<li>Ramata Sylla \u2013 Kumite -61 kg<\/li>\n\n\n\n<li>Omar Diop \u2013 Kata homme<\/li>\n<\/ol>\n\n\n\n<p><strong>Juniors :<\/strong><br>10. Mouhamadou Moustapha Gaye \u2013 Kumite -68 kg<br>11. Serigne Fallou Ndongo \u2013 Kumite -78 kg<br>12. Mame Boye Faye \u2013 Kumite -53 kg<\/p>\n\n\n\n<p><strong>Cadets :<\/strong><br>13. A\u00efssatou Di\u00e8ne \u2013 Kata<br>14. Oumar Diagne \u2013 Kumite -63 kg<br>15. Mouhamadou Bachir Tour\u00e9 \u2013 Kumite +70 kg<br>16. Amadou Ciss\u00e9 \u2013 Kumite -57 kg<\/p>\n\n\n\n<p>wiwsport.com<\/p>\n","protected":false},"excerpt":{"rendered":"<p>La F\u00e9d\u00e9ration s\u00e9n\u00e9galaise de Karat\u00e9 a d\u00e9voil\u00e9 la liste des athl\u00e8tes s\u00e9lectionn\u00e9s pour d\u00e9fendre les couleurs nationales lors des Championnats<\/p>\n","protected":false},"author":1,"featured_media":60101,"comment_status":"open","ping_status":"open","sticky":false,"template":"","format":"standard","meta":{"footnotes":""},"categories":[9],"tags":[],"class_list":["post-60100","post","type-post","status-publish","format-standard","has-post-thumbnail","hentry","category-sports"],"_links":{"self":[{"href":"https:\/\/dekkbi.com\/index.php?rest_route=\/wp\/v2\/posts\/60100","targetHints":{"allow":["GET"]}}],"collection":[{"href":"https:\/\/dekkbi.com\/index.php?rest_route=\/wp\/v2\/posts"}],"about":[{"href":"https:\/\/dekkbi.com\/index.php?rest_route=\/wp\/v2\/types\/post"}],"author":[{"embeddable":true,"href":"https:\/\/dekkbi.com\/index.php?rest_route=\/wp\/v2\/users\/1"}],"replies":[{"embeddable":true,"href":"https:\/\/dekkbi.com\/index.php?rest_route=%2Fwp%2Fv2%2Fcomments&post=60100"}],"version-history":[{"count":2,"href":"https:\/\/dekkbi.com\/index.php?rest_route=\/wp\/v2\/posts\/60100\/revisions"}],"predecessor-version":[{"id":60104,"href":"https:\/\/dekkbi.com\/index.php?rest_route=\/wp\/v2\/posts\/60100\/revisions\/60104"}],"wp:featuredmedia":[{"embeddable":true,"href":"https:\/\/dekkbi.com\/index.php?rest_route=\/wp\/v2\/media\/60101"}],"wp:attachment":[{"href":"https:\/\/dekkbi.com\/index.php?rest_route=%2Fwp%2Fv2%2Fmedia&parent=60100"}],"wp:term":[{"taxonomy":"category","embeddable":true,"href":"https:\/\/dekkbi.com\/index.php?rest_route=%2Fwp%2Fv2%2Fcategories&post=60100"},{"taxonomy":"post_tag","embeddable":true,"href":"https:\/\/dekkbi.com\/index.php?rest_route=%2Fwp%2Fv2%2Ftags&post=60100"}],"curies":[{"name":"wp","href":"https:\/\/api.w.org\/{rel}","templated":true}]}}