{"id":60093,"date":"2025-07-18T10:57:31","date_gmt":"2025-07-18T10:57:31","guid":{"rendered":"https:\/\/dekkbi.com\/?p=60093"},"modified":"2025-07-18T10:57:32","modified_gmt":"2025-07-18T10:57:32","slug":"a-beijing-habibou-dia-reaffirme-lambition-du-senegal-de-batir-un-ecosysteme-informationnel-souverain","status":"publish","type":"post","link":"https:\/\/dekkbi.com\/?p=60093","title":{"rendered":"A Beijing, Habibou Dia r\u00e9affirme l\u2019ambition du S\u00e9n\u00e9gal de \u201db\u00e2tir un \u00e9cosyst\u00e8me informationnel souverain\u201d"},"content":{"rendered":"\n<p>Dakar, (APS) \u2013 Le Directeur de la Communication a r\u00e9affirm\u00e9, jeudi, \u00e0 Beijing, l\u2019ambition des autorit\u00e9s s\u00e9n\u00e9galaises de \u2018\u2019b\u00e2tir un \u00e9cosyst\u00e8me informationnel souverain, structur\u00e9 et r\u00e9silient\u2019\u2019 capable de \u2018\u2019participer pleinement \u00e0 la fabrication d\u2019un nouveau narratif africain, lucide, pluriel et assum\u00e9\u2019\u2019.<\/p>\n\n\n\n<p>\u201dCe s\u00e9minaire cristallise une ambition claire : celle de b\u00e2tir un \u00e9cosyst\u00e8me informationnel s\u00e9n\u00e9galais souverain, structur\u00e9 et r\u00e9silient, capable de produire des contenus de qualit\u00e9, de r\u00e9guler avec \u00e9quit\u00e9, de se projeter dans le num\u00e9rique de demain, et surtout, de participer pleinement \u00e0 la fabrication d\u2019un nouveau narratif africain, lucide, pluriel et assum\u00e9\u2019\u2019, a dit Habibou Dia.<\/p>\n\n\n\n<p>Il s\u2019exprimait \u00e0 l\u2019ouverture du S\u00e9minaire pour les fonctionnaires des m\u00e9dias et journalistes s\u00e9n\u00e9galais \u00e0 l\u2019initiative du Centre d\u2019\u00e9tudes internationales et de formation du Groupe Communication Internationale de Chine (17-30 juillet).<\/p>\n\n\n\n<p>\u201dNous avons besoin de capacit\u00e9s renforc\u00e9es, de technologies appropri\u00e9es, d\u2019outils de mesure fiables, de cadres r\u00e9glementaires adapt\u00e9s et de partenariats strat\u00e9giques solides\u2019\u2019, a-t-il indiqu\u00e9, relevant que \u2018\u2019sur tous ces volets, la Chine est un partenaire naturel, avec lequel nous partageons la conviction que la souverainet\u00e9 ne s\u2019improvise pas, elle se construit\u2019\u2019.<\/p>\n\n\n\n<p>Dans son discours dont l\u2019APS a eu connaissance, Habibou Dia a d\u2019abord salu\u00e9 et remerci\u00e9 \u2018\u2019chaleureusement le Centre d\u2019\u00e9tudes internationales et de formation du Groupe Communication Internationale de Chine, ainsi que toutes les institutions partenaires, pour cette initiative \u00e9clair\u00e9e, qui t\u00e9moigne d\u2019un engagement durable en faveur du dialogue international et du renforcement des capacit\u00e9s humaines\u2019\u2019.<\/p>\n\n\n\n<p>Il a soulign\u00e9 que ce s\u00e9minaire s\u2019inscrivait \u2018\u2019dans le prolongement naturel\u2019\u2019 de la r\u00e9cente visite officielle \u00e0 P\u00e9kin du Premier ministre s\u00e9n\u00e9galais Ousmane Sonko.<\/p>\n\n\n\n<p>Pour le directeur de la Communication, \u201dcette visite a marqu\u00e9 un tournant strat\u00e9gique dans les relations sino-s\u00e9n\u00e9galaises, consolidant une coop\u00e9ration fond\u00e9e sur la convergence de visions, la compl\u00e9mentarit\u00e9 des trajectoires, et la volont\u00e9 commune de construire un avenir fond\u00e9 sur le respect mutuel et le b\u00e9n\u00e9fice partag\u00e9\u2019\u2019.<\/p>\n\n\n\n<p>Selon lui, \u2018\u2019la philosophie de la +prosp\u00e9rit\u00e9 partag\u00e9e+, promue par (\u2026) le Pr\u00e9sident Xi Jinping, r\u00e9sonne pleinement avec la nouvelle orientation du S\u00e9n\u00e9gal, port\u00e9e par (\u2026.) le Pr\u00e9sident Bassirou Diomaye Diakhar Faye : une vision fond\u00e9e sur la souverainet\u00e9 des choix nationaux, l\u2019inclusion num\u00e9rique, l\u2019innovation technologique, et le droit des peuples \u00e0 d\u00e9finir leur propre r\u00e9cit\u2019\u2019.<\/p>\n\n\n\n<p>Dans cette perspective, M. Dia estime que \u2018\u2019ce s\u00e9minaire est bien plus qu\u2019une session de renforcement de capacit\u00e9s\u2019\u2019.<\/p>\n\n\n\n<p>\u2018\u2019Il est une r\u00e9ponse structur\u00e9e \u00e0 des besoins identifi\u00e9s, pressants et strat\u00e9giques, dans un contexte o\u00f9 le secteur s\u00e9n\u00e9galais de la communication et des m\u00e9dias fait face \u00e0 des mutations majeures \u00e0 savoir la mont\u00e9e en puissance du num\u00e9rique, qui red\u00e9finit les m\u00e9tiers, les mod\u00e8les \u00e9conomiques et les modes de consommation de l\u2019information\u2019\u2019, a-t-il dit.<\/p>\n\n\n\n<p>Selon lui, \u2018\u2019la vuln\u00e9rabilit\u00e9 de la population face \u00e0 la d\u00e9sinformation, aux discours de haine, aux manipulations en ligne, qui fragilisent la coh\u00e9sion nationale et la confiance dans les institutions est une r\u00e9alit\u00e9\u2019\u2019.<\/p>\n\n\n\n<p>D\u00e8s lors, \u201dla n\u00e9cessit\u00e9 d\u2019adapter la r\u00e9gulation aux r\u00e9alit\u00e9s nouvelles : m\u00e9dias en ligne, radios communautaires, intelligence artificielle g\u00e9n\u00e9rative, influenceurs num\u00e9riques ainsi que le besoin de former des professionnels capables de ma\u00eetriser \u00e0 la fois les outils techniques et les enjeux strat\u00e9giques de l\u2019information dans un monde globalis\u00e9 devient une urgente n\u00e9cessit\u00e9\u2019\u2019, soutient-il.<\/p>\n\n\n\n<p>Pour le directeur de la Communication, \u2018\u2019l\u2019absence d\u2019un syst\u00e8me robuste de mesure d\u2019audience et de veille m\u00e9diatique fiable, affaiblit notre capacit\u00e9 \u00e0 piloter les politiques publiques de communication\u2019\u2019.<\/p>\n\n\n\n<p>Parmi les d\u00e9fis \u00e0 relever, il a cit\u00e9 \u2018\u2019la souverainet\u00e9 informationnelle et num\u00e9rique, dans un monde o\u00f9 les donn\u00e9es, les r\u00e9cits et les plateformes structurent les rapports de force\u2019\u2019.<\/p>\n\n\n\n<p>\u201dC\u2019est dans ce contexte que la qualit\u00e9 des th\u00e9matiques retenues pour cette formation prend tout son sens, en parfaite coh\u00e9rence avec nos priorit\u00e9s nationales\u2019\u2019, a-t-il dit.<\/p>\n\n\n\n<p>Les participants au s\u00e9minaire aborderont les questions de m\u00e9diam\u00e9trie, la r\u00e9gulation des nouveaux m\u00e9dias, la lutte contre la d\u00e9sinformation, la coproduction audiovisuelle et la souverainet\u00e9 des donn\u00e9es.<\/p>\n\n\n\n<p>OID<\/p>\n","protected":false},"excerpt":{"rendered":"<p>Dakar, (APS) \u2013 Le Directeur de la Communication a r\u00e9affirm\u00e9, jeudi, \u00e0 Beijing, l\u2019ambition des autorit\u00e9s s\u00e9n\u00e9galaises de \u2018\u2019b\u00e2tir un<\/p>\n","protected":false},"author":1,"featured_media":60094,"comment_status":"open","ping_status":"open","sticky":false,"template":"","format":"standard","meta":{"footnotes":""},"categories":[3],"tags":[],"class_list":["post-60093","post","type-post","status-publish","format-standard","has-post-thumbnail","hentry","category-event-more-news"],"_links":{"self":[{"href":"https:\/\/dekkbi.com\/index.php?rest_route=\/wp\/v2\/posts\/60093","targetHints":{"allow":["GET"]}}],"collection":[{"href":"https:\/\/dekkbi.com\/index.php?rest_route=\/wp\/v2\/posts"}],"about":[{"href":"https:\/\/dekkbi.com\/index.php?rest_route=\/wp\/v2\/types\/post"}],"author":[{"embeddable":true,"href":"https:\/\/dekkbi.com\/index.php?rest_route=\/wp\/v2\/users\/1"}],"replies":[{"embeddable":true,"href":"https:\/\/dekkbi.com\/index.php?rest_route=%2Fwp%2Fv2%2Fcomments&post=60093"}],"version-history":[{"count":1,"href":"https:\/\/dekkbi.com\/index.php?rest_route=\/wp\/v2\/posts\/60093\/revisions"}],"predecessor-version":[{"id":60095,"href":"https:\/\/dekkbi.com\/index.php?rest_route=\/wp\/v2\/posts\/60093\/revisions\/60095"}],"wp:featuredmedia":[{"embeddable":true,"href":"https:\/\/dekkbi.com\/index.php?rest_route=\/wp\/v2\/media\/60094"}],"wp:attachment":[{"href":"https:\/\/dekkbi.com\/index.php?rest_route=%2Fwp%2Fv2%2Fmedia&parent=60093"}],"wp:term":[{"taxonomy":"category","embeddable":true,"href":"https:\/\/dekkbi.com\/index.php?rest_route=%2Fwp%2Fv2%2Fcategories&post=60093"},{"taxonomy":"post_tag","embeddable":true,"href":"https:\/\/dekkbi.com\/index.php?rest_route=%2Fwp%2Fv2%2Ftags&post=60093"}],"curies":[{"name":"wp","href":"https:\/\/api.w.org\/{rel}","templated":true}]}}