{"id":60080,"date":"2025-07-18T10:33:22","date_gmt":"2025-07-18T10:33:22","guid":{"rendered":"https:\/\/dekkbi.com\/?p=60080"},"modified":"2025-07-18T10:43:11","modified_gmt":"2025-07-18T10:43:11","slug":"refondation-structurelle-de-luniversite-senegalaise-le-president-diomaye-engage-le-processus","status":"publish","type":"post","link":"https:\/\/dekkbi.com\/?p=60080","title":{"rendered":"Refondation structurelle de l\u2019universit\u00e9 s\u00e9n\u00e9galaise : le Pr\u00e9sident Diomaye engage le processus"},"content":{"rendered":"\n<p><strong>Face \u00e0 l\u2019empilement des difficult\u00e9s dans l\u2019enseignement sup\u00e9rieur, retards dans les chantiers p\u00e9dagogiques, d\u00e9ficit budg\u00e9taire, effectifs pl\u00e9thoriques, d\u00e9r\u00e8glement du calendrier universitaire, manque d\u2019enseignants, cycles qui s\u2019\u00e9tirent ind\u00e9finiment le S\u00e9n\u00e9gal entame un vaste chantier de refondation. C\u2019est dans cette perspective qu\u2019a \u00e9t\u00e9 lanc\u00e9, jeudi 17 juillet, l\u2019Agenda national de Transformation de l\u2019Enseignement sup\u00e9rieur, de la Recherche et de l\u2019Innovation (ANTESRI 2050), en pr\u00e9sence de l\u2019ensemble des acteurs du secteur.<\/strong><\/p>\n\n\n\n<p>L\u2019initiative se veut un tournant. Elle ambitionne de b\u00e2tir une universit\u00e9 \u00e0 la hauteur des attentes de ses principaux b\u00e9n\u00e9ficiaires. Les \u00e9tudiants, en premi\u00e8re ligne, ont exprim\u00e9 leurs dol\u00e9ances avec clart\u00e9. \u00ab Au nom des \u00e9tudiants, nous ne voulons plus faire une licence en cinq ans au lieu de trois. Nous ne voulons plus d\u2019un master qui s\u2019\u00e9ternise et qui nous oblige \u00e0 demander la bourse d\u2019accompagnement pour survivre. Nous ne voulons plus d\u2019une universit\u00e9 qui forme des ch\u00f4meurs. Nous ne voulons plus de syst\u00e8mes qui abandonnent certains en chemin, sans aucun m\u00e9canisme de r\u00e9cup\u00e9ration \u00bb, a d\u00e9clar\u00e9 Serigne Gackou Aidara, porte-parole des \u00e9tudiants.<\/p>\n\n\n\n<p>Du c\u00f4t\u00e9 du corps professoral, le diagnostic est tout aussi implacable. David C\u00e9lestin Faye, repr\u00e9sentant du Syndicat autonome de l\u2019enseignement sup\u00e9rieur (SAES), a insist\u00e9 sur la n\u00e9cessit\u00e9 d\u2019\u00e9valuer de mani\u00e8re critique les grandes orientations prises ces derni\u00e8res ann\u00e9es dans le secteur. Il a rappel\u00e9 que cette refondation devait tenir compte \u00e0 la fois des recommandations issues de la Concertation nationale sur l\u2019avenir de l\u2019enseignement sup\u00e9rieur (CNAES) et des directives des Assises de l\u2019\u00e9ducation.<\/p>\n\n\n\n<p>Toutefois, il a pr\u00e9cis\u00e9 que toute r\u00e9forme d\u2019ordre p\u00e9dagogique ou scientifique devra imp\u00e9rativement passer par les instances acad\u00e9miques comp\u00e9tentes, conform\u00e9ment \u00e0 la loi sur les franchises universitaires. Les personnels administratifs, techniques et de service (PATS), par la voix de Souleymane Gaye, ont \u00e9galement expos\u00e9 leurs at-<br>tentes. Ils demandent la prise en compte de leur plan de carri\u00e8re dans l\u2019agenda de transformation, ainsi que leur formation dans un centre d\u00e9di\u00e9 au sein des universit\u00e9s. L\u2019objectif : mieux accompagner le syst\u00e8me vers la performance, \u00e0 travers une meilleure mobilit\u00e9 interuniversitaire et des voyages d\u2019impr\u00e9gnation pour certaines cat\u00e9gories du personnel.<\/p>\n\n\n\n<p>Recteur de l\u2019Universit\u00e9 Amadou Makhtar Mbow, le Pr Ibrahima Ciss\u00e9, repr\u00e9sentant des recteurs, a salu\u00e9 le lancement de l\u2019ANTESRI, qu\u2019il qualifie de \u00ab jalon d\u00e9cisif \u00bb dans la refondation de l\u2019enseignement sup\u00e9rieur. Pour lui, ce processus vise \u00e0 r\u00e9orienter durablement le secteur vers plus de qualit\u00e9, de pertinence et d\u2019impact, en phase avec les aspirations de la jeunesse et les exigences du d\u00e9veloppement national, dans toutes ses dimensions \u2013 \u00e9conomique, sociale et culturelle.<\/p>\n\n\n\n<p>Mais cette ambition, a-t-il soulign\u00e9, exige un regard sans complaisance sur les r\u00e9formes pr\u00e9c\u00e9dentes. Il appelle ainsi \u00e0 dresser un bilan critique de la CNAES, \u00e0 imaginer un mod\u00e8le de financement \u00ab durable, \u00e9quitable et incitatif \u00bb, et \u00e0 soutenir l\u2019innovation p\u00e9dagogique ainsi que la performance institutionnelle. Ce mod\u00e8le devra \u00e9galement assurer l\u2019accessibilit\u00e9 et l\u2019\u00e9quit\u00e9 pour tous les \u00e9tudiants.<\/p>\n\n\n\n<p>L\u2019urgence, selon lui, est aussi d\u2019ordre structurel. Il plaide pour l\u2019ach\u00e8vement rapide des chantiers entam\u00e9s dans les universit\u00e9s, et un recrutement massif d\u2019enseignants-chercheurs. Autant de conditions n\u00e9cessaires \u00e0 la stabilit\u00e9 acad\u00e9mique, au respect du calendrier universitaire et \u00e0 la cr\u00e9dibilit\u00e9 du syst\u00e8me, dans un contexte d\u2019internationalisation croissante.<\/p>\n\n\n\n<p>Pr\u00e9sident du comit\u00e9 de pilotage de l\u2019Agenda, le Pr Bouba Diop a conclu en rappelant l\u2019ampleur des d\u00e9fis. \u00ab Nous sommes conscients de la diversit\u00e9 des acteurs et des porteurs d\u2019enjeux, de l\u2019ampleur des attentes. Notre attitude sera faite d\u2019\u00e9coute, de rassemblement des savoirs et savoir-faire, de respect, de d\u00e9passement et de pragmatisme. \u00bb<br>Par-del\u00e0 les discours, c\u2019est donc un immense travail de fond qui commence. L\u2019ANTESRI 2050 devra \u00e9viter l\u2019\u00e9cueil des r\u00e9formes formelles sans impact. Il s\u2019agira cette fois d\u2019inscrire l\u2019universit\u00e9 s\u00e9n\u00e9galaise dans un nouveau pacte de confiance, avec pour horizon une transformation v\u00e9ritable, au service du d\u00e9veloppement et de la dignit\u00e9 des jeunes.<\/p>\n\n\n\n<p><strong>MARIAME DJIGO<\/strong><\/p>\n","protected":false},"excerpt":{"rendered":"<p>Face \u00e0 l\u2019empilement des difficult\u00e9s dans l\u2019enseignement sup\u00e9rieur, retards dans les chantiers p\u00e9dagogiques, d\u00e9ficit budg\u00e9taire, effectifs pl\u00e9thoriques, d\u00e9r\u00e8glement du calendrier<\/p>\n","protected":false},"author":1,"featured_media":60081,"comment_status":"open","ping_status":"open","sticky":false,"template":"","format":"standard","meta":{"footnotes":""},"categories":[6],"tags":[],"class_list":["post-60080","post","type-post","status-publish","format-standard","has-post-thumbnail","hentry","category-politics"],"_links":{"self":[{"href":"https:\/\/dekkbi.com\/index.php?rest_route=\/wp\/v2\/posts\/60080","targetHints":{"allow":["GET"]}}],"collection":[{"href":"https:\/\/dekkbi.com\/index.php?rest_route=\/wp\/v2\/posts"}],"about":[{"href":"https:\/\/dekkbi.com\/index.php?rest_route=\/wp\/v2\/types\/post"}],"author":[{"embeddable":true,"href":"https:\/\/dekkbi.com\/index.php?rest_route=\/wp\/v2\/users\/1"}],"replies":[{"embeddable":true,"href":"https:\/\/dekkbi.com\/index.php?rest_route=%2Fwp%2Fv2%2Fcomments&post=60080"}],"version-history":[{"count":1,"href":"https:\/\/dekkbi.com\/index.php?rest_route=\/wp\/v2\/posts\/60080\/revisions"}],"predecessor-version":[{"id":60082,"href":"https:\/\/dekkbi.com\/index.php?rest_route=\/wp\/v2\/posts\/60080\/revisions\/60082"}],"wp:featuredmedia":[{"embeddable":true,"href":"https:\/\/dekkbi.com\/index.php?rest_route=\/wp\/v2\/media\/60081"}],"wp:attachment":[{"href":"https:\/\/dekkbi.com\/index.php?rest_route=%2Fwp%2Fv2%2Fmedia&parent=60080"}],"wp:term":[{"taxonomy":"category","embeddable":true,"href":"https:\/\/dekkbi.com\/index.php?rest_route=%2Fwp%2Fv2%2Fcategories&post=60080"},{"taxonomy":"post_tag","embeddable":true,"href":"https:\/\/dekkbi.com\/index.php?rest_route=%2Fwp%2Fv2%2Ftags&post=60080"}],"curies":[{"name":"wp","href":"https:\/\/api.w.org\/{rel}","templated":true}]}}