{"id":60077,"date":"2025-07-18T10:28:44","date_gmt":"2025-07-18T10:28:44","guid":{"rendered":"https:\/\/dekkbi.com\/?p=60077"},"modified":"2025-07-18T10:29:22","modified_gmt":"2025-07-18T10:29:22","slug":"strategie-nationale-de-developpement-du-secteur-prive-et-de-linvestissement-un-pretexte-pour-placer-kaolack-sur-les-huit-8-poles-economiques-du-pays","status":"publish","type":"post","link":"https:\/\/dekkbi.com\/?p=60077","title":{"rendered":"Strat\u00e9gie nationale de d\u00e9veloppement du Secteur priv\u00e9 et de l\u2019investissement : un pr\u00e9texte pour placer Kaolack sur les huit (8) p\u00f4les \u00e9conomiques du pays"},"content":{"rendered":"\n<p><strong>Le Minist\u00e8re de l\u2019\u00c9conomie, du plan et de la coop\u00e9ration (MEPC) a termin\u00e9 hier, Jeudi 17 Juillet dernier, \u00e0 Kaolack les trois (3) journ\u00e9es de consultations entreprises avec le secteur priv\u00e9 de Kaolack, les collectivit\u00e9s territoriales et autres acteurs \u00e9conomiques sur la strat\u00e9gie nationale de d\u00e9veloppement du secteur priv\u00e9 et de l\u2019investissement. L\u2019objectif de ces journ\u00e9es consistait \u00e0 passer en revue les \u00e9normes potentialit\u00e9s dont regorge la r\u00e9gion de Kaolack en termes d\u2019exploitation et identifier les secteurs d\u2019investissement potentiels existant dans la r\u00e9gion afin de pousser des r\u00e9flexions approfondies avec les acteurs au profit d\u2019une \u00e9ventuelle animation \u00e9conomique dans les secteurs opportuns.<\/strong><\/p>\n\n\n\n<p>A travers cette politique \u00e9conomique \u00e9largie aux r\u00e9gions, le MEPC pr\u00e9tend ainsi engager le secteur priv\u00e9 local pour la r\u00e9activation des anciens r\u00e9seaux \u00e0 forte t\u00e9nacit\u00e9 \u00e9conomique en vue de garantir une promotion \u00e9conomique aux investisseurs priv\u00e9s, mais faire aussi de Kaolack l\u2019un des huit (8) p\u00f4les \u00e9conomiques les plus dynamiques du territoire national. Ce programme requiert deux int\u00e9r\u00eats majeurs: accro\u00eetre la productivit\u00e9 \u00e0 tous les niveaux au sein des fili\u00e8res \u00e9conomiques pour acc\u00e9der \u00e0 une croissance locale dynamique et rendre le secteur priv\u00e9 local plus attractif et comp\u00e9titif dans les march\u00e9s nationaux et internationaux. Il ob\u00e9it en effet \u00e0 la nouvelle politique d\u2019impulsion et d\u2019animation \u00e9conomique engag\u00e9e par le MEPC en direction des territoires et secteurs sur une trajectoire directe de susciter le d\u00e9veloppement \u00e0 partir des zones d\u00e9centralis\u00e9es. <\/p>\n\n\n\n<p>En d\u2019autres termes, il s\u2019agit aussi de prolonger ces actions minist\u00e9rielles \u00e0 l\u2019int\u00e9rieur du pays pour cr\u00e9er le lien entre ce travail d\u2019impulsion et d\u2019animation minist\u00e9rielle et les r\u00e9alit\u00e9s \u00e9conomiques trouv\u00e9es sur place. Les d\u00e9bats lors de ces 72 heures d\u2019\u00e9change et de partage ont tourn\u00e9 autour de plusieurs questions relatives \u00e0 l\u2019identification, la nature des secteurs qui pourraient int\u00e9resser des investisseurs, les \u00e9ventuelles difficult\u00e9s et d\u00e9fis susceptibles de contraindre l\u2019ardeur des investisseurs dans leurs financements, la contribution de l\u2019Etat pour soutenir le secteur priv\u00e9 dans ses investissements, entre autres centres d\u2019int\u00e9r\u00eats. Ainsi au terme de ces journ\u00e9es, il \u00e9tait aussi pr\u00e9vu la d\u00e9clinaison d\u2019un rapport d\u2019orientation qui fera office de feuille de route pour donner une r\u00e9alit\u00e9 au contenu territorial et sectoriel de l\u2019\u00e9conomie dans toutes ses dimensions.<\/p>\n\n\n\n<p><strong>ABDOULAYE FALL<\/strong><\/p>\n","protected":false},"excerpt":{"rendered":"<p>Le Minist\u00e8re de l\u2019\u00c9conomie, du plan et de la coop\u00e9ration (MEPC) a termin\u00e9 hier, Jeudi 17 Juillet dernier, \u00e0 Kaolack<\/p>\n","protected":false},"author":1,"featured_media":60078,"comment_status":"open","ping_status":"open","sticky":false,"template":"","format":"standard","meta":{"footnotes":""},"categories":[3],"tags":[],"class_list":["post-60077","post","type-post","status-publish","format-standard","has-post-thumbnail","hentry","category-event-more-news"],"_links":{"self":[{"href":"https:\/\/dekkbi.com\/index.php?rest_route=\/wp\/v2\/posts\/60077","targetHints":{"allow":["GET"]}}],"collection":[{"href":"https:\/\/dekkbi.com\/index.php?rest_route=\/wp\/v2\/posts"}],"about":[{"href":"https:\/\/dekkbi.com\/index.php?rest_route=\/wp\/v2\/types\/post"}],"author":[{"embeddable":true,"href":"https:\/\/dekkbi.com\/index.php?rest_route=\/wp\/v2\/users\/1"}],"replies":[{"embeddable":true,"href":"https:\/\/dekkbi.com\/index.php?rest_route=%2Fwp%2Fv2%2Fcomments&post=60077"}],"version-history":[{"count":1,"href":"https:\/\/dekkbi.com\/index.php?rest_route=\/wp\/v2\/posts\/60077\/revisions"}],"predecessor-version":[{"id":60079,"href":"https:\/\/dekkbi.com\/index.php?rest_route=\/wp\/v2\/posts\/60077\/revisions\/60079"}],"wp:featuredmedia":[{"embeddable":true,"href":"https:\/\/dekkbi.com\/index.php?rest_route=\/wp\/v2\/media\/60078"}],"wp:attachment":[{"href":"https:\/\/dekkbi.com\/index.php?rest_route=%2Fwp%2Fv2%2Fmedia&parent=60077"}],"wp:term":[{"taxonomy":"category","embeddable":true,"href":"https:\/\/dekkbi.com\/index.php?rest_route=%2Fwp%2Fv2%2Fcategories&post=60077"},{"taxonomy":"post_tag","embeddable":true,"href":"https:\/\/dekkbi.com\/index.php?rest_route=%2Fwp%2Fv2%2Ftags&post=60077"}],"curies":[{"name":"wp","href":"https:\/\/api.w.org\/{rel}","templated":true}]}}