{"id":60066,"date":"2025-07-18T10:09:42","date_gmt":"2025-07-18T10:09:42","guid":{"rendered":"https:\/\/dekkbi.com\/?p=60066"},"modified":"2025-07-18T11:00:43","modified_gmt":"2025-07-18T11:00:43","slug":"18-safar-le-magal-de-touba-sacre-patrimoine-national-va-t-on-ineluctablement-vers-une-reconnaissance-unesco","status":"publish","type":"post","link":"https:\/\/dekkbi.com\/?p=60066","title":{"rendered":"18 SAFAR- Le Magal de Touba sacr\u00e9 patrimoine national"},"content":{"rendered":"\n<p>Va-t-on, in\u00e9luctablement , vers une reconnaissance UNESCO ? &#8211; Le S\u00e9n\u00e9gal vient d\u2019inscrire un pan vivant de son identit\u00e9 religieuse au patrimoine national. Par arr\u00eat\u00e9 minist\u00e9riel, le Magal de Touba,\u00a0 rassemblement annuel de millions de fid\u00e8les mourides, entre officiellement dans le patrimoine culturel immat\u00e9riel du pays. Une d\u00e9cision du minist\u00e8re de la Jeunesse, des Sports et de la Culture qui consacre la dimension historique et spirituelle de cet \u00e9v\u00e9nement-phare du calendrier musulman s\u00e9n\u00e9galais.\u00a0<\/p>\n\n\n\n<p>Au c\u0153ur de cette reconnaissance, il y\u2019a l\u2019exil de Cheikh Ahmadou Bamba Mback\u00e9 en 1895. Le fondateur de la confr\u00e9rie mouride, d\u00e9port\u00e9 au Gabon par les autorit\u00e9s coloniales fran\u00e7aises, transforma cette \u00e9preuve en symbole de foi in\u00e9branlable. Aujourd\u2019hui, des fid\u00e8les venus des cinq continents convergent chaque ann\u00e9e vers la ville sainte de Touba, faisant du Magal l\u2019un des plus grands p\u00e8lerinages d\u2019Afrique de l\u2019Ouest.&nbsp;<\/p>\n\n\n\n<p>Le minist\u00e8re annonce un dispositif de pr\u00e9servation co-construit avec la communaut\u00e9 mouride avec comme&nbsp; objectifs : prot\u00e9ger les rituels spirituels fondateurs, adapter la logistique (s\u00e9curit\u00e9, sant\u00e9) \u00e0 l\u2019afflux croissant de p\u00e8lerins, documenter les savoir-faire traditionnels li\u00e9s \u00e0 l\u2019\u00e9v\u00e9nement.&nbsp;<\/p>\n\n\n\n<p>L\u2019UNESCO&nbsp; est d\u00e9sormais en ligne de mire. Cette \u00e9tape nationale ouvre la voie \u00e0 une ambition plus large : l\u2019inscription du Magal au patrimoine immat\u00e9riel de l\u2019humanit\u00e9.&nbsp; Une revendication port\u00e9e depuis des ann\u00e9es par les autorit\u00e9s religieuses, qui pourrait d\u00e9sormais b\u00e9n\u00e9ficier du soutien officiel de Dakar.<\/p>\n\n\n\n<p><\/p>\n","protected":false},"excerpt":{"rendered":"<p>Va-t-on, in\u00e9luctablement , vers une reconnaissance UNESCO ? &#8211; Le S\u00e9n\u00e9gal vient d\u2019inscrire un pan vivant de son identit\u00e9 religieuse<\/p>\n","protected":false},"author":1,"featured_media":60067,"comment_status":"open","ping_status":"open","sticky":false,"template":"","format":"standard","meta":{"footnotes":""},"categories":[21],"tags":[],"class_list":["post-60066","post","type-post","status-publish","format-standard","has-post-thumbnail","hentry","category-societe"],"_links":{"self":[{"href":"https:\/\/dekkbi.com\/index.php?rest_route=\/wp\/v2\/posts\/60066","targetHints":{"allow":["GET"]}}],"collection":[{"href":"https:\/\/dekkbi.com\/index.php?rest_route=\/wp\/v2\/posts"}],"about":[{"href":"https:\/\/dekkbi.com\/index.php?rest_route=\/wp\/v2\/types\/post"}],"author":[{"embeddable":true,"href":"https:\/\/dekkbi.com\/index.php?rest_route=\/wp\/v2\/users\/1"}],"replies":[{"embeddable":true,"href":"https:\/\/dekkbi.com\/index.php?rest_route=%2Fwp%2Fv2%2Fcomments&post=60066"}],"version-history":[{"count":2,"href":"https:\/\/dekkbi.com\/index.php?rest_route=\/wp\/v2\/posts\/60066\/revisions"}],"predecessor-version":[{"id":60096,"href":"https:\/\/dekkbi.com\/index.php?rest_route=\/wp\/v2\/posts\/60066\/revisions\/60096"}],"wp:featuredmedia":[{"embeddable":true,"href":"https:\/\/dekkbi.com\/index.php?rest_route=\/wp\/v2\/media\/60067"}],"wp:attachment":[{"href":"https:\/\/dekkbi.com\/index.php?rest_route=%2Fwp%2Fv2%2Fmedia&parent=60066"}],"wp:term":[{"taxonomy":"category","embeddable":true,"href":"https:\/\/dekkbi.com\/index.php?rest_route=%2Fwp%2Fv2%2Fcategories&post=60066"},{"taxonomy":"post_tag","embeddable":true,"href":"https:\/\/dekkbi.com\/index.php?rest_route=%2Fwp%2Fv2%2Ftags&post=60066"}],"curies":[{"name":"wp","href":"https:\/\/api.w.org\/{rel}","templated":true}]}}