{"id":60063,"date":"2025-07-18T10:04:53","date_gmt":"2025-07-18T10:04:53","guid":{"rendered":"https:\/\/dekkbi.com\/?p=60063"},"modified":"2025-07-18T10:04:54","modified_gmt":"2025-07-18T10:04:54","slug":"touba-importante-declaration-de-cheikh-bass-en-prelude-du-grand-magal","status":"publish","type":"post","link":"https:\/\/dekkbi.com\/?p=60063","title":{"rendered":"TOUBA &#8211; Importante d\u00e9claration de Cheikh Bass en pr\u00e9lude du Grand Magal"},"content":{"rendered":"\n<p>Le Pr\u00e9sident du Comit\u00e9 d\u2019Organisation du Grand Magal de Touba, Serigne Bassirou Ibn Serigne Abdou Khadar Mback\u00e9, \u00e9galement Porte-parole du Khalif G\u00e9n\u00e9ral des Mourides, prononcera une d\u00e9claration importante ce dimanche 20 juillet \u00e0 16h30, \u00e0 la R\u00e9sidence Cheikhoul Khadim, face \u00e0 la Grande Mosqu\u00e9e de Touba.<\/p>\n\n\n\n<p>Cette intervention, qui r\u00e9unira les responsables du comit\u00e9 d\u2019organisation, portera sur les enjeux majeurs li\u00e9s \u00e0 l\u2019\u00e9dition 1447 H \/ 2025 du Grand Magal. L\u2019\u00e9v\u00e9nement religieux, qui attire chaque ann\u00e9e des millions de fid\u00e8les, entre dans une phase cruciale de pr\u00e9paration.<\/p>\n\n\n\n<p>L\u2019information est donn\u00e9e par la Commission Culture et Communication, pr\u00e9sid\u00e9e par Cheikh Abdoul Ahad Mback\u00e9.<\/p>\n\n\n\n<p>DAKARACTU<\/p>\n","protected":false},"excerpt":{"rendered":"<p>Le Pr\u00e9sident du Comit\u00e9 d\u2019Organisation du Grand Magal de Touba, Serigne Bassirou Ibn Serigne Abdou Khadar Mback\u00e9, \u00e9galement Porte-parole du<\/p>\n","protected":false},"author":1,"featured_media":60064,"comment_status":"open","ping_status":"open","sticky":false,"template":"","format":"standard","meta":{"footnotes":""},"categories":[21],"tags":[],"class_list":["post-60063","post","type-post","status-publish","format-standard","has-post-thumbnail","hentry","category-societe"],"_links":{"self":[{"href":"https:\/\/dekkbi.com\/index.php?rest_route=\/wp\/v2\/posts\/60063","targetHints":{"allow":["GET"]}}],"collection":[{"href":"https:\/\/dekkbi.com\/index.php?rest_route=\/wp\/v2\/posts"}],"about":[{"href":"https:\/\/dekkbi.com\/index.php?rest_route=\/wp\/v2\/types\/post"}],"author":[{"embeddable":true,"href":"https:\/\/dekkbi.com\/index.php?rest_route=\/wp\/v2\/users\/1"}],"replies":[{"embeddable":true,"href":"https:\/\/dekkbi.com\/index.php?rest_route=%2Fwp%2Fv2%2Fcomments&post=60063"}],"version-history":[{"count":1,"href":"https:\/\/dekkbi.com\/index.php?rest_route=\/wp\/v2\/posts\/60063\/revisions"}],"predecessor-version":[{"id":60065,"href":"https:\/\/dekkbi.com\/index.php?rest_route=\/wp\/v2\/posts\/60063\/revisions\/60065"}],"wp:featuredmedia":[{"embeddable":true,"href":"https:\/\/dekkbi.com\/index.php?rest_route=\/wp\/v2\/media\/60064"}],"wp:attachment":[{"href":"https:\/\/dekkbi.com\/index.php?rest_route=%2Fwp%2Fv2%2Fmedia&parent=60063"}],"wp:term":[{"taxonomy":"category","embeddable":true,"href":"https:\/\/dekkbi.com\/index.php?rest_route=%2Fwp%2Fv2%2Fcategories&post=60063"},{"taxonomy":"post_tag","embeddable":true,"href":"https:\/\/dekkbi.com\/index.php?rest_route=%2Fwp%2Fv2%2Ftags&post=60063"}],"curies":[{"name":"wp","href":"https:\/\/api.w.org\/{rel}","templated":true}]}}