{"id":60057,"date":"2025-07-18T09:54:35","date_gmt":"2025-07-18T09:54:35","guid":{"rendered":"https:\/\/dekkbi.com\/?p=60057"},"modified":"2025-07-18T09:54:36","modified_gmt":"2025-07-18T09:54:36","slug":"enseignement-superieur-le-saes-pose-les-conditions-dun-dialogue-sincere-et-durable","status":"publish","type":"post","link":"https:\/\/dekkbi.com\/?p=60057","title":{"rendered":"Enseignement sup\u00e9rieur : Le SAES pose les conditions d\u2019un dialogue sinc\u00e8re et durable"},"content":{"rendered":"\n<p><strong>Lors des concertations sur l\u2019enseignement sup\u00e9rieur pr\u00e9sid\u00e9es par le Chef de l\u2019\u00c9tat, le Secr\u00e9taire g\u00e9n\u00e9ral du Syndicat autonome de l\u2019enseignement sup\u00e9rieur (SAES), Pr David C\u00e9lestin Faye, a livr\u00e9 un discours r\u00e9affirmant l\u2019engagement du corps professoral tout en posant des revendications majeures pour une r\u00e9forme v\u00e9ritablement inclusive.<\/strong><\/p>\n\n\n\n<p>D\u2019entr\u00e9e, le Pr Faye a salu\u00e9 l\u2019invitation faite au SAES de prendre part aux \u00e9changes, tout en remerciant solennellement le Pr\u00e9sident de la R\u00e9publique pour la signature du d\u00e9cret rectifiant une injustice subie depuis des ann\u00e9es par les familles de coll\u00e8gues d\u00e9c\u00e9d\u00e9s. Toutefois, il a exprim\u00e9 une pr\u00e9occupation persistante : \u00ab Nous sommes toujours dans l\u2019attente de l\u2019application du D\u00e9cret \u00bb, a-t-il rappel\u00e9.<\/p>\n\n\n\n<p>Face \u00e0 une demande croissante d\u2019acc\u00e8s \u00e0 l\u2019enseignement sup\u00e9rieur, les universit\u00e9s s\u00e9n\u00e9galaises peinent \u00e0 suivre le rythme. Cette situation engendre, selon le SAES, \u00ab une instabilit\u00e9 dans les universit\u00e9s, une d\u00e9gradation des performances p\u00e9dagogiques et scientifiques, avec des taux de r\u00e9ussite trop faibles et d\u2019abandon trop \u00e9lev\u00e9s \u00bb.<\/p>\n\n\n\n<p>Le syndicat met \u00e9galement en lumi\u00e8re plusieurs d\u00e9fis structurels : lenteurs dans l\u2019ach\u00e8vement et l\u2019\u00e9quipement des chantiers universitaires ; budgets insuffisants pour couvrir les besoins en personnel, enseignement et recherche ;<\/p>\n\n\n\n<p>D\u00e9ficit chronique d\u2019enseignants, avec des cons\u00e9quences directes sur la qualit\u00e9 des formations ; pr\u00e9carit\u00e9 des enseignants vacataires ; absence d\u2019une politique de recherche clairement d\u00e9finie ; ins\u00e9curit\u00e9 persistante dans l\u2019espace universitaire.<\/p>\n\n\n\n<p><strong>Une r\u00e9forme, mais pas sans consensus<\/strong><\/p>\n\n\n\n<p>Pr\u00f4nant un esprit de r\u00e9forme, le SAES appelle toutefois \u00e0 une \u00ab d\u00e9marche inclusive et transparente \u00bb, condition essentielle \u00e0 la r\u00e9ussite de toute transformation du secteur. \u00ab L\u2019histoire r\u00e9cente a montr\u00e9 qu\u2019aucune r\u00e9forme ne saurait se faire sans un minimum de consensus \u00bb, a averti le secr\u00e9taire g\u00e9n\u00e9ral. Le Pr Faye a \u00e9galement insist\u00e9 sur la n\u00e9cessit\u00e9 d\u2019\u00e9valuer en profondeur les diff\u00e9rentes orientations strat\u00e9giques d\u00e9j\u00e0 adopt\u00e9es, notamment les recommandations de la CNAES, les d\u00e9cisions pr\u00e9sidentielles et les conclusions issues des Assises de l\u2019\u00c9ducation et de la Formation.<\/p>\n\n\n\n<p>Le SAES r\u00e9it\u00e8re sa volont\u00e9 d\u2019\u0153uvrer avec l\u2019\u00c9tat du S\u00e9n\u00e9gal pour un syst\u00e8me universitaire \u00ab pacifi\u00e9 et performant \u00bb, reposant sur les piliers que sont l\u2019autonomie, la responsabilit\u00e9 et la libert\u00e9 acad\u00e9mique.<\/p>\n","protected":false},"excerpt":{"rendered":"<p>Lors des concertations sur l\u2019enseignement sup\u00e9rieur pr\u00e9sid\u00e9es par le Chef de l\u2019\u00c9tat, le Secr\u00e9taire g\u00e9n\u00e9ral du Syndicat autonome de l\u2019enseignement<\/p>\n","protected":false},"author":1,"featured_media":60058,"comment_status":"open","ping_status":"open","sticky":false,"template":"","format":"standard","meta":{"footnotes":""},"categories":[21],"tags":[],"class_list":["post-60057","post","type-post","status-publish","format-standard","has-post-thumbnail","hentry","category-societe"],"_links":{"self":[{"href":"https:\/\/dekkbi.com\/index.php?rest_route=\/wp\/v2\/posts\/60057","targetHints":{"allow":["GET"]}}],"collection":[{"href":"https:\/\/dekkbi.com\/index.php?rest_route=\/wp\/v2\/posts"}],"about":[{"href":"https:\/\/dekkbi.com\/index.php?rest_route=\/wp\/v2\/types\/post"}],"author":[{"embeddable":true,"href":"https:\/\/dekkbi.com\/index.php?rest_route=\/wp\/v2\/users\/1"}],"replies":[{"embeddable":true,"href":"https:\/\/dekkbi.com\/index.php?rest_route=%2Fwp%2Fv2%2Fcomments&post=60057"}],"version-history":[{"count":1,"href":"https:\/\/dekkbi.com\/index.php?rest_route=\/wp\/v2\/posts\/60057\/revisions"}],"predecessor-version":[{"id":60059,"href":"https:\/\/dekkbi.com\/index.php?rest_route=\/wp\/v2\/posts\/60057\/revisions\/60059"}],"wp:featuredmedia":[{"embeddable":true,"href":"https:\/\/dekkbi.com\/index.php?rest_route=\/wp\/v2\/media\/60058"}],"wp:attachment":[{"href":"https:\/\/dekkbi.com\/index.php?rest_route=%2Fwp%2Fv2%2Fmedia&parent=60057"}],"wp:term":[{"taxonomy":"category","embeddable":true,"href":"https:\/\/dekkbi.com\/index.php?rest_route=%2Fwp%2Fv2%2Fcategories&post=60057"},{"taxonomy":"post_tag","embeddable":true,"href":"https:\/\/dekkbi.com\/index.php?rest_route=%2Fwp%2Fv2%2Ftags&post=60057"}],"curies":[{"name":"wp","href":"https:\/\/api.w.org\/{rel}","templated":true}]}}