{"id":60020,"date":"2025-07-17T12:06:31","date_gmt":"2025-07-17T12:06:31","guid":{"rendered":"https:\/\/dekkbi.com\/?p=60020"},"modified":"2025-07-17T12:08:16","modified_gmt":"2025-07-17T12:08:16","slug":"syrie-liban-les-druzes-face-a-un-tournant-historique","status":"publish","type":"post","link":"https:\/\/dekkbi.com\/?p=60020","title":{"rendered":"Syrie-Liban: les Druzes face \u00e0 un tournant historique"},"content":{"rendered":"\n<p>Plus de 300 personnes ont \u00e9t\u00e9 tu\u00e9es depuis dimanche 13 juillet dans les violences qui opposent \u00e0 Soue\u00efda, ville du sud de la Syrie \u00e0 majorit\u00e9 druze, des combattants de cette communaut\u00e9 et les forces gouvernementales syriennes. Ce jeudi, le pr\u00e9sident syrien Ahmed al-Charaa a annonc\u00e9 transf\u00e9rer aux druzes le maintien de la s\u00e9curit\u00e9 \u00e0 Soue\u00efda, mais le conflit s\u2019est complexifi\u00e9 avec l\u2019entr\u00e9e en jeu de l\u2019arm\u00e9e isra\u00e9lienne aux c\u00f4t\u00e9s des groupes arm\u00e9es druzes.<\/p>\n\n\n\n<p><strong>Par : Paul Khalifeh &#8211; <em> correspondant RFI \u00e0 Beyrouth,<\/em><\/strong><\/p>\n\n\n\n<p>Les raids massifs men\u00e9s par l\u2019aviation isra\u00e9lienne contre les convois de blind\u00e9s et d\u2019armes lourdes de l\u2019arm\u00e9e syrienne aux abords et \u00e0 l\u2019int\u00e9rieur de Soue\u00efda, et les frappes contre le minist\u00e8re de la D\u00e9fense, le QG de l\u2019\u00e9tat-major et d\u2019autres positions militaires \u00e0 Damas, ont permis de freiner l\u2019avanc\u00e9e des troupes envoy\u00e9es par le pouvoir damasc\u00e8ne.<\/p>\n\n\n\n<p>L\u2019intervention directe de l\u2019aviation isra\u00e9lienne a permis aux groupes arm\u00e9s druzes de reprendre le contr\u00f4le d\u2019une partie de Soue\u00efda, chef-lieu de la province \u00e9ponyme, situ\u00e9e \u00e0 la fronti\u00e8re avec la\u00a0<strong>Jordanie<\/strong>, non loin du Golan.<\/p>\n\n\n\n<p>L\u2019\u00e9mergence du facteur isra\u00e9lien dans ce conflit inter-syrien n\u2019est pas une surprise. Dans les semaines qui ont suivi la chute du r\u00e9gime de\u00a0<strong>Bachar el-Assad<\/strong>, en d\u00e9cembre 2024,\u00a0<strong>Benyamin Netanyahu<\/strong>\u00a0et d\u2019autres dirigeants isra\u00e9liens ont clairement exprim\u00e9 leur intention de se poser en protecteurs de cette communaut\u00e9 d\u2019un million de personnes, r\u00e9parties entre la Syrie, le Liban, Isra\u00ebl et une petite minorit\u00e9 en Jordanie.<\/p>\n\n\n\n<h2 class=\"wp-block-heading\">Au Liban, des si\u00e8cles de dynasties d\u2019\u00e9mirs druzes<\/h2>\n\n\n\n<p>Les Druzes, consid\u00e9r\u00e9s comme h\u00e9r\u00e9tiques par les groupes radicaux islamistes, sont n\u00e9s du chiisme isma\u00e9lien au d\u00e9but du Xe si\u00e8cle, sous l\u2019impulsion du calife \u00e9gyptien fatimide al-Hakem biamrallah (996\u20131021). Wadi el-Taym, au sud-est du\u00a0<strong>Liban<\/strong>, est le berceau des Druzes qui donneront des si\u00e8cles plus tard des dynasties d\u2019\u00e9mirs lesquels gouverneront, au nom des sultans ottomans, de vastes territoires qui s\u2019\u00e9tendront, \u00e0 l\u2019\u00e9poque de Fakhreddine II (1572-1635), jusqu\u2019au nord-ouest de la\u00a0<strong>Syrie<\/strong>, la r\u00e9gion de Homs et une partie de la Palestine.<\/p>\n\n\n\n<p>La migration des Druzes vers Soue\u00efda, le Golan et la Galil\u00e9e aura lieu au XVIe si\u00e8cle. Dans les ann\u00e9es qui suivent la cr\u00e9ation d\u2019Isra\u00ebl, en 1948, les Druzes acceptent d\u2019int\u00e9grer les institutions du nouvel \u00c9tat. C\u2019est la seule communaut\u00e9 arabe qui occupe des postes importants au sein des unit\u00e9s d\u2019\u00e9lite de l\u2019arm\u00e9e isra\u00e9lienne et des gardes-fronti\u00e8res. Au nombre de 153 000, ils sont essentiellement bas\u00e9s en Galil\u00e9e.<\/p>\n\n\n\n<p>Leur chef spirituel, cheikh Mouaffak Tarif, qui exerce \u00e9galement un r\u00f4le politique de premier plan, est un proche alli\u00e9 de Benyamin Netanyahu.<\/p>\n\n\n\n<h2 class=\"wp-block-heading\">Mouaffak Tarif : \u00ab&nbsp;<em>la bataille de Soue\u00efda est&nbsp;existentielle<\/em>&nbsp;\u00bb<\/h2>\n\n\n\n<p>D\u00e8s&nbsp;le d\u00e9but des combats \u00e0 Soue\u00efda, cheikh Tarif a parl\u00e9 d\u2019une \u00ab<em>&nbsp;bataille existentielle pour la communaut\u00e9 druze<\/em>&nbsp;\u00bb. Des sources proches du dignitaire cit\u00e9es par le&nbsp;<em>Haaretz<\/em>&nbsp;indiquent qu\u2019il a r\u00e9clam\u00e9 une \u00ab<em>&nbsp;intervention militaire&nbsp;<\/em>\u00bb contre les troupes syriennes envoy\u00e9es dans la province du sud de la Syrie.<\/p>\n\n\n\n<p>Le soutien de la communaut\u00e9 druze au gouvernement de Benyamin Netanyahu et plus largement sa loyaut\u00e9 vis-\u00e0-vis de l\u2019\u00c9tat d\u2019Isra\u00ebl sont des raisons suffisantes pour expliquer la d\u00e9cision du Premier ministre isra\u00e9lien d\u2019acc\u00e9der \u00e0 la requ\u00eate de Mouaffak Tarif.<\/p>\n\n\n\n<p>Cependant, ce n\u2019est pas la seule explication. Qu\u2019ils soient \u00e0 Soue\u00efda, au Golan ou au Liban, les Druzes occupent des espaces g\u00e9ographiques situ\u00e9s non loin des fronti\u00e8res nord de l\u2019\u00c9tat h\u00e9breu. En se rapprochant de cette communaut\u00e9, Isra\u00ebl esp\u00e8re compter sur un alli\u00e9 potentiel pour s\u00e9curiser son flanc septentrional. C\u2019est l\u2019un des piliers du plan de \u00ab&nbsp;<em>remodelage du Proche-Orient&nbsp;<\/em>\u00bb \u00e9voqu\u00e9 par Benyamin Netanyahu depuis les grands changements des rapports de force survenus ces deux derni\u00e8res ann\u00e9es. La normalisation des relations avec les p\u00e9tromonarchies du Golfe est un autre pilier de ce plan. &nbsp;<\/p>\n\n\n\n<p>C\u2019est dans la perspective de se rapprocher des Druzes de Syrie et du Liban qu\u2019Isra\u00ebl a encourag\u00e9 Mouaffak Tarif \u00e0 \u00e9tablir des relations avec des dignitaires religieux et des personnalit\u00e9s politiques de cette communaut\u00e9 dans ces deux pays.<\/p>\n\n\n\n<h2 class=\"wp-block-heading\">Isra\u00ebl tisse des liens avec les Druzes de Syrie et du Liban<\/h2>\n\n\n\n<p>En mars dernier, cheikh Tarif a invit\u00e9 une soixantaine de figures spirituelles de Soue\u00efda \u00e0 visiter le \u00ab\u00a0<em>sanctuaire du proph\u00e8te Choueib<\/em>\u00a0\u00bb, v\u00e9n\u00e9r\u00e9 par les Druzes, pr\u00e8s de Tib\u00e9riade, en Basse-Galil\u00e9e.\u00a0<strong>Ce p\u00e8lerinage avait \u00e9t\u00e9 organis\u00e9\u00a0<\/strong>par l\u2019un des trois chefs spirituels supr\u00eames (cheiks al-Aql) des Druzes de Soue\u00efda, cheikh Hikmat al-Hijri, en coordination avec Mouaffak Tarif. \u00a0<\/p>\n\n\n\n<p>Au Liban, Wiam Wahhab, un ancien ministre qui \u00e9tait proche de l\u2019ex-r\u00e9gime syrien et du Hezbollah, prend depuis des mois la d\u00e9fense de cheikh Tarif. Un virement de cap qui a surpris de nombreux observateurs \u00e0 Beyrouth. L\u2019option de la protection isra\u00e9lienne propos\u00e9e aux Druzes de Syrie \u2013 et par extension du Liban \u2013 est loin de faire l\u2019unanimit\u00e9 au sein de la communaut\u00e9.<\/p>\n\n\n\n<p>En Syrie, deux des trois principales figures religieuses, les cheikhs&nbsp;al-Aql&nbsp;Youssef Jarbouh et Hammoud al-Hannawi, rejettent toute tentation s\u00e9paratiste et plaident pour une solution n\u00e9goci\u00e9e \u00ab&nbsp;<em>\u00e0 l\u2019int\u00e9rieur des institutions de l\u2019\u00c9tat syrien<\/em>&nbsp;\u00bb. Ils sont toutefois en perte de vitesse sur le plan populaire en raison des exactions men\u00e9es par les troupes gouvernementales et des soup\u00e7ons qui entourent le nouveau pouvoir syrien sur ses intentions r\u00e9elles vis-\u00e0-vis des minorit\u00e9s. Des soup\u00e7ons aliment\u00e9s par les souffrances inflig\u00e9es \u00e0 la petite communaut\u00e9 druze d\u2019Idleb (16 000 personnes), qui avait pratiquement \u00e9t\u00e9 contrainte de renier ses croyances.<\/p>\n\n\n\n<h2 class=\"wp-block-heading\">Liban-Syrie, m\u00eame clivage chez les Druzes<\/h2>\n\n\n\n<p>Le troisi\u00e8me&nbsp;cheikh al-Aql Hikmat al-Hijri a, lui, le vent en poupe. Tenant d\u2019une ligne dure envers le pouvoir damasc\u00e8ne qu\u2019il a qualifi\u00e9 de \u00ab<em>&nbsp;radical&nbsp;<\/em>\u00bb en mars dernier, il est partisan d\u2019une large autonomie et r\u00e9clame une intervention \u00e9trang\u00e8re pour \u00ab<em>&nbsp;prot\u00e9ger les Druzes du g\u00e9nocide qu\u2019ils subissent&nbsp;<\/em>\u00bb.<\/p>\n\n\n\n<p>Cheikh al-Hijri a d\u00e9nonc\u00e9 tout accord de cessez-le-feu et appel\u00e9 les jeunes de la communaut\u00e9 \u00e0 prendre les armes pour repousser les troupes gouvernementales de Soue\u00efda.\u00a0Ce m\u00eame clivage est pr\u00e9sent chez les Druzes du Liban. Le chef historique de la communaut\u00e9,\u00a0<strong>Walid Joumblatt<\/strong>, est r\u00e9solument favorable \u00e0 une solution n\u00e9goci\u00e9e avec Damas et rejette toute forme de s\u00e9paratisme et de partition de la Syrie.<\/p>\n\n\n\n<p>M. Joumblatt, premier homme politique libanais \u00e0 se rendre \u00e0 Damas pour rencontrer le pr\u00e9sident de la transition, Ahmed al-Charaa, le 22 d\u00e9cembre, multiplie les mises en garde contre \u00ab&nbsp;<em>la tentation isra\u00e9lienne<\/em>&nbsp;\u00bb et d\u00e9nonce ce qu\u2019il appelle le \u00ab<em>&nbsp;pi\u00e8ge isra\u00e9lien<\/em>&nbsp;\u00bb. Le cheikh al-Aql du Liban, Sami Abou el-Mouna est proche des th\u00e8ses de Walid Joumblatt. Cependant, les positions jug\u00e9es conciliantes des deux personnalit\u00e9s suscitent un fort m\u00e9contentement chez une frange de plus en plus importante de la population et de l\u2019institution religieuse.<\/p>\n\n\n\n<p>Mercredi, des centaines de jeunes druzes ont bloqu\u00e9 la route Beyrouth-Damas dans le fief montagneux de la communaut\u00e9 pour protester contre \u00ab&nbsp;<em>les massacres perp\u00e9tr\u00e9s \u00e0 Soue\u00efda<\/em>&nbsp;\u00bb contre leurs coreligionnaires.<\/p>\n\n\n\n<p>Si la dynamique s\u00e9paratiste, aliment\u00e9e par l\u2019interventionnisme isra\u00e9lien, l\u2019emporte chez les Druzes de Syrie, la contagion vers le Liban sera difficile \u00e0 stopper. Dans le m\u00eame temps, si la r\u00e9bellion de Soue\u00efda est noy\u00e9e dans le sang, le ressentiment gagnera les Druzes de toute la r\u00e9gion.<\/p>\n\n\n\n<p>Les deux sc\u00e9narios seront dangereux et insupportables pour le pays du C\u00e8dre.<\/p>\n","protected":false},"excerpt":{"rendered":"<p>Plus de 300 personnes ont \u00e9t\u00e9 tu\u00e9es depuis dimanche 13 juillet dans les violences qui opposent \u00e0 Soue\u00efda, ville du<\/p>\n","protected":false},"author":1,"featured_media":60021,"comment_status":"open","ping_status":"open","sticky":false,"template":"","format":"standard","meta":{"footnotes":""},"categories":[51],"tags":[],"class_list":["post-60020","post","type-post","status-publish","format-standard","has-post-thumbnail","hentry","category-general"],"_links":{"self":[{"href":"https:\/\/dekkbi.com\/index.php?rest_route=\/wp\/v2\/posts\/60020","targetHints":{"allow":["GET"]}}],"collection":[{"href":"https:\/\/dekkbi.com\/index.php?rest_route=\/wp\/v2\/posts"}],"about":[{"href":"https:\/\/dekkbi.com\/index.php?rest_route=\/wp\/v2\/types\/post"}],"author":[{"embeddable":true,"href":"https:\/\/dekkbi.com\/index.php?rest_route=\/wp\/v2\/users\/1"}],"replies":[{"embeddable":true,"href":"https:\/\/dekkbi.com\/index.php?rest_route=%2Fwp%2Fv2%2Fcomments&post=60020"}],"version-history":[{"count":2,"href":"https:\/\/dekkbi.com\/index.php?rest_route=\/wp\/v2\/posts\/60020\/revisions"}],"predecessor-version":[{"id":60023,"href":"https:\/\/dekkbi.com\/index.php?rest_route=\/wp\/v2\/posts\/60020\/revisions\/60023"}],"wp:featuredmedia":[{"embeddable":true,"href":"https:\/\/dekkbi.com\/index.php?rest_route=\/wp\/v2\/media\/60021"}],"wp:attachment":[{"href":"https:\/\/dekkbi.com\/index.php?rest_route=%2Fwp%2Fv2%2Fmedia&parent=60020"}],"wp:term":[{"taxonomy":"category","embeddable":true,"href":"https:\/\/dekkbi.com\/index.php?rest_route=%2Fwp%2Fv2%2Fcategories&post=60020"},{"taxonomy":"post_tag","embeddable":true,"href":"https:\/\/dekkbi.com\/index.php?rest_route=%2Fwp%2Fv2%2Ftags&post=60020"}],"curies":[{"name":"wp","href":"https:\/\/api.w.org\/{rel}","templated":true}]}}