{"id":60014,"date":"2025-07-17T11:47:58","date_gmt":"2025-07-17T11:47:58","guid":{"rendered":"https:\/\/dekkbi.com\/?p=60014"},"modified":"2025-07-17T11:47:58","modified_gmt":"2025-07-17T11:47:58","slug":"en-mauritanie-le-premier-ministre-espagnol-vante-les-bienfaits-de-limmigration","status":"publish","type":"post","link":"https:\/\/dekkbi.com\/?p=60014","title":{"rendered":"En Mauritanie, le Premier ministre espagnol vante les bienfaits de l&rsquo;immigration"},"content":{"rendered":"\n<p>\u00a9 2025 AFP &#8211; Le Premier ministre espagnol Pedro S\u00e1nchez a vant\u00e9 mercredi \u00e0 Nouakchott les bienfaits de l&rsquo;immigration, qui a contribu\u00e9 aux \u00ab\u00a0progr\u00e8s et \u00e0 la bonne situation \u00e9conomique\u00a0\u00bb de son pays, mais il souhaite qu&rsquo;elle soit \u00ab\u00a0r\u00e9guli\u00e8re et ordonn\u00e9e\u00a0\u00bb.<\/p>\n\n\n\n<p>M. Sanchez effectue une visite dans ce pays de la c\u00f4te atlantique ouest-africaine qui sert de point de d\u00e9part \u00e0 de nombreux migrants venus de tout le continent pour tenter de rejoindre l&rsquo;Europe clandestinement, en entreprenant un p\u00e9rilleux voyage en mer en qu\u00eate d&rsquo;un avenir meilleur.<\/p>\n\n\n\n<p>Dans une d\u00e9claration \u00e0 la presse \u00e0 Nouackchott, en pr\u00e9sence du pr\u00e9sident mauritanien Mohamed Ould Cheikh El Ghazouani, le Premier ministre espagnol a \u00e9voqu\u00e9 le \u00ab\u00a0d\u00e9veloppement des pays qui sont aujourd&rsquo;hui les destinataires (des flux migratoires) comme l&rsquo;Espagne\u00a0\u00bb qui a \u00e9t\u00e9 un pays d&rsquo;\u00e9migration.<\/p>\n\n\n\n<p>\u00ab\u00a0Aujourd&rsquo;hui, les progr\u00e8s et la bonne situation \u00e9conomique de l&rsquo;Espagne doivent beaucoup \u00e0 l&rsquo;apport de l&rsquo;immigration, \u00e0 ces personnes venues y d\u00e9velopper leur projet de vie\u00a0\u00bb, a-t-il dit.<\/p>\n\n\n\n<p>Il s&rsquo;est dit favorable \u00e0 une coop\u00e9ration \u00ab\u00a0avec des pays comme la Mauritanie\u00a0\u00bb mais pour \u00ab\u00a0garantir une migration s\u00fbre, r\u00e9guli\u00e8re, ordonn\u00e9e, qui profite mutuellement \u00e0 nos soci\u00e9t\u00e9s\u00a0\u00bb.<\/p>\n\n\n\n<p>Le pr\u00e9sident mauritanien, s&rsquo;exprimant en arabe, a salu\u00e9 la coop\u00e9ration entre les deux pays et \u00ab\u00a0appr\u00e9ci\u00e9 l&rsquo;engagement du gouvernement espagnol \u00e0 d\u00e9fendre les causes justes et \u00e0 promouvoir la paix et la s\u00e9curit\u00e9 aux niveaux r\u00e9gional et international\u00a0\u00bb.<\/p>\n\n\n\n<p>Cette visite a permis de discuter avec le Premier ministre espagnol de \u00ab\u00a0questions vitales d&rsquo;int\u00e9r\u00eat commun, notamment les d\u00e9fis de la s\u00e9curit\u00e9, du d\u00e9veloppement, de la migration et des perspectives de coop\u00e9ration dans le domaine des \u00e9nergies\u00a0\u00bb, a-t-il ajout\u00e9.<\/p>\n\n\n\n<p>Les d\u00e9l\u00e9gations mauritanienne et espagnole ont par ailleurs sign\u00e9 mercredi \u00e0 Nouakchott quatre accords dans les domaines des transports et des infrastructures, de la s\u00e9curit\u00e9 sociale, de la cybers\u00e9curit\u00e9 ainsi que des parcs nationaux, selon un communiqu\u00e9 du gouvernement espagnol.<\/p>\n\n\n\n<p>M. S\u00e1nchez avait effectu\u00e9 fin ao\u00fbt 2024 une tourn\u00e9e dans trois pays ouest-africains points de d\u00e9part de migrants dont la Mauritanie, pour aider au d\u00e9veloppement de la \u00ab\u00a0migration circulaire\u00a0\u00bb, c&rsquo;est-\u00e0-dire l&rsquo;envoi en Espagne de travailleurs form\u00e9s en fonction des besoins de l&rsquo;\u00e9conomie espagnole.<\/p>\n\n\n\n<p>Nouakchott et Madrid s&rsquo;\u00e9taient alors mis d&rsquo;accord pour g\u00e9rer ensemble les flux migratoires.<\/p>\n\n\n\n<p>Des milliers de migrants ont perdu la vie ces derni\u00e8res ann\u00e9es en tentant de rejoindre l&rsquo;Europe depuis l&rsquo;Afrique via l&rsquo;archipel espagnol des Canaries, \u00e0 bord d&#8217;embarcations souvent surcharg\u00e9es. Sur la seule ann\u00e9e 2024, l&rsquo;ONG espagnole Caminando Fronteras a \u00e9tabli un bilan de 10.457 personnes mortes ou disparues en mer.<\/p>\n\n\n\n<p>Apr\u00e8s une ann\u00e9e record en 2024, marqu\u00e9e par l&rsquo;arriv\u00e9e de 46\u202f.843 migrants aux Canaries, le rythme s&rsquo;est nettement ralenti ces derniers mois, avec 10\u202f.882 arriv\u00e9es entre janvier et mi-mai, soit une baisse de 34,4\u202f% par rapport \u00e0 la m\u00eame p\u00e9riode l&rsquo;ann\u00e9e pr\u00e9c\u00e9dente, selon le minist\u00e8re de l&rsquo;Int\u00e9rieur.<\/p>\n\n\n\n<p><\/p>\n","protected":false},"excerpt":{"rendered":"<p>\u00a9 2025 AFP &#8211; Le Premier ministre espagnol Pedro S\u00e1nchez a vant\u00e9 mercredi \u00e0 Nouakchott les bienfaits de l&rsquo;immigration, qui<\/p>\n","protected":false},"author":1,"featured_media":60015,"comment_status":"open","ping_status":"open","sticky":false,"template":"","format":"standard","meta":{"footnotes":""},"categories":[51],"tags":[],"class_list":["post-60014","post","type-post","status-publish","format-standard","has-post-thumbnail","hentry","category-general"],"_links":{"self":[{"href":"https:\/\/dekkbi.com\/index.php?rest_route=\/wp\/v2\/posts\/60014","targetHints":{"allow":["GET"]}}],"collection":[{"href":"https:\/\/dekkbi.com\/index.php?rest_route=\/wp\/v2\/posts"}],"about":[{"href":"https:\/\/dekkbi.com\/index.php?rest_route=\/wp\/v2\/types\/post"}],"author":[{"embeddable":true,"href":"https:\/\/dekkbi.com\/index.php?rest_route=\/wp\/v2\/users\/1"}],"replies":[{"embeddable":true,"href":"https:\/\/dekkbi.com\/index.php?rest_route=%2Fwp%2Fv2%2Fcomments&post=60014"}],"version-history":[{"count":1,"href":"https:\/\/dekkbi.com\/index.php?rest_route=\/wp\/v2\/posts\/60014\/revisions"}],"predecessor-version":[{"id":60016,"href":"https:\/\/dekkbi.com\/index.php?rest_route=\/wp\/v2\/posts\/60014\/revisions\/60016"}],"wp:featuredmedia":[{"embeddable":true,"href":"https:\/\/dekkbi.com\/index.php?rest_route=\/wp\/v2\/media\/60015"}],"wp:attachment":[{"href":"https:\/\/dekkbi.com\/index.php?rest_route=%2Fwp%2Fv2%2Fmedia&parent=60014"}],"wp:term":[{"taxonomy":"category","embeddable":true,"href":"https:\/\/dekkbi.com\/index.php?rest_route=%2Fwp%2Fv2%2Fcategories&post=60014"},{"taxonomy":"post_tag","embeddable":true,"href":"https:\/\/dekkbi.com\/index.php?rest_route=%2Fwp%2Fv2%2Ftags&post=60014"}],"curies":[{"name":"wp","href":"https:\/\/api.w.org\/{rel}","templated":true}]}}