{"id":60008,"date":"2025-07-17T11:35:09","date_gmt":"2025-07-17T11:35:09","guid":{"rendered":"https:\/\/dekkbi.com\/?p=60008"},"modified":"2025-07-17T11:39:10","modified_gmt":"2025-07-17T11:39:10","slug":"larmee-francaise-quitte-le-senegal-fin-de-sa-presence-permanente-en-afrique-de-louest-et-centrale","status":"publish","type":"post","link":"https:\/\/dekkbi.com\/?p=60008","title":{"rendered":"L&rsquo;arm\u00e9e fran\u00e7aise quitte le S\u00e9n\u00e9gal, fin de sa pr\u00e9sence permanente en Afrique de l&rsquo;Ouest et centrale"},"content":{"rendered":"\n<p>Par Lucie PEYTERMANN &#8211; \u00a9 2025 AFP &#8211; L&rsquo;arm\u00e9e fran\u00e7aise a mis fin jeudi \u00e0 sa pr\u00e9sence militaire permanente en Afrique de l&rsquo;Ouest et centrale, lors d&rsquo;une c\u00e9r\u00e9monie solennelle et historique \u00e0 Dakar o\u00f9 elle a officiellement restitu\u00e9 ses deux derni\u00e8res installations militaires fran\u00e7aises au S\u00e9n\u00e9gal.<\/p>\n\n\n\n<p>Ce retrait fran\u00e7ais, amorc\u00e9 ces derni\u00e8res ann\u00e9es, intervient alors que la r\u00e9gion du Sahel est confront\u00e9e \u00e0 des attaques jihadistes croissantes et tr\u00e8s meurtri\u00e8res au Mali (dont une r\u00e9cente survenue tout pr\u00e8s de la fronti\u00e8re s\u00e9n\u00e9galaise), au Burkina Faso et au Niger.<\/p>\n\n\n\n<p>La c\u00e9r\u00e9monie de restitution a eu lieu jeudi matin \u00e0 Dakar, capitale du S\u00e9n\u00e9gal, qui accueillait des troupes fran\u00e7aises depuis son ind\u00e9pendance en 1960.<\/p>\n\n\n\n<p>Une remise symbolique des clefs du camp Geille, plus grande installation militaire fran\u00e7aise au S\u00e9n\u00e9gal, et de l&rsquo;escale a\u00e9ronautique militaire fran\u00e7aise \u00e0 l&rsquo;a\u00e9roport de Dakar, a \u00e9t\u00e9 organis\u00e9e entre le chef d&rsquo;\u00e9tat-major des arm\u00e9es du S\u00e9n\u00e9gal, le g\u00e9n\u00e9ral Mbaye Ciss\u00e9, et le g\u00e9n\u00e9ral Pascal Ianni, \u00e0 la t\u00eate du commandement de l&rsquo;arm\u00e9e fran\u00e7aise pour l&rsquo;Afrique, qui avait fait le d\u00e9placement.<\/p>\n\n\n\n<p>Pour le chef d&rsquo;\u00e9tat-major des arm\u00e9es du S\u00e9n\u00e9gal, la c\u00e9r\u00e9monie marque \u00ab\u00a0un tournant important dans le riche et long parcours militaire entre nos deux pays\u00a0\u00bb.<\/p>\n\n\n\n<h2 class=\"wp-block-heading\">\u00ab\u00a0Discussions fraternelles\u00a0\u00bb<\/h2>\n\n\n\n<figure class=\"wp-block-image\"><img decoding=\"async\" src=\"https:\/\/information.tv5monde.com\/sites\/tv5-info\/files\/styles\/entete\/public\/2025-07\/field_media_image-2941715-c0c64bc037d93b1c3ab29035dcdee77b79d86adb.jpg?itok=2p31H8sI\" alt=\"C\u00e9r\u00e9monie \u00e0 Dakar en pr\u00e9sence du chef d'\u00e9tat-major des arm\u00e9es du S\u00e9n\u00e9gal, le g\u00e9n\u00e9ral Mbaye Ciss\u00e9, et du\u00a0g\u00e9n\u00e9ral Pascal Ianni, \u00e0 la t\u00eate du commandement de l'arm\u00e9e fran\u00e7aise pour l'Afrique, le 17 juillet 2025\" title=\"C\u00e9r\u00e9monie \u00e0 Dakar en pr\u00e9sence du chef d'\u00e9tat-major des arm\u00e9es du S\u00e9n\u00e9gal, le g\u00e9n\u00e9ral Mbaye Ciss\u00e9, et du\u00a0g\u00e9n\u00e9ral Pascal Ianni, \u00e0 la t\u00eate du commandement de l'arm\u00e9e fran\u00e7aise pour l'Afrique, le 17 juillet 2025\"\/><\/figure>\n\n\n\n<p>C\u00e9r\u00e9monie \u00e0 Dakar en pr\u00e9sence du chef d&rsquo;\u00e9tat-major des arm\u00e9es du S\u00e9n\u00e9gal, le g\u00e9n\u00e9ral Mbaye Ciss\u00e9, et du\u00a0g\u00e9n\u00e9ral Pascal Ianni, \u00e0 la t\u00eate du commandement de l&rsquo;arm\u00e9e fran\u00e7aise pour l&rsquo;Afrique, le 17 juillet 2025 &#8211; AFP &#8211; Patrick Meinhardt<\/p>\n\n\n\n<p>Il a soulign\u00e9 dans son discours que ce retrait \u00e9tait \u00ab\u00a0l&rsquo;aboutissement de plusieurs mois de discussions amicales et fraternelles portant sur la r\u00e9trocession d\u00e9finitive des deux derni\u00e8res emprises\u00a0\u00bb.<\/p>\n\n\n\n<p>Le g\u00e9n\u00e9ral Mbaye Ciss\u00e9 a pr\u00e9cis\u00e9 que les deux arm\u00e9es avaient \u00ab\u00a0circonscrit de nouveaux objectifs\u00a0\u00bb, pour \u00ab\u00a0donner une nouveau contenu au partenariat s\u00e9curitaire\u00a0\u00bb entre les deux pays. \u00ab\u00a0Les arm\u00e9es s\u00e9n\u00e9galaises attendent de consolider les nombreux acquis sur le chemin de la qu\u00eate de l&rsquo;autonomie strat\u00e9gique\u00a0\u00bb, a-t-il conclu.<\/p>\n\n\n\n<p>De son c\u00f4t\u00e9, le g\u00e9n\u00e9ral Pascal Ianni a soulign\u00e9 \u00ab\u00a0la relation si sp\u00e9ciale et essentielle pour les pays de la r\u00e9gion\u00a0\u00bb entre les arm\u00e9es fran\u00e7aise et s\u00e9n\u00e9galaise, et s&rsquo;est dit \u00ab\u00a0fier du devoir accompli\u00a0\u00bb. \u00ab\u00a0La pr\u00e9sence militaire fran\u00e7aise au S\u00e9n\u00e9gal remonte \u00e0 plus de deux si\u00e8cles\u00a0\u00bb, a relev\u00e9 le g\u00e9n\u00e9ral fran\u00e7ais.<\/p>\n\n\n\n<p>\u00ab\u00a0Nous allons tourner une page de l&rsquo;histoire militaire de nos deux pays (&#8230;) une relation si sp\u00e9ciale et essentielle pour les pays de la r\u00e9gion\u00a0\u00bb, a-t-il lanc\u00e9.<\/p>\n\n\n\n<p>\u00ab\u00a0Nous op\u00e9rons un changement structurel de notre pr\u00e9sence\u00a0\u00bb en Afrique, a-t-il poursuivi. \u00ab\u00a0Ce changement est n\u00e9cessaire, nous devons r\u00e9inventer nos partenariats dans une Afrique dynamique et cela passe par une autre approche\u00a0\u00bb: \u00ab\u00a0nous devons agir diff\u00e9remment et nous n&rsquo;avons plus besoin de bases permanentes pour cela\u00a0\u00bb.<\/p>\n\n\n\n<p>Depuis 2022, l&rsquo;arm\u00e9e fran\u00e7aise a mis fin \u00e0 sa pr\u00e9sence permanente au Mali, au Burkina Faso, au Niger, au Tchad, en C\u00f4te d&rsquo;Ivoire et au Gabon, o\u00f9 la base fran\u00e7aise s&rsquo;est mu\u00e9e en \u00ab\u00a0camp partag\u00e9\u00a0\u00bb gabono-fran\u00e7ais ax\u00e9 sur la formation.<\/p>\n\n\n\n<p>Ce jeudi marque la fin officielle des El\u00e9ments Fran\u00e7ais au S\u00e9n\u00e9gal (EFS), qui comprenaient environ 350 militaires fran\u00e7ais ayant pour mission principale de conduire des activit\u00e9s de partenariat militaire op\u00e9rationnel avec les forces arm\u00e9es s\u00e9n\u00e9galaises.<\/p>\n\n\n\n<h2 class=\"wp-block-heading\">\u00ab\u00a0Pays souverain\u00a0\u00bb<\/h2>\n\n\n\n<p>Le retrait fran\u00e7ais avait \u00e9t\u00e9 entam\u00e9 en mars et plusieurs installations avaient d\u00e9j\u00e0 \u00e9t\u00e9 restitu\u00e9es depuis d\u00e9but mars par l&rsquo;arm\u00e9e fran\u00e7aise.<\/p>\n\n\n\n<p>Le camp Geille, situ\u00e9 dans le quartier de Ouakam \u00e0 Dakar, abritait le poste de commandement de l&rsquo;\u00e9tat-major interarm\u00e9es et l&rsquo;unit\u00e9 de coop\u00e9ration r\u00e9gionale.<\/p>\n\n\n\n<figure class=\"wp-block-image\"><img decoding=\"async\" src=\"https:\/\/information.tv5monde.com\/sites\/tv5-info\/files\/styles\/entete\/public\/2025-07\/field_media_image-2941716-8a0442c6f436db46afa67fde9e8b7f4c3fc3947e.jpg?itok=XoR55SAk\" alt=\"Un avion de reconnaissance \u00e0 la base a\u00e9rienne fran\u00e7aise de Dakar, le 7 juin 2009\" title=\"Un avion de reconnaissance \u00e0 la base a\u00e9rienne fran\u00e7aise de Dakar, le 7 juin 2009\"\/><\/figure>\n\n\n\n<p>Un avion de reconnaissance \u00e0 la base a\u00e9rienne fran\u00e7aise de Dakar, le 7 juin 2009  &#8211; AFP\/Archives &#8211; GEORGES GOBET<\/p>\n\n\n\n<p>Le S\u00e9n\u00e9gal est rest\u00e9 apr\u00e8s son ind\u00e9pendance l&rsquo;un des alli\u00e9s africains les plus s\u00fbrs de la France, ancienne puissance coloniale dominante en Afrique de l&rsquo;Ouest. La Colonie du S\u00e9n\u00e9gal fut, au d\u00e9but du XVIIe si\u00e8cle, l&rsquo;une des premi\u00e8res entit\u00e9s territoriales fran\u00e7aises \u00e9tablies sur le continent.<\/p>\n\n\n\n<p>Mais les nouveaux dirigeants en fonction depuis avril 2024 ont promis de traiter d\u00e9sormais la France \u00e0 l&rsquo;\u00e9gal des autres partenaires \u00e9trangers, au nom d&rsquo;une souverainet\u00e9 recouvr\u00e9e.<\/p>\n\n\n\n<p>Le pr\u00e9sident s\u00e9n\u00e9galais Bassirou Diomaye Faye, arriv\u00e9 au pouvoir avec un agenda de rupture, avait annonc\u00e9 en novembre 2024 la fin, en 2025, de toute pr\u00e9sence militaire fran\u00e7aise et \u00e9trang\u00e8re sur le sol national.<\/p>\n\n\n\n<p>\u00ab\u00a0Le S\u00e9n\u00e9gal est un pays ind\u00e9pendant, c&rsquo;est un pays souverain et la souverainet\u00e9 ne s&rsquo;accommode pas de la pr\u00e9sence de bases militaires dans un pays souverain\u00a0\u00bb, avait alors d\u00e9clar\u00e9 M. Faye. Il avait assur\u00e9 qu&rsquo;il ne s&rsquo;agissait pas d&rsquo;un acte de \u00ab\u00a0rupture\u00a0\u00bb et d\u00e9fendu un \u00ab\u00a0partenariat r\u00e9nov\u00e9\u00a0\u00bb avec l&rsquo;ancienne puissance coloniale.<\/p>\n\n\n\n<p>La pr\u00e9sence militaire fran\u00e7aise au S\u00e9n\u00e9gal a repos\u00e9 depuis 1960 sur des accords de d\u00e9fense et de coop\u00e9ration bilat\u00e9raux, avec un \u00ab\u00a0appui \u00e0 construction\u00a0\u00bb de l&rsquo;arm\u00e9e s\u00e9n\u00e9galaise entre 1960 et 1974.<\/p>\n\n\n\n<p>Ce retrait avait de fait \u00e9t\u00e9 act\u00e9 c\u00f4t\u00e9 fran\u00e7ais \u00e0 partir de 2011\/2012.<\/p>\n\n\n\n<p>En 2011, les Forces Fran\u00e7aises du Cap-Vert (FFCV), cr\u00e9es en 1974, avaient laiss\u00e9 la place aux EFS, ne disposant pas d&rsquo;unit\u00e9s combattantes mais d&rsquo;un r\u00e9servoir d&rsquo;instructeurs sp\u00e9cialis\u00e9s.<\/p>\n\n\n\n<figure class=\"wp-block-image\"><img decoding=\"async\" src=\"https:\/\/information.tv5monde.com\/sites\/tv5-info\/files\/styles\/entete\/public\/2025-07\/field_media_image-2941742-776391e8622ff44b64dfb0bc0fba8c9d19d02238.jpg?itok=UP-jX_PB\" alt=\"C\u00e9r\u00e9monie \u00e0 Dakar en pr\u00e9sence du chef d'\u00e9tat-major des arm\u00e9es du S\u00e9n\u00e9gal, le g\u00e9n\u00e9ral Mbaye Ciss\u00e9, et du\u00a0g\u00e9n\u00e9ral Pascal Ianni, \u00e0 la t\u00eate du commandement de l'arm\u00e9e fran\u00e7aise pour l'Afrique, le 17 juillet 2025\" title=\"C\u00e9r\u00e9monie \u00e0 Dakar en pr\u00e9sence du chef d'\u00e9tat-major des arm\u00e9es du S\u00e9n\u00e9gal, le g\u00e9n\u00e9ral Mbaye Ciss\u00e9, et du\u00a0g\u00e9n\u00e9ral Pascal Ianni, \u00e0 la t\u00eate du commandement de l'arm\u00e9e fran\u00e7aise pour l'Afrique, le 17 juillet 2025\"\/><\/figure>\n\n\n\n<p>C\u00e9r\u00e9monie \u00e0 Dakar en pr\u00e9sence du chef d&rsquo;\u00e9tat-major des arm\u00e9es du S\u00e9n\u00e9gal, le g\u00e9n\u00e9ral Mbaye Ciss\u00e9, et du\u00a0g\u00e9n\u00e9ral Pascal Ianni, \u00e0 la t\u00eate du commandement de l&rsquo;arm\u00e9e fran\u00e7aise pour l&rsquo;Afrique, le 17 juillet 2025  &#8211; AFP &#8211; Patrick MEINHARDT<\/p>\n\n\n\n<p>En 2012, un changement de la forme du partenariat militaire est ent\u00e9rin\u00e9 par la signature du trait\u00e9 instituant un partenariat en mati\u00e8re de coop\u00e9ration militaire entre les deux pays. La d\u00e9fense de l&rsquo;int\u00e9grit\u00e9 du territoire est alors assur\u00e9e par les seules forces arm\u00e9es s\u00e9n\u00e9galaises (plus d&rsquo;unit\u00e9s combattantes fran\u00e7aises).<\/p>\n\n\n\n<p>Le retrait fran\u00e7ais du S\u00e9n\u00e9gal s&rsquo;est fait dans la concertation, dans un paysage sur le continent africain largement d\u00e9fiant sinon hostile envers la pr\u00e9sence fran\u00e7aise.<\/p>\n\n\n\n<p>Face \u00e0 la prise de pouvoir, par des putschs, de juntes devenues hostiles au Sahel, l&rsquo;arm\u00e9e fran\u00e7aise d\u00e9ploy\u00e9e dans la lutte antijihadiste a d\u00fb plier bagage, de gr\u00e9 ou de force.<\/p>\n\n\n\n<p>Elle dispose toujours d&rsquo;une base, \u00e0 Djibouti, qui accueille 1.500 personnes. Paris souhaite en faire un \u00ab\u00a0point de projection\u00a0\u00bb pour les \u00ab\u00a0missions\u00a0\u00bb en Afrique, apr\u00e8s le retrait de ses forces du Sahel.<\/p>\n","protected":false},"excerpt":{"rendered":"<p>Par Lucie PEYTERMANN &#8211; \u00a9 2025 AFP &#8211; L&rsquo;arm\u00e9e fran\u00e7aise a mis fin jeudi \u00e0 sa pr\u00e9sence militaire permanente en<\/p>\n","protected":false},"author":1,"featured_media":60009,"comment_status":"open","ping_status":"open","sticky":false,"template":"","format":"standard","meta":{"footnotes":""},"categories":[6],"tags":[],"class_list":["post-60008","post","type-post","status-publish","format-standard","has-post-thumbnail","hentry","category-politics"],"_links":{"self":[{"href":"https:\/\/dekkbi.com\/index.php?rest_route=\/wp\/v2\/posts\/60008","targetHints":{"allow":["GET"]}}],"collection":[{"href":"https:\/\/dekkbi.com\/index.php?rest_route=\/wp\/v2\/posts"}],"about":[{"href":"https:\/\/dekkbi.com\/index.php?rest_route=\/wp\/v2\/types\/post"}],"author":[{"embeddable":true,"href":"https:\/\/dekkbi.com\/index.php?rest_route=\/wp\/v2\/users\/1"}],"replies":[{"embeddable":true,"href":"https:\/\/dekkbi.com\/index.php?rest_route=%2Fwp%2Fv2%2Fcomments&post=60008"}],"version-history":[{"count":1,"href":"https:\/\/dekkbi.com\/index.php?rest_route=\/wp\/v2\/posts\/60008\/revisions"}],"predecessor-version":[{"id":60010,"href":"https:\/\/dekkbi.com\/index.php?rest_route=\/wp\/v2\/posts\/60008\/revisions\/60010"}],"wp:featuredmedia":[{"embeddable":true,"href":"https:\/\/dekkbi.com\/index.php?rest_route=\/wp\/v2\/media\/60009"}],"wp:attachment":[{"href":"https:\/\/dekkbi.com\/index.php?rest_route=%2Fwp%2Fv2%2Fmedia&parent=60008"}],"wp:term":[{"taxonomy":"category","embeddable":true,"href":"https:\/\/dekkbi.com\/index.php?rest_route=%2Fwp%2Fv2%2Fcategories&post=60008"},{"taxonomy":"post_tag","embeddable":true,"href":"https:\/\/dekkbi.com\/index.php?rest_route=%2Fwp%2Fv2%2Ftags&post=60008"}],"curies":[{"name":"wp","href":"https:\/\/api.w.org\/{rel}","templated":true}]}}