{"id":59981,"date":"2025-07-17T10:20:00","date_gmt":"2025-07-17T10:20:00","guid":{"rendered":"https:\/\/dekkbi.com\/?p=59981"},"modified":"2025-07-17T10:20:01","modified_gmt":"2025-07-17T10:20:01","slug":"conseil-des-ministres-du-16-juillet-2025-ce-quil-faut-retenir","status":"publish","type":"post","link":"https:\/\/dekkbi.com\/?p=59981","title":{"rendered":"Conseil des ministres du 16 juillet 2025: Ce qu\u2019il faut retenir"},"content":{"rendered":"\n<p><strong>R\u00e9uni ce mercredi 16 juillet 2025 au Palais de la R\u00e9publique, le Conseil des ministres, pr\u00e9sid\u00e9 par le Chef de l\u2019\u00c9tat Bassirou Diomaye Diakhar Faye, a \u00e9t\u00e9 marqu\u00e9 par plusieurs d\u00e9cisions strat\u00e9giques. Il s\u2019agit principalement de : la mise en \u0153uvre des recommandations issues du Dialogue national, la pr\u00e9servation des ressources naturelles, &nbsp;la reconnaissance de la diaspora s\u00e9n\u00e9galaise\u2026<\/strong><\/p>\n\n\n\n<p><strong>Des r\u00e9formes politiques majeures attendues apr\u00e8s le Dialogue national<\/strong><\/p>\n\n\n\n<p>En ouverture de la s\u00e9ance, le Pr\u00e9sident de la R\u00e9publique est revenu sur un moment fort de l\u2019actualit\u00e9 nationale : la remise, le 14 juillet, du rapport g\u00e9n\u00e9ral du Dialogue national sur le syst\u00e8me politique. Il a salu\u00e9 le travail accompli et l\u2019esprit de consensus qui a pr\u00e9valu tout au long du processus. \u00ab Le Pr\u00e9sident de la R\u00e9publique est revenu sur le Rapport g\u00e9n\u00e9ral du Dialogue national sur le syst\u00e8me politique qu\u2019il a re\u00e7u le lundi 14 juillet 2025. Il a f\u00e9licit\u00e9 le facilitateur g\u00e9n\u00e9ral, le directoire, les commissions du dialogue national et l\u2019ensemble des participants, notamment ceux ayant int\u00e9gr\u00e9 la plateforme \u201cJubbanti\u201d, pour leur mobilisation, leur contribution de qualit\u00e9 et leur engagement patriotique\u00a0\u00bb, peut-on lire dans le communiqu\u00e9 du Conseil de ce mercredi.<\/p>\n\n\n\n<p>Le chef de l\u2019\u00c9tat a particuli\u00e8rement soulign\u00e9 la richesse des recommandations formul\u00e9es. \u00ab Il a salu\u00e9 la qualit\u00e9 et l\u2019exhaustivit\u00e9 des recommandations th\u00e9matiques et op\u00e9rationnelles consensuelles, visant fondamentalement le renforcement de l\u2019\u00c9tat de droit, le respect de l\u2019autorit\u00e9 de l\u2019\u00c9tat et des institutions de la R\u00e9publique, la restauration de la confiance des S\u00e9n\u00e9galais en la justice, ainsi que l\u2019approfondissement et le rayonnement permanent de notre d\u00e9mocratie. \u00bb<\/p>\n\n\n\n<p>Souhaitant traduire ces conclusions en actions concr\u00e8tes, il a annonc\u00e9 la cr\u00e9ation d\u2019un m\u00e9canisme d\u00e9di\u00e9. \u00ab Il a inform\u00e9 le Conseil de sa d\u00e9cision de mettre en place un Comit\u00e9 sp\u00e9cial charg\u00e9, dans un d\u00e9lai de trois (03) mois maximum, de proposer les textes l\u00e9gislatifs et r\u00e9glementaires, de m\u00eame que les modalit\u00e9s devant mat\u00e9rialiser les recommandations consensuelles issues du Dialogue national sur le syst\u00e8me politique. \u00bb<\/p>\n\n\n\n<p><strong>Pr\u00e9server les for\u00eats, promouvoir l\u2019arbre et renforcer l\u2019\u00e9cosyst\u00e8me<\/strong><\/p>\n\n\n\n<p>Le Conseil s\u2019est \u00e9galement pench\u00e9 sur la question environnementale, avec un focus sur la protection des massifs forestiers du pays. Le Pr\u00e9sident Faye a tenu \u00e0 rappeler l\u2019urgence \u00e9cologique: \u00ab\u00a0le Gouvernement doit assurer sur l\u2019\u00e9tendue du territoire national la protection et la pr\u00e9servation de nos massifs forestiers\u00a0\u00bb.Dans cette dynamique, il a donn\u00e9 des instructions pr\u00e9cises aux minist\u00e8res concern\u00e9s pour intensifier les efforts de reboisement et de gestion durable des for\u00eats.<\/p>\n\n\n\n<p>\u00c0 l\u2019approche de la Journ\u00e9e nationale de l\u2019Arbre, pr\u00e9vue le 3 ao\u00fbt 2025, le chef de l\u2019\u00c9tat a d\u00e9voil\u00e9 le th\u00e8me choisi cette ann\u00e9e.\u00ab Reboisement, Souverainet\u00e9 alimentaire et D\u00e9veloppement territorial durable, avec comme arbres parrains \u201cle Manguier\u201d et \u201cle Baobab\u201d&nbsp;\u00bb, apprend-on du communiqu\u00e9.<\/p>\n\n\n\n<p><strong>Industries extractives et souverainet\u00e9 pharmaceutique : une transparence renforc\u00e9e exig\u00e9e<\/strong><\/p>\n\n\n\n<p>Poursuivant sa volont\u00e9 d\u2019une gouvernance sobre et vertueuse, le Pr\u00e9sident a abord\u00e9 la question de la transparence dans les industries extractives. Alors que le S\u00e9n\u00e9gal se pr\u00e9pare \u00e0 l\u2019\u00e9valuation ITIE 2025, il a insist\u00e9 sur le respect des engagements internationaux et l\u2019importance d\u2019une gestion rigoureuse.<\/p>\n\n\n\n<p>Il a \u00e9galement ordonn\u00e9 la finalisation des textes r\u00e9glementaires sur la transparence des b\u00e9n\u00e9ficiaires effectifs, la redistribution des revenus miniers et l\u2019activation des fonds d\u00e9di\u00e9s au d\u00e9veloppement local.<\/p>\n\n\n\n<p>Autre axe majeur \u00e9voqu\u00e9 : la lutte contre la vente illicite de m\u00e9dicaments et la n\u00e9cessit\u00e9 de structurer durablement le secteur pharmaceutique. Le Pr\u00e9sident a rappel\u00e9 l\u2019urgence d\u2019une r\u00e9ponse coordonn\u00e9e entre le minist\u00e8re de la Sant\u00e9, de l\u2019Int\u00e9rieur et l\u2019Ordre des pharmaciens.<\/p>\n\n\n\n<p>La cartographie des officines et d\u00e9p\u00f4ts autoris\u00e9s, l\u2019identification des entreprises pharmaceutiques, ainsi qu\u2019un audit global de l\u2019action de l\u2019\u00c9tat dans ce secteur ont \u00e9t\u00e9 exig\u00e9s. \u00ab&nbsp;Afin d\u2019asseoir la souverainet\u00e9 pharmaceutique, il a indiqu\u00e9 au Ministre de la Sant\u00e9 et de l\u2019Action sociale, la n\u00e9cessit\u00e9 d\u2019une \u00e9valuation int\u00e9grale des interventions de l\u2019Etat dans le secteur du m\u00e9dicament et de la pharmacie. Il a appel\u00e9 \u00e0 un suivi ad\u00e9quat des plans de redressement, de relance et de d\u00e9veloppement des activit\u00e9s des industries pharmaceutiques et de la Pharmacie nationale d\u2019Approvisionnement, entit\u00e9 dont le repositionnement dans l\u2019\u00e9cosyst\u00e8me, demeure prioritaire&nbsp;\u00bb, note-on dans le communiqu\u00e9 du conseil.<\/p>\n\n\n\n<p><strong>Une Journ\u00e9e nationale pour la diaspora s\u00e9n\u00e9galaise<\/strong><\/p>\n\n\n\n<p>La diaspora, 15\u00e8me r\u00e9gion repr\u00e9sent\u00e9e \u00e0 l\u2019Assembl\u00e9e nationale a un fort impact car, selon le Pr\u00e9sident de la R\u00e9publique: \u00ab\u00a0en plus de son impact \u00e9conomique significatif \u00e0 travers notamment les transferts financiers, elle est activement impliqu\u00e9e dans les initiatives de d\u00e9veloppement local, l\u2019innovation, le transfert de comp\u00e9tences et la promotion des valeurs culturelles du S\u00e9n\u00e9gal \u00e0 l\u2019Etranger\u00a0\u00bb. Donc, dans un geste hautement symbolique, le chef de l\u2019\u00c9tat a officialis\u00e9 la cr\u00e9ation d\u2019une Journ\u00e9e nationale d\u00e9di\u00e9e \u00e0 la diaspora qui sera c\u00e9l\u00e9br\u00e9e le 17 d\u00e9cembre de chaque ann\u00e9e.<\/p>\n","protected":false},"excerpt":{"rendered":"<p>R\u00e9uni ce mercredi 16 juillet 2025 au Palais de la R\u00e9publique, le Conseil des ministres, pr\u00e9sid\u00e9 par le Chef de<\/p>\n","protected":false},"author":1,"featured_media":43464,"comment_status":"open","ping_status":"open","sticky":false,"template":"","format":"standard","meta":{"footnotes":""},"categories":[6],"tags":[],"class_list":["post-59981","post","type-post","status-publish","format-standard","has-post-thumbnail","hentry","category-politics"],"_links":{"self":[{"href":"https:\/\/dekkbi.com\/index.php?rest_route=\/wp\/v2\/posts\/59981","targetHints":{"allow":["GET"]}}],"collection":[{"href":"https:\/\/dekkbi.com\/index.php?rest_route=\/wp\/v2\/posts"}],"about":[{"href":"https:\/\/dekkbi.com\/index.php?rest_route=\/wp\/v2\/types\/post"}],"author":[{"embeddable":true,"href":"https:\/\/dekkbi.com\/index.php?rest_route=\/wp\/v2\/users\/1"}],"replies":[{"embeddable":true,"href":"https:\/\/dekkbi.com\/index.php?rest_route=%2Fwp%2Fv2%2Fcomments&post=59981"}],"version-history":[{"count":1,"href":"https:\/\/dekkbi.com\/index.php?rest_route=\/wp\/v2\/posts\/59981\/revisions"}],"predecessor-version":[{"id":59982,"href":"https:\/\/dekkbi.com\/index.php?rest_route=\/wp\/v2\/posts\/59981\/revisions\/59982"}],"wp:featuredmedia":[{"embeddable":true,"href":"https:\/\/dekkbi.com\/index.php?rest_route=\/wp\/v2\/media\/43464"}],"wp:attachment":[{"href":"https:\/\/dekkbi.com\/index.php?rest_route=%2Fwp%2Fv2%2Fmedia&parent=59981"}],"wp:term":[{"taxonomy":"category","embeddable":true,"href":"https:\/\/dekkbi.com\/index.php?rest_route=%2Fwp%2Fv2%2Fcategories&post=59981"},{"taxonomy":"post_tag","embeddable":true,"href":"https:\/\/dekkbi.com\/index.php?rest_route=%2Fwp%2Fv2%2Ftags&post=59981"}],"curies":[{"name":"wp","href":"https:\/\/api.w.org\/{rel}","templated":true}]}}