{"id":59977,"date":"2025-07-17T10:06:36","date_gmt":"2025-07-17T10:06:36","guid":{"rendered":"https:\/\/dekkbi.com\/?p=59977"},"modified":"2025-07-17T10:17:16","modified_gmt":"2025-07-17T10:17:16","slug":"affaires-des-journalistes-et-des-detenus-les-avocats-de-la-defense-attaquent-a-linternational","status":"publish","type":"post","link":"https:\/\/dekkbi.com\/?p=59977","title":{"rendered":"Affaires des journalistes et des d\u00e9tenus: Les avocats de la d\u00e9fense attaquent \u00e0 l\u2019international"},"content":{"rendered":"\n<p><strong>Les conseils des personnalit\u00e9s politiques et m\u00e9diatiques, \u00e9cartel\u00e9s entre plusieurs proc\u00e9dures, vont mener la bataille au niveau international pour contraindre l\u2019Etat du S\u00e9n\u00e9gal \u00e0 respecter les droits des pr\u00e9venus. Il y a la saisine des organismes de l\u2019Onu et de la Cour de justice de la CEDEAO en ce sens.<\/strong><\/p>\n\n\n\n<p>Depuis 15 mois, il y a une liste aussi longue que le bras de d\u00e9tenus pour des crimes suppos\u00e9s financiers et aussi d\u2019opinion. Une situation qui met le pays dans une tension judiciaire permanente. Aujourd\u2019hui, les avocats de la d\u00e9fense ont d\u00e9cid\u00e9 d\u2019enclencher une forme de contre-offensive au niveau international pour contraindre l\u2019Etat du S\u00e9n\u00e9gal \u00e0 ne \u00abpas entraver les droits\u00bb des d\u00e9tenus. Il y a Lat Diop, Farba Ngom, Tahirou Sarr, Mansour Faye, Moustapha Diop, Mous\u00adtapha Diakhat\u00e9, Bachir Fofana\u2026 Et d\u2019autres qui sont aussi sous contr\u00f4le judiciaire, sou\u00admis \u00e0 des proc\u00e9dures \u00abin\u00adqui\u00e9tantes\u00bb et \u00abl\u2019instrumentalisation\u00bb de la Justice. Les avocats \u00e9voquent une quinzaine de proc\u00e9dures \u00ab\u00e9mergentes\u00bb im\u00adpliquant d\u2019anciens mi\u00adnis\u00adtres et hommes politiques, des chroniqueurs et journalistes, poursuivis et \u00abparfois condamn\u00e9s pour des d\u00e9lits qui, souvent, constituent des entraves\u00bb.<\/p>\n\n\n\n<p>Les avocats s\u00e9n\u00e9galais, qui m\u00e8nent la \u00abbataille\u00bb judiciaire depuis le d\u00e9but, se sont adjoints le Cabinet Vey et associ\u00e9s, pour plaider aussi \u00e0 l\u2019international. \u00abLe S\u00e9n\u00e9gal est une grande d\u00e9mocratie dans laquelle les gens s\u2019identifient au respect de leurs droits individuels. Nous avons \u00e0 c\u0153ur d\u2019informer et d\u2019activer les leviers juridiques nationaux et internationaux\u00bb, d\u00e9clare Me Antoine Vey, avocat aux barreaux de Paris et de Gen\u00e8ve, entour\u00e9 de ses confr\u00e8res Me Oumar Youm et Me Amadou Sall. Il expose un \u00abph\u00e9nom\u00e8ne assez inqui\u00e9tant\u00bb : \u00abUne succession de personnalit\u00e9s mises en cause judiciairement par une juridiction qui semble elle-m\u00eame largement politis\u00e9e. Il est \u00e0 craindre l\u2019instrumentalisation de l\u2019appareil judiciaire.\u00bb Dans le viseur, il y a la Haute cour de justice dont le fonctionnement ne respecterait pas les \u00abdroits\u00bb des pr\u00e9venus. Une premi\u00e8re requ\u00eate a \u00e9t\u00e9 d\u00e9pos\u00e9e il y a une dizaine de jours aupr\u00e8s du Rapporteur sp\u00e9cial des Nations unies. \u00abC\u2019est un organisme judiciaire qui pose des difficult\u00e9s car largement contr\u00f4l\u00e9 par une majorit\u00e9 politique qui veut s\u2019affranchir, sous des mobiles partisans, des r\u00e8gles de Droit et de leur application\u00bb, rappelle Me Vey. Il a fait un constat\u00a0: \u00abLes fonds de dossiers ne sont pas convaincants. Ce sont juste des accusations tr\u00e8s peu \u00e9tay\u00e9es et qui reposent sur peu d\u2019\u00e9l\u00e9ments objectifs (all\u00e9gations de mauvaise gestion des ressources, etc.).\u00bb Le recours engag\u00e9 vise, selon lui, \u00e0 alerter sur un fait : \u00abDes saisines massives d\u2019autorit\u00e9s judiciaires qui ne pr\u00e9sentent pas de garanties en termes de recours, de droit de la preuve et d\u2019impartialit\u00e9.\u00bb Pour lui, \u00abcertains dossiers sont en train de se terminer dans leur instruction, m\u00eame si on a du mal \u00e0 comprendre comment des dossiers aussi peu structur\u00e9s pourraient \u00eatre envoy\u00e9s devant un Tribunal\u00bb.<\/p>\n\n\n\n<p><strong>Me Antoine Vey g\u00e8re la veille \u00e0 l\u2019international<\/strong><\/p>\n\n\n\n<p>Par ailleurs, Me Vey a saisi le Groupe de travail sur la d\u00e9tention arbitraire, qui examine les conditions dans lesquelles les accus\u00e9s peuvent se d\u00e9fendre. L\u2019objectif est d\u2019engager \u00abun rapport de dialogue avec les autorit\u00e9s s\u00e9n\u00e9galaises en vue d\u2019apporter des correctifs structurels relatifs au fonctionnement de la Haute cour de justice, de d\u00e9clarer les proc\u00e9dures en cours non conformes au regard des droits fondamentaux des personnes mises en cause, de demander la suspension imm\u00e9diate des proc\u00e9dures et la mise en libert\u00e9 des personnes inculp\u00e9es, et surtout de marteler publiquement des pr\u00e9occupations fortes sur des d\u00e9rives constat\u00e9es au S\u00e9n\u00e9gal dans l\u2019appareil judiciaire\u00bb. Il cite un \u00e9l\u00e9ment en mati\u00e8re de d\u00e9tention, \u00e0 savoir un ancien ministre maintenu en prison malgr\u00e9 un rapport m\u00e9dical. \u00abQuand une expertise m\u00e9dicale dit qu\u2019une personne n\u2019est pas en \u00e9tat d\u2019\u00eatre maintenue, elle devrait \u00eatre lib\u00e9r\u00e9e\u00bb, dit-il. A ce stade, rappelle l\u2019avocat, aucun des mis en cause n\u2019a \u00e9t\u00e9 condamn\u00e9. \u00abCe sont des personnes qui sont mises en cause et qui ont besoin de pouvoir travailler avec leurs avocats pour publiquement contredire les accusations qui sont port\u00e9es contre eux\u00bb, insiste Me Antoine Vey. Il s\u2019agit donc, selon lui, d\u2019une question de respect des garanties fondamentales.<\/p>\n\n\n\n<p>Evidemment, les d\u00e9cisions des organismes des Nations unies ne s\u2019imposent pas forc\u00e9ment aux Etats. Mais, la symbolique est aussi importante \u00e0 ses yeux. En tout cas, l\u2019avocat rappelle que les Nations unies \u00abop\u00e8rent un contr\u00f4le qui s\u2019incarne par un rapport annuel sur l\u2019\u00e9tat des libert\u00e9s et le respect des droits humains dans les pays membres\u00bb. Il assure qu\u2019un rapport \u00abpeut peser sur les d\u00e9cisions de coop\u00e9ration, les accords de d\u00e9veloppement et, plus largement, sur l\u2019image \u00e0 l\u2019international du S\u00e9n\u00e9gal\u00bb, reconnu comme une d\u00e9mocratie majeure en Afrique.<\/p>\n\n\n\n<p>En \u00e9cho, Me Amadou Sall ajoute\u00a0: \u00abIl n\u2019y a pas d\u2019int\u00e9r\u00eat \u00e0 persister dans cette direction qui nuit au d\u00e9veloppement du pays. Le r\u00e9gime de Diomaye n\u2019a pas \u00e9t\u00e9 \u00e9lu pour chercher et attraper des voleurs. Mais ils sont \u00e9lus pour r\u00e9gler les probl\u00e8mes urgents des S\u00e9n\u00e9\u00adgalais.\u00bb Il poursuit\u00a0: \u00abLe S\u00e9n\u00e9gal, compte tenu de toute cette situation, est sous surveillance. Notre r\u00f4le est de nous battre, et nous avons saisi la Cour de Justice de la CEDEAO qui nous a donn\u00e9 raison \u00e0 plusieurs reprises dans plusieurs dossiers.\u00bb Il esp\u00e8re une d\u00e9cision favorable de la Cour de justice de la CEDEAO concernant la Haute cour de justice : \u00abNous avons toujours eu des avis favorables de la part de la Cour de justice de la CEDEAO. Nous resterons positifs.\u00bb<\/p>\n\n\n\n<p><strong>Par B. SAKHO \u2013\u00a0<\/strong> <strong>bsakho@lequotidien.sn<\/strong><\/p>\n","protected":false},"excerpt":{"rendered":"<p>Les conseils des personnalit\u00e9s politiques et m\u00e9diatiques, \u00e9cartel\u00e9s entre plusieurs proc\u00e9dures, vont mener la bataille au niveau international pour contraindre<\/p>\n","protected":false},"author":1,"featured_media":59978,"comment_status":"open","ping_status":"open","sticky":false,"template":"","format":"standard","meta":{"footnotes":""},"categories":[21],"tags":[],"class_list":["post-59977","post","type-post","status-publish","format-standard","has-post-thumbnail","hentry","category-societe"],"_links":{"self":[{"href":"https:\/\/dekkbi.com\/index.php?rest_route=\/wp\/v2\/posts\/59977","targetHints":{"allow":["GET"]}}],"collection":[{"href":"https:\/\/dekkbi.com\/index.php?rest_route=\/wp\/v2\/posts"}],"about":[{"href":"https:\/\/dekkbi.com\/index.php?rest_route=\/wp\/v2\/types\/post"}],"author":[{"embeddable":true,"href":"https:\/\/dekkbi.com\/index.php?rest_route=\/wp\/v2\/users\/1"}],"replies":[{"embeddable":true,"href":"https:\/\/dekkbi.com\/index.php?rest_route=%2Fwp%2Fv2%2Fcomments&post=59977"}],"version-history":[{"count":2,"href":"https:\/\/dekkbi.com\/index.php?rest_route=\/wp\/v2\/posts\/59977\/revisions"}],"predecessor-version":[{"id":59980,"href":"https:\/\/dekkbi.com\/index.php?rest_route=\/wp\/v2\/posts\/59977\/revisions\/59980"}],"wp:featuredmedia":[{"embeddable":true,"href":"https:\/\/dekkbi.com\/index.php?rest_route=\/wp\/v2\/media\/59978"}],"wp:attachment":[{"href":"https:\/\/dekkbi.com\/index.php?rest_route=%2Fwp%2Fv2%2Fmedia&parent=59977"}],"wp:term":[{"taxonomy":"category","embeddable":true,"href":"https:\/\/dekkbi.com\/index.php?rest_route=%2Fwp%2Fv2%2Fcategories&post=59977"},{"taxonomy":"post_tag","embeddable":true,"href":"https:\/\/dekkbi.com\/index.php?rest_route=%2Fwp%2Fv2%2Ftags&post=59977"}],"curies":[{"name":"wp","href":"https:\/\/api.w.org\/{rel}","templated":true}]}}