{"id":59974,"date":"2025-07-17T09:57:34","date_gmt":"2025-07-17T09:57:34","guid":{"rendered":"https:\/\/dekkbi.com\/?p=59974"},"modified":"2025-07-17T10:48:37","modified_gmt":"2025-07-17T10:48:37","slug":"securite-et-sante-au-travail-prevention-des-risques-professionnels-et-protection-des-travailleurs-elaboration-dun-guide-pour-harmoniser-les-pratiques-des-inspecteurs-et-controleur","status":"publish","type":"post","link":"https:\/\/dekkbi.com\/?p=59974","title":{"rendered":"S\u00e9curit\u00e9 et sant\u00e9 au travail \u2013 pr\u00e9vention des risques professionnels et protection des travailleurs"},"content":{"rendered":"\n<p><strong>Elaboration d\u2019un guide pour harmoniser les pratiques des inspecteurs et contr\u00f4leurs du travail <\/strong>&#8211; <strong>Un atelier de partage et de validation du guide d\u2019intervention en S\u00e9curit\u00e9 et Sant\u00e9 au Travail (SST) s\u2019est ouvert hier, mercredi 16 juillet 2025, \u00e0 l\u2019intention des inspecteurs et contr\u00f4leurs du travail et de la s\u00e9curit\u00e9 sociale. Organis\u00e9 par le minist\u00e8re du Travail,<\/strong>\u00a0<strong>de<\/strong>\u00a0<strong>l\u2019Emploi et des Relations avec les Institutions, \u00e0 travers la Direction de la S\u00e9curit\u00e9 et Sant\u00e9 au travail, cette initiative vise \u00e0 renforcer les capacit\u00e9s de ces professionnels dans la pr\u00e9vention des risques professionnels et la protection des travailleurs. Il s\u2019agit, lors de ce conclave de deux jours, de partager le draft z\u00e9ro \u00e9labor\u00e9 au niveau de la Direction, l\u2019am\u00e9liorer et ensuite le finaliser.<\/strong><\/p>\n\n\n\n<p>Selon Ramatoulaye Niang Fall, Directeur g\u00e9n\u00e9rale du Travail et de la S\u00e9curit\u00e9 sociale par int\u00e9rim, pr\u00e9sente \u00e0 cette rencontre au nom du ministre du Travail, de l\u2019Emploi et des Relations avec les Institutions, Abass Fall,&nbsp;<em>\u00abl\u2019\u00e9volution rapide des secteurs \u00e9conomiques, l\u2019introduction de nouvelles technologies et la pr\u00e9carit\u00e9 des conditions de travail exigent une adaptation de nos approches et de nos outils afin de relever deux d\u00e9fis majeurs auxquels nous sommes confront\u00e9s dans nos missions quotidiennes et qui ont pour noms l\u2019am\u00e9lioration des conditions de travail et la garantie d\u2019un milieu de travail s\u00fbr et salubre.\u00bb<\/em><\/p>\n\n\n\n<p>Cependant, a-t-elle relev\u00e9,&nbsp;<em>\u00able constat est que les inspecteurs et les contr\u00f4leurs de travail abordent ces questions selon des approches variables, en fonction des r\u00e9alit\u00e9s des ressorts dans lesquels ils exercent leurs activit\u00e9s.\u00bb<\/em>&nbsp;C\u2019est ainsi que, dans un esprit d\u2019harmonisation des pratiques, que la Direction de la S\u00e9curit\u00e9 et Sant\u00e9 au travail a jug\u00e9 n\u00e9cessaire de mettre \u00e0 la disposition des inspecteurs et contr\u00f4leurs du travail un&nbsp; guide d\u2019inspection qui sera un outil efficace d\u2019aide pour les visites d\u2019inspection sur les lieux de travail.<\/p>\n\n\n\n<p>Ce guide permettra, selon la Directrice g\u00e9n\u00e9rale du Travail et de la S\u00e9curit\u00e9 sociale par int\u00e9rim,&nbsp;<em>\u00abd\u2019appr\u00e9hender les enjeux de la SST (S\u00e9curit\u00e9 et Sant\u00e9 au Travail, ndlr), de clarifier la l\u00e9gislation en mati\u00e8re de sant\u00e9 et s\u00e9curit\u00e9 souvent complexe et dispers\u00e9e, de pr\u00e9ciser les proc\u00e9dures d\u2019inspection, les sanctions applicables en cas de manquements aux r\u00e8gles de s\u00e9curit\u00e9, de favoriser une approche proactive de la pr\u00e9vention en incitant les entreprises \u00e0 mettre en place des mesures de sant\u00e9 et s\u00e9curit\u00e9 efficaces\u2026\u00bb<\/em><\/p>\n\n\n\n<p>Ce document, \u00e0 en croire Mme Ndi\u00e9m\u00e9 Seck, Cheffe de Division Expertise, Formation et Promotion Sant\u00e9 au Travail,&nbsp;<em>\u00abporte sur plusieurs secteurs \u00e0 risque comme la p\u00eache, les industries chimiques, le transports\u2026\u00bb<\/em>&nbsp;D\u2019ailleurs, il faut noter que le S\u00e9n\u00e9gal dispose d\u2019une politique nationale de S\u00e9curit\u00e9 et Sant\u00e9 au Travail (SST) pour laquelle un deuxi\u00e8me programme national a \u00e9t\u00e9 adopt\u00e9 pour la p\u00e9riode 2023-2027.<\/p>\n\n\n\n<p>Dans ce programme national, souligne Dr Joseph Dj\u00e9bou\u00e9, sp\u00e9cialiste en Sant\u00e9 au Travail au sein de l\u2019Equipe d\u2019Appui au Travail D\u00e9cent du Bureau International du Travail (BIT) bas\u00e9 \u00e0 Dakar,&nbsp;<em>\u00abil est pr\u00e9vu de renforcer la conformit\u00e9 des lieux de travail.\u00bb&nbsp;<\/em>De ce point de vue, il estime que&nbsp;<em>\u00abrespecter la conformit\u00e9 des lieux de travail, c\u2019est (de) la responsabilit\u00e9 des inspecteurs et contr\u00f4leurs de travail qui constituent une ressource importante pour pouvoir assurer le suivi de la conformit\u00e9 des lieux de travail.\u00bb<\/em><\/p>\n\n\n\n<p>Pour Dr Joseph Dj\u00e9bou\u00e9,&nbsp;<em>\u00able guide dont il est question est un outil qui va servir d\u2019harmoniser le contr\u00f4le en mati\u00e8re de s\u00e9curit\u00e9 et sant\u00e9 au travail,&nbsp; et qui permettra aux inspecteurs et contr\u00f4leurs de renforcer leur fortune en mati\u00e8re de SST\u00bb.<\/em><\/p>\n\n\n\n<p><strong>Ousmane GOUDIABY<\/strong><\/p>\n","protected":false},"excerpt":{"rendered":"<p>Elaboration d\u2019un guide pour harmoniser les pratiques des inspecteurs et contr\u00f4leurs du travail &#8211; Un atelier de partage et de<\/p>\n","protected":false},"author":1,"featured_media":59975,"comment_status":"open","ping_status":"open","sticky":false,"template":"","format":"standard","meta":{"footnotes":""},"categories":[21],"tags":[],"class_list":["post-59974","post","type-post","status-publish","format-standard","has-post-thumbnail","hentry","category-societe"],"_links":{"self":[{"href":"https:\/\/dekkbi.com\/index.php?rest_route=\/wp\/v2\/posts\/59974","targetHints":{"allow":["GET"]}}],"collection":[{"href":"https:\/\/dekkbi.com\/index.php?rest_route=\/wp\/v2\/posts"}],"about":[{"href":"https:\/\/dekkbi.com\/index.php?rest_route=\/wp\/v2\/types\/post"}],"author":[{"embeddable":true,"href":"https:\/\/dekkbi.com\/index.php?rest_route=\/wp\/v2\/users\/1"}],"replies":[{"embeddable":true,"href":"https:\/\/dekkbi.com\/index.php?rest_route=%2Fwp%2Fv2%2Fcomments&post=59974"}],"version-history":[{"count":2,"href":"https:\/\/dekkbi.com\/index.php?rest_route=\/wp\/v2\/posts\/59974\/revisions"}],"predecessor-version":[{"id":59995,"href":"https:\/\/dekkbi.com\/index.php?rest_route=\/wp\/v2\/posts\/59974\/revisions\/59995"}],"wp:featuredmedia":[{"embeddable":true,"href":"https:\/\/dekkbi.com\/index.php?rest_route=\/wp\/v2\/media\/59975"}],"wp:attachment":[{"href":"https:\/\/dekkbi.com\/index.php?rest_route=%2Fwp%2Fv2%2Fmedia&parent=59974"}],"wp:term":[{"taxonomy":"category","embeddable":true,"href":"https:\/\/dekkbi.com\/index.php?rest_route=%2Fwp%2Fv2%2Fcategories&post=59974"},{"taxonomy":"post_tag","embeddable":true,"href":"https:\/\/dekkbi.com\/index.php?rest_route=%2Fwp%2Fv2%2Ftags&post=59974"}],"curies":[{"name":"wp","href":"https:\/\/api.w.org\/{rel}","templated":true}]}}