{"id":59972,"date":"2025-07-17T09:52:43","date_gmt":"2025-07-17T09:52:43","guid":{"rendered":"https:\/\/dekkbi.com\/?p=59972"},"modified":"2025-07-17T09:52:44","modified_gmt":"2025-07-17T09:52:44","slug":"justice-greve-des-greffiers-les-detenus-toujours-en-otage","status":"publish","type":"post","link":"https:\/\/dekkbi.com\/?p=59972","title":{"rendered":"Justice \u2013 Gr\u00e8ve des greffiers : LES D\u00c9TENUS TOUJOURS EN OTAGE"},"content":{"rendered":"\n<p><strong>Depuis deux semaines, ils attendent d\u2019\u00eatre fix\u00e9s sur leur sort. Mais, le Tribunal de Dakar a une nouvelle fois report\u00e9 ses verdicts dans les affaires impliquant Moustapha Diakhat\u00e9 et Bachir Fofana attendus ce mercredi 16 juillet 2025. Le d\u00e9lib\u00e9r\u00e9 a \u00e9t\u00e9 report\u00e9 au 23 juillet prochain, prolongeant ainsi la d\u00e9tention des deux accus\u00e9s dont les dossiers continuent de susciter l\u2019attention, \u00e0 cause de la gr\u00e8ve des greffiers.<\/strong><\/p>\n\n\n\n<p>Bachir Fofana et Moustapha Diakhat\u00e9 vont rester en prison jusqu\u2019au 23 juillet prochain. Si le Sytjust et l\u2019Untj, qui ont d\u00e9cr\u00e9t\u00e9 encore 48 h, mettent fin \u00e0 leur gr\u00e8ve qui a conduit \u00e0 la prorogation de tous les d\u00e9lib\u00e9r\u00e9s au Tribunal des flagrants d\u00e9lits. Ce qui a passablement agac\u00e9 Me El Hadji Diouf\u00a0: \u00abNous demandons respectueusement que les d\u00e9lib\u00e9r\u00e9s soient rendus.\u00bb Le pr\u00e9sident du Tribunal r\u00e9pond : \u00abJe ne peux pas rendre un verdict sans greffier.\u00bb Me Diouf r\u00e9plique : \u00abSi on peut juger sans greffier, on doit pouvoir rendre le verdict.\u00bb Le juge encha\u00eene avec une suggestion : \u00abLa loi vous permet de demander une mise en libert\u00e9 provisoire. Faites-le et nous avancerons.\u00bb<\/p>\n\n\n\n<p>Me El Hadji Diouf introduit une demande de Lp pour Moustapha Diakhat\u00e9, mais le procureur ass\u00e8ne que les arguments sur la r\u00e9gularit\u00e9 du domicile n\u2019\u00e9taient pas suffisamment \u00e9tay\u00e9s. Ce qui a irrit\u00e9 l\u2019avocat. \u00abMa\u00eetre, laissez le Parquet terminer ses r\u00e9quisitions\u00bb, demande le procureur. Me Diouf met fin au d\u00e9bat\u00a0: \u00abNous avons eu un signal fort. Nous retirons la demande.\u00bb Le procureur conclut : \u00abPuisque la demande est retir\u00e9e, ma r\u00e9quisition n\u2019a plus d\u2019objet.\u00bb<\/p>\n\n\n\n<p><strong>La col\u00e8re des avocats de la d\u00e9fense<\/strong><\/p>\n\n\n\n<p>Apr\u00e8s un \u00e9ni\u00e8me report du d\u00e9lib\u00e9r\u00e9 de son proc\u00e8s, Moustapha Diakhat\u00e9, d\u00e9tenu \u00e0 la Mac de Rebeuss, a, dans une d\u00e9claration, fait savoir qu\u2019il n\u2019est \u00abdemandeur, ni preneur d\u2019aucune libert\u00e9 provisoire\u00bb. Tr\u00e8s remont\u00e9, Moustapha Diakhat\u00e9, qui se consid\u00e8re comme un otage politique, souligne : \u00abJe pr\u00e9f\u00e8re mourir en prison que de participer \u00e0 donner un vernis juridique \u00e0 une prise d\u2019otage politique, avec la complicit\u00e9 de magistrats carri\u00e9ristes et soumis.\u00bb Dans sa note, Moustapha Diakhat\u00e9 invite ses \u00abparents, proches et amis \u00e0 s\u2019abstenir de demander une autorisation de visite\u00bb \u00e0 ses \u00abravisseurs du Parquet de Dakar\u00bb. Dans sa missive, il a tenu \u00e9galement \u00e0 remercier son \u00abavocat, Me El Hadj Diouf, pour sa disponibilit\u00e9 et sa combattivit\u00e9\u00bb.<\/p>\n\n\n\n<p>Jug\u00e9 le 18 juin dernier pour offense au chef de l\u2019Etat et \u00e0 une personne exer\u00e7ant une partie des pr\u00e9rogatives du pr\u00e9sident de la R\u00e9publique, Moustapha Diakhat\u00e9 devait \u00eatre initialement fix\u00e9 sur son sort le 2 juillet, mais \u00e0 cause de la gr\u00e8ve des greffiers, le d\u00e9lib\u00e9r\u00e9 a connu plusieurs reports. Hier, encore pour les m\u00eames raisons, le d\u00e9lib\u00e9r\u00e9 a \u00e9t\u00e9 repouss\u00e9 jusqu\u2019au 23 juillet. Une situation d\u00e9nonc\u00e9e par les avocats. Il faut noter que Me El Hadji Diouf ava0it introduit une demande de libert\u00e9 provisoire pour son client, mais il a fini par la retirer. Lors du proc\u00e8s en flagrants d\u00e9lits, le procureur avait requis six mois de prison dont trois mois ferme, et une amende de 200 mille Cfa.<\/p>\n\n\n\n<p>Pour Bachir Fofana dont le d\u00e9lib\u00e9r\u00e9 a \u00e9t\u00e9 fix\u00e9 aussi au 23 juillet, ses avocats, Me Diouf et Me Barro, ont choisi de ne pas demander de mise en libert\u00e9 provisoire. Evidemment, Me Aboubacry Barro n\u2019a pas cach\u00e9 sa frustration. \u00abC\u2019est r\u00e9current. Et on ne sait pas quand la gr\u00e8ve prendra fin, car il y a beaucoup d\u2019innocents en prison dont les d\u00e9lib\u00e9r\u00e9s ont \u00e9t\u00e9 prorog\u00e9s, alors que ces personnes, si leurs affaires \u00e9taient vid\u00e9es aujourd\u2019hui, auraient peut-\u00eatre pu b\u00e9n\u00e9ficier de la libert\u00e9\u00bb, souligne-t-il. Il regrette les cons\u00e9quences dramatiques de cette situation pour les d\u00e9tenus. Selon lui, \u00ables libert\u00e9s publiques et individuelles ne sauraient \u00eatre otages des\u00a0d\u00e9sid\u00e9ratas des greffiers\u00bb dont la gr\u00e8ve entra\u00eene la poursuite de ces d\u00e9tentions.<\/p>\n\n\n\n<p>Il regrette aussi l\u2019opposition cat\u00e9gorique du Parquet aux demandes de libert\u00e9 provisoire. Pour lui, il s\u2019agit d\u2019une attitude r\u00e9v\u00e9latrice d\u2019un\u00a0\u00abParquet de la r\u00e9pression, un Parquet tr\u00e8s s\u00e9v\u00e8re qui n\u2019h\u00e9site pas \u00e0 envoyer les gens en prison et, \u00e0 chaque fois, les demandes de libert\u00e9 provisoire sont rejet\u00e9es\u00bb.<br>Il faut savoir que Bachir Fofana, jug\u00e9 le 2 juillet dernier, est poursuivi pour \u00abdiffusion de fausses nouvelles\u00bb li\u00e9es \u00e0 l\u2019attribution controvers\u00e9e du march\u00e9 des v\u00e9hicules de l\u2019Assembl\u00e9e nationale.<\/p>\n\n\n\n<p><strong>dkane@lequotidien.sn<\/strong> &#8211; <strong>Par Dieynaba KANE <\/strong><\/p>\n","protected":false},"excerpt":{"rendered":"<p>Depuis deux semaines, ils attendent d\u2019\u00eatre fix\u00e9s sur leur sort. Mais, le Tribunal de Dakar a une nouvelle fois report\u00e9<\/p>\n","protected":false},"author":1,"featured_media":17105,"comment_status":"open","ping_status":"open","sticky":false,"template":"","format":"standard","meta":{"footnotes":""},"categories":[21],"tags":[],"class_list":["post-59972","post","type-post","status-publish","format-standard","has-post-thumbnail","hentry","category-societe"],"_links":{"self":[{"href":"https:\/\/dekkbi.com\/index.php?rest_route=\/wp\/v2\/posts\/59972","targetHints":{"allow":["GET"]}}],"collection":[{"href":"https:\/\/dekkbi.com\/index.php?rest_route=\/wp\/v2\/posts"}],"about":[{"href":"https:\/\/dekkbi.com\/index.php?rest_route=\/wp\/v2\/types\/post"}],"author":[{"embeddable":true,"href":"https:\/\/dekkbi.com\/index.php?rest_route=\/wp\/v2\/users\/1"}],"replies":[{"embeddable":true,"href":"https:\/\/dekkbi.com\/index.php?rest_route=%2Fwp%2Fv2%2Fcomments&post=59972"}],"version-history":[{"count":1,"href":"https:\/\/dekkbi.com\/index.php?rest_route=\/wp\/v2\/posts\/59972\/revisions"}],"predecessor-version":[{"id":59973,"href":"https:\/\/dekkbi.com\/index.php?rest_route=\/wp\/v2\/posts\/59972\/revisions\/59973"}],"wp:featuredmedia":[{"embeddable":true,"href":"https:\/\/dekkbi.com\/index.php?rest_route=\/wp\/v2\/media\/17105"}],"wp:attachment":[{"href":"https:\/\/dekkbi.com\/index.php?rest_route=%2Fwp%2Fv2%2Fmedia&parent=59972"}],"wp:term":[{"taxonomy":"category","embeddable":true,"href":"https:\/\/dekkbi.com\/index.php?rest_route=%2Fwp%2Fv2%2Fcategories&post=59972"},{"taxonomy":"post_tag","embeddable":true,"href":"https:\/\/dekkbi.com\/index.php?rest_route=%2Fwp%2Fv2%2Ftags&post=59972"}],"curies":[{"name":"wp","href":"https:\/\/api.w.org\/{rel}","templated":true}]}}