{"id":5993,"date":"2023-01-09T09:29:31","date_gmt":"2023-01-09T09:29:31","guid":{"rendered":"https:\/\/dekkbi.com\/?p=5993"},"modified":"2023-01-09T09:29:33","modified_gmt":"2023-01-09T09:29:33","slug":"mansour-faye-annonce-la-candidature-de-macky-en-2024-ce-sera-oui-oui-oui-et-oui-pour-lelection","status":"publish","type":"post","link":"https:\/\/dekkbi.com\/?p=5993","title":{"rendered":"Mansour Faye annonce la candidature de Macky en 2024 : \u00abCe sera oui-oui, oui et oui pour l\u2019\u00e9lection\u00bb"},"content":{"rendered":"\n<p><a href=\"https:\/\/lequotidien.sn\/author\/aicha\/\"><\/a><em>by<\/em>Lequotidien\u00a0&#8211; C\u2019est une \u00abquasi-certitude\u00bb ! Apr\u00e8s Isma\u00efla Madior Fall, c\u2019est au tour de Mansour Faye de s\u2019\u00e9pancher sur la candidature de Macky Sall pour la Pr\u00e9si\u00addentielle de 2024. A la diff\u00e9rence de son coll\u00e8gue en charge de la Justice, le ministre des Infrastructures a annonc\u00e9 carr\u00e9ment une candidature de Macky Sall pour la Pr\u00e9si\u00addentielle de 2024. Pour le beau-fr\u00e8re du patron de Benno bokk yaakaar (Bby), seul le Conseil constitutionnel est habilit\u00e9 \u00e0 valider ou pas la participation de leur candidat. \u00abJe suis venu pour sensibiliser les populations par rapport aux dangers qui guettent ce pays, relativement aux apprentis-politiciens qui jouent \u00e0 faire peur aux populations\u00bb, a-t-il commenc\u00e9 son discours \u00e0 M\u00e9ouane dans la ville d\u00e9 Tivaouane hier, lors de la supervision de la vente des cartes et l\u2019installation de quatre comit\u00e9s de vente des cartes. \u00abQuant \u00e0 la candidature du Pr\u00e9sident Macky Sall qui ne va plus dire ni oui, ni non, ce sera oui-oui, oui et oui pour l\u2019\u00e9lection \u00e0 venir pour solliciter un 2\u00e8me quinquennat pour \u00eatre \u00e0 la t\u00eate de ce pays de 2024 \u00e0 2029\u00bb, a-t-il ajout\u00e9.<\/p>\n\n\n\n<p>Selon toujours M. Faye, \u00abdes r\u00e9ponses claires seront apport\u00e9es \u00e0 ces apprentis-pyromanes. D\u2019abord, le Bby fera face parce que nous avons la majorit\u00e9 dans ce pays. Mais aussi parce que le S\u00e9n\u00e9gal est un pays de Droit, c\u2019est un pays o\u00f9 r\u00e8gne la s\u00e9curit\u00e9, parce que nous avons des Forces de d\u00e9fense et de s\u00e9curit\u00e9 r\u00e9publicaines qui n\u2019\u0153uvrent que pour la stabilit\u00e9 et la continuit\u00e9 du S\u00e9n\u00e9gal. Donc, il ne se passera rien quand le pr\u00e9sident de la R\u00e9publique d\u00e9posera sa candidature, la validation \u00e9manera du Conseil constitutionnel, en faisant pr\u00e9valoir tous les crit\u00e8res favorables \u00e0 sa participation \u00e0 la prochaine joute nationale\u00bb.<\/p>\n\n\n\n<p>Le superviseur de la vente des cartes \u00e0 M\u00e9ouane a lanc\u00e9 un appel \u00e0 l\u2019ensemble des mouvements qui sont dans la Coalition Bby, \u00e0 se mobiliser pour r\u00e9\u00e9lire Macky Sall \u00abd\u00e8s le 1er tour avec une majorit\u00e9 \u00e9crasante et \u00e0 l\u2019\u00e9chelle nationale\u00bb.<br><strong>Par Malick GAYE \u2013 mgaye@lequotidien.sn<\/strong><\/p>\n","protected":false},"excerpt":{"rendered":"<p>byLequotidien\u00a0&#8211; C\u2019est une \u00abquasi-certitude\u00bb ! Apr\u00e8s Isma\u00efla Madior Fall, c\u2019est au tour de Mansour Faye de s\u2019\u00e9pancher sur la candidature<\/p>\n","protected":false},"author":1,"featured_media":5093,"comment_status":"open","ping_status":"open","sticky":false,"template":"","format":"standard","meta":{"footnotes":""},"categories":[6],"tags":[],"class_list":["post-5993","post","type-post","status-publish","format-standard","has-post-thumbnail","hentry","category-politics"],"_links":{"self":[{"href":"https:\/\/dekkbi.com\/index.php?rest_route=\/wp\/v2\/posts\/5993","targetHints":{"allow":["GET"]}}],"collection":[{"href":"https:\/\/dekkbi.com\/index.php?rest_route=\/wp\/v2\/posts"}],"about":[{"href":"https:\/\/dekkbi.com\/index.php?rest_route=\/wp\/v2\/types\/post"}],"author":[{"embeddable":true,"href":"https:\/\/dekkbi.com\/index.php?rest_route=\/wp\/v2\/users\/1"}],"replies":[{"embeddable":true,"href":"https:\/\/dekkbi.com\/index.php?rest_route=%2Fwp%2Fv2%2Fcomments&post=5993"}],"version-history":[{"count":1,"href":"https:\/\/dekkbi.com\/index.php?rest_route=\/wp\/v2\/posts\/5993\/revisions"}],"predecessor-version":[{"id":5994,"href":"https:\/\/dekkbi.com\/index.php?rest_route=\/wp\/v2\/posts\/5993\/revisions\/5994"}],"wp:featuredmedia":[{"embeddable":true,"href":"https:\/\/dekkbi.com\/index.php?rest_route=\/wp\/v2\/media\/5093"}],"wp:attachment":[{"href":"https:\/\/dekkbi.com\/index.php?rest_route=%2Fwp%2Fv2%2Fmedia&parent=5993"}],"wp:term":[{"taxonomy":"category","embeddable":true,"href":"https:\/\/dekkbi.com\/index.php?rest_route=%2Fwp%2Fv2%2Fcategories&post=5993"},{"taxonomy":"post_tag","embeddable":true,"href":"https:\/\/dekkbi.com\/index.php?rest_route=%2Fwp%2Fv2%2Ftags&post=5993"}],"curies":[{"name":"wp","href":"https:\/\/api.w.org\/{rel}","templated":true}]}}