{"id":59887,"date":"2025-07-16T09:30:08","date_gmt":"2025-07-16T09:30:08","guid":{"rendered":"https:\/\/dekkbi.com\/?p=59887"},"modified":"2025-07-16T09:30:42","modified_gmt":"2025-07-16T09:30:42","slug":"programme-saxal-jamm-des-deputes-formes-pour-precher-la-paix","status":"publish","type":"post","link":"https:\/\/dekkbi.com\/?p=59887","title":{"rendered":"Programme \u00ab Saxal J\u00e0mm \u00bb : des d\u00e9put\u00e9s form\u00e9s pour pr\u00eacher la paix"},"content":{"rendered":"\n<p><a href=\"https:\/\/lesoleil.sn\/wp-content\/uploads\/2025\/07\/65c5c3db-d341-47c0-a9bb-22b9b53932c0.jpeg\"><\/a>Le consortium ONG 3D-Cosce-Gradec organise, du 15 au 16 juillet \u00e0 Dakar, une formation destin\u00e9e \u00e0 une cinquantaine de d\u00e9put\u00e9s de la 15e l\u00e9gislature. Cette initiative, inscrite dans le cadre du programme \u00ab Saxal J\u00e0mm \u00bb, vise \u00e0 faire des parlementaires \u2013 notamment des femmes, des jeunes et des personnes handicap\u00e9es \u2013 des acteurs de paix et de coh\u00e9sion sociale.<\/p>\n\n\n\n<p>Selon Moundiaye Ciss\u00e9, de l\u2019ONG 3D, l\u2019objectif est de renforcer leurs comp\u00e9tences sur leurs droits, r\u00f4les, responsabilit\u00e9s et les proc\u00e9dures l\u00e9gislatives, ainsi qu\u2019en gestion des finances publiques et contr\u00f4le parlementaire.<\/p>\n\n\n\n<p>Pour Babacar Fall, secr\u00e9taire g\u00e9n\u00e9ral du Gradec, cette formation doit contribuer \u00e0 une meilleure ma\u00eetrise des textes et \u00e0 un renforcement du r\u00f4le de l\u2019Assembl\u00e9e dans la stabilit\u00e9 politique.<\/p>\n\n\n\n<p>Pr\u00e9sent \u00e0 l\u2019ouverture, le d\u00e9put\u00e9 Assane Diop, repr\u00e9sentant du pr\u00e9sident de l\u2019Assembl\u00e9e nationale, a salu\u00e9 cette initiative qui vise \u00e0 mieux outiller les \u00e9lus pour une repr\u00e9sentation efficace et un contr\u00f4le rigoureux de l\u2019ex\u00e9cutif.<\/p>\n\n\n\n<p><strong>Ibrahima KAND\u00c9<\/strong> &#8211; LESOLEIL<\/p>\n","protected":false},"excerpt":{"rendered":"<p>Le consortium ONG 3D-Cosce-Gradec organise, du 15 au 16 juillet \u00e0 Dakar, une formation destin\u00e9e \u00e0 une cinquantaine de d\u00e9put\u00e9s<\/p>\n","protected":false},"author":1,"featured_media":59888,"comment_status":"open","ping_status":"open","sticky":false,"template":"","format":"standard","meta":{"footnotes":""},"categories":[6],"tags":[],"class_list":["post-59887","post","type-post","status-publish","format-standard","has-post-thumbnail","hentry","category-politics"],"_links":{"self":[{"href":"https:\/\/dekkbi.com\/index.php?rest_route=\/wp\/v2\/posts\/59887","targetHints":{"allow":["GET"]}}],"collection":[{"href":"https:\/\/dekkbi.com\/index.php?rest_route=\/wp\/v2\/posts"}],"about":[{"href":"https:\/\/dekkbi.com\/index.php?rest_route=\/wp\/v2\/types\/post"}],"author":[{"embeddable":true,"href":"https:\/\/dekkbi.com\/index.php?rest_route=\/wp\/v2\/users\/1"}],"replies":[{"embeddable":true,"href":"https:\/\/dekkbi.com\/index.php?rest_route=%2Fwp%2Fv2%2Fcomments&post=59887"}],"version-history":[{"count":1,"href":"https:\/\/dekkbi.com\/index.php?rest_route=\/wp\/v2\/posts\/59887\/revisions"}],"predecessor-version":[{"id":59889,"href":"https:\/\/dekkbi.com\/index.php?rest_route=\/wp\/v2\/posts\/59887\/revisions\/59889"}],"wp:featuredmedia":[{"embeddable":true,"href":"https:\/\/dekkbi.com\/index.php?rest_route=\/wp\/v2\/media\/59888"}],"wp:attachment":[{"href":"https:\/\/dekkbi.com\/index.php?rest_route=%2Fwp%2Fv2%2Fmedia&parent=59887"}],"wp:term":[{"taxonomy":"category","embeddable":true,"href":"https:\/\/dekkbi.com\/index.php?rest_route=%2Fwp%2Fv2%2Fcategories&post=59887"},{"taxonomy":"post_tag","embeddable":true,"href":"https:\/\/dekkbi.com\/index.php?rest_route=%2Fwp%2Fv2%2Ftags&post=59887"}],"curies":[{"name":"wp","href":"https:\/\/api.w.org\/{rel}","templated":true}]}}