{"id":5987,"date":"2023-01-08T12:03:42","date_gmt":"2023-01-08T12:03:42","guid":{"rendered":"https:\/\/dekkbi.com\/?p=5987"},"modified":"2023-01-08T12:03:45","modified_gmt":"2023-01-08T12:03:45","slug":"les-46-militaires-ivoiriens-de-retour-a-abidjan-apres-la-grace-presidentielle-malienne","status":"publish","type":"post","link":"https:\/\/dekkbi.com\/?p=5987","title":{"rendered":"Les 46 militaires ivoiriens de retour \u00e0 Abidjan apr\u00e8s la gr\u00e2ce pr\u00e9sidentielle malienne"},"content":{"rendered":"\n<p><strong>Les 46 militaires ivoiriens condamn\u00e9s, entre autres, pour tentative d&rsquo;atteinte \u00e0 la s\u00fbret\u00e9 ext\u00e9rieure de l&rsquo;\u00c9tat et incarc\u00e9r\u00e9s au Mali, sont arriv\u00e9s ce samedi 7 janvier en C\u00f4te d\u2019Ivoire apr\u00e8s la gr\u00e2ce accord\u00e9e hier par le pr\u00e9sident de la transition malienne, le colonel Assimi Go\u00efta<\/strong><\/p>\n\n\n\n<h1 class=\"wp-block-heading\">Les 46 militaires ivoiriens de retour \u00e0 Abidjan apr\u00e8s la gr\u00e2ce pr\u00e9sidentielle malienne<\/h1>\n\n\n\n<p><a href=\"https:\/\/www.facebook.com\/dialog\/share?app_id=113191652055439&amp;href=https%3A%2F%2Frfi.my%2F931V.F&amp;redirect_uri=https%3A%2F%2Fwww.rfi.fr%2Ffr%2Fafrique%2F20230107-les-46-militaires-ivoiriens-attendus-%25C3%25A0-abidjan-apr%25C3%25A8s-la-gr%25C3%25A2ce-pr%25C3%25A9sidentielle-malienne&amp;locale=fr_FR\" target=\"_blank\" rel=\"noreferrer noopener\"><\/a><a href=\"https:\/\/twitter.com\/intent\/tweet?url=https%3A%2F%2Frfi.my%2F931V.T&amp;via=RFI&amp;related=rfi&amp;text=Les%2046%20militaires%20ivoiriens%20de%20retour%20%C3%A0%20Abidjan%20apr%C3%A8s%20la%20gr%C3%A2ce%20pr%C3%A9sidentielle%20malienne&amp;lang=fr\" target=\"_blank\" rel=\"noreferrer noopener\"><\/a><a href=\"\/\/send?text=Les%2046%20militaires%20ivoiriens%20de%20retour%20%C3%A0%20Abidjan%20apr%C3%A8s%20la%20gr%C3%A2ce%20pr%C3%A9sidentielle%20malienne%20-%20https%3A%2F%2Frfi.my%2F931V.W\" target=\"_blank\" rel=\"noreferrer noopener\"><\/a><\/p>\n\n\n\n<p>Publi\u00e9 le :&nbsp;07\/01\/2023 &#8211; 15:41Modifi\u00e9 le :&nbsp;08\/01\/2023 &#8211; 01:08<\/p>\n\n\n\n<figure class=\"wp-block-image size-full\"><img loading=\"lazy\" decoding=\"async\" width=\"1\" height=\"1\" src=\"https:\/\/dekkbi.com\/wp-content\/uploads\/2023\/01\/image-18.gif\" alt=\"\" class=\"wp-image-5988\"\/><figcaption class=\"wp-element-caption\">Les 46 soldats sont arriv\u00e9s \u00e0 Abidjan un peu avant minuit, heure locale, le 7 janvier 2023 (capture d&rsquo;\u00e9cran).\u00a0\u00a9 https:\/\/www.facebook.com\/Presidencecotedivoire<\/figcaption><\/figure>\n\n\n\n<p>Les 46 militaires ivoiriens condamn\u00e9s, entre autres, pour tentative d&rsquo;atteinte \u00e0 la s\u00fbret\u00e9 ext\u00e9rieure de l&rsquo;\u00c9tat et incarc\u00e9r\u00e9s au Mali, sont arriv\u00e9s ce samedi 7 janvier en C\u00f4te d\u2019Ivoire apr\u00e8s la gr\u00e2ce accord\u00e9e hier par le pr\u00e9sident de la transition malienne, le colonel Assimi Go\u00efta.<\/p>\n\n\n\n<p>Source RFI<\/p>\n\n\n\n<p>Les 46\u00a0<strong>militaires ivoiriens graci\u00e9s par Assimi Go\u00efta<\/strong>\u00a0sont arriv\u00e9s un peu avant minuit\u00a0\u00e0 l\u2019a\u00e9roport F\u00e9lix Houphou\u00ebt-Boigny d\u2019Abidjan. Ils sont sortis,\u00a0agitant de petits drapeaux aux couleurs de la C\u00f4te d&rsquo;Ivoire et ont salu\u00e9 un par un le pr\u00e9sident Ouattara. Ensuite, ce fut des sc\u00e8nes de liesse et de retrouvailles, a rapport\u00e9 notre correspondant sur place\u00a0<strong>Fran\u00e7ois Hume-Ferkatadji.\u00a0<\/strong>Tous les ministres d\u2019\u00c9tat et pr\u00e8s de 200 membres des familles des militaires \u00e9taient pr\u00e9sents.\u00a0Le camp pr\u00e9sidentiel compte bien faire de ce d\u00e9nouement heureux une victoire politique, une victoire de la diplomatie, r\u00e9p\u00e8tent en ch\u0153ur les partisans du RHDP, tentant ainsi de faire taire les critiques sur la gestion d\u2019une crise qui aura dur\u00e9 177 jours.<\/p>\n\n\n\n<p>Les soldats ont&nbsp;voyag\u00e9 dans un avion-cargo de l\u2019arm\u00e9e ivoirienne dont la rapidit\u00e9 n\u2019est pas la premi\u00e8re qualit\u00e9, confie avec le sourire un haut-grad\u00e9 d&rsquo;o\u00f9 le retard \u00e0 l&rsquo;arriv\u00e9e. Partis de Bamako \u00e0 16h50, ils ont d\u2019abord fait \u00e9tape par le Togo pour rencontrer le pr\u00e9sident Faure Gnassingb\u00e9, m\u00e9diateur de la crise ivoiro-malienne.<\/p>\n\n\n\n<p>Des t\u00e9moins dans le camp de la gendarmerie de Bamako o\u00f9 les soldats \u00e9taient d\u00e9tenus indiquent que l&rsquo;annonce de la gr\u00e2ce pr\u00e9sidentielle, vendredi soir, a \u00e9t\u00e9 accueillie avec une joie contenue. Il leur a ensuite fallu ranger leurs paquetages. Leur chef de groupe, le lieutenant\u00a0Kouassi Sanni Adam, qui conduisait la mission\u00a0quand ces militaires ont \u00e9t\u00e9 arr\u00eat\u00e9s en juillet, a ordonn\u00e9 \u00e0 ses hommes de rester dignes, rapporte notre correspondant r\u00e9gional,\u00a0<strong>Serge Daniel<\/strong>. Ceux-ci ont affirm\u00e9 \u00e0 leurs avocats ne pas avoir \u00e9t\u00e9 maltrait\u00e9s durant leur d\u00e9tention.<\/p>\n\n\n\n<h2 class=\"wp-block-heading\">Soulagement<\/h2>\n\n\n\n<p><\/p>\n\n\n\n<h1 class=\"wp-block-heading\">Les 46 militaires ivoiriens de retour \u00e0 Abidjan apr\u00e8s la gr\u00e2ce pr\u00e9sidentielle malienne<\/h1>\n\n\n\n<p><a rel=\"noreferrer noopener\" href=\"https:\/\/www.facebook.com\/dialog\/share?app_id=113191652055439&amp;href=https%3A%2F%2Frfi.my%2F931V.F&amp;redirect_uri=https%3A%2F%2Fwww.rfi.fr%2Ffr%2Fafrique%2F20230107-les-46-militaires-ivoiriens-attendus-%25C3%25A0-abidjan-apr%25C3%25A8s-la-gr%25C3%25A2ce-pr%25C3%25A9sidentielle-malienne&amp;locale=fr_FR\" target=\"_blank\"><\/a><a rel=\"noreferrer noopener\" href=\"https:\/\/twitter.com\/intent\/tweet?url=https%3A%2F%2Frfi.my%2F931V.T&amp;via=RFI&amp;related=rfi&amp;text=Les%2046%20militaires%20ivoiriens%20de%20retour%20%C3%A0%20Abidjan%20apr%C3%A8s%20la%20gr%C3%A2ce%20pr%C3%A9sidentielle%20malienne&amp;lang=fr\" target=\"_blank\"><\/a><a rel=\"noreferrer noopener\" href=\"\/\/send?text=Les%2046%20militaires%20ivoiriens%20de%20retour%20%C3%A0%20Abidjan%20apr%C3%A8s%20la%20gr%C3%A2ce%20pr%C3%A9sidentielle%20malienne%20-%20https%3A%2F%2Frfi.my%2F931V.W\" target=\"_blank\"><\/a><\/p>\n\n\n\n<p><\/p>\n\n\n\n<figure class=\"wp-block-image size-full is-resized\"><img loading=\"lazy\" decoding=\"async\" src=\"https:\/\/dekkbi.com\/wp-content\/uploads\/2023\/01\/image-19.gif\" alt=\"\" class=\"wp-image-5989\" width=\"1\" height=\"1\"\/><\/figure>\n\n\n\n<p><\/p>\n\n\n\n<p>Les 46 militaires ivoiriens condamn\u00e9s, entre autres, pour tentative d&rsquo;atteinte \u00e0 la s\u00fbret\u00e9 ext\u00e9rieure de l&rsquo;\u00c9tat et incarc\u00e9r\u00e9s au Mali, sont arriv\u00e9s ce samedi 7 janvier en C\u00f4te d\u2019Ivoire apr\u00e8s la gr\u00e2ce accord\u00e9e hier par le pr\u00e9sident de la transition malienne, le colonel Assimi Go\u00efta.<\/p>\n\n\n\n<p><\/p>\n\n\n\n<p>Les 46\u00a0<strong>militaires ivoiriens graci\u00e9s par Assimi Go\u00efta<\/strong>\u00a0sont arriv\u00e9s un peu avant minuit\u00a0\u00e0 l\u2019a\u00e9roport F\u00e9lix Houphou\u00ebt-Boigny d\u2019Abidjan. Ils sont sortis,\u00a0agitant de petits drapeaux aux couleurs de la C\u00f4te d&rsquo;Ivoire et ont salu\u00e9 un par un le pr\u00e9sident Ouattara. Ensuite, ce fut des sc\u00e8nes de liesse et de retrouvailles, a rapport\u00e9 notre correspondant sur place\u00a0<strong>Fran\u00e7ois Hume-Ferkatadji.\u00a0<\/strong>Tous les ministres d\u2019\u00c9tat et pr\u00e8s de 200 membres des familles des militaires \u00e9taient pr\u00e9sents.\u00a0Le camp pr\u00e9sidentiel compte bien faire de ce d\u00e9nouement heureux une victoire politique, une victoire de la diplomatie, r\u00e9p\u00e8tent en ch\u0153ur les partisans du RHDP, tentant ainsi de faire taire les critiques sur la gestion d\u2019une crise qui aura dur\u00e9 177 jours.<\/p>\n\n\n\n<p>Les soldats ont&nbsp;voyag\u00e9 dans un avion-cargo de l\u2019arm\u00e9e ivoirienne dont la rapidit\u00e9 n\u2019est pas la premi\u00e8re qualit\u00e9, confie avec le sourire un haut-grad\u00e9 d&rsquo;o\u00f9 le retard \u00e0 l&rsquo;arriv\u00e9e. Partis de Bamako \u00e0 16h50, ils ont d\u2019abord fait \u00e9tape par le Togo pour rencontrer le pr\u00e9sident Faure Gnassingb\u00e9, m\u00e9diateur de la crise ivoiro-malienne.<\/p>\n\n\n\n<p>Des t\u00e9moins dans le camp de la gendarmerie de Bamako o\u00f9 les soldats \u00e9taient d\u00e9tenus indiquent que l&rsquo;annonce de la gr\u00e2ce pr\u00e9sidentielle, vendredi soir, a \u00e9t\u00e9 accueillie avec une joie contenue. Il leur a ensuite fallu ranger leurs paquetages. Leur chef de groupe, le lieutenant&nbsp;Kouassi Sanni Adam, qui conduisait la mission&nbsp;quand ces militaires ont \u00e9t\u00e9 arr\u00eat\u00e9s en juillet, a ordonn\u00e9 \u00e0 ses hommes de rester dignes, rapporte notre correspondant r\u00e9gional,&nbsp;<strong>Serge Daniel<\/strong>. Ceux-ci ont affirm\u00e9 \u00e0 leurs avocats ne pas avoir \u00e9t\u00e9 maltrait\u00e9s durant leur d\u00e9tention.<\/p>\n\n\n\n<h2 class=\"wp-block-heading\">Soulagement<\/h2>\n\n\n\n<p>Ces 46 militaires\u00a0<strong>avaient \u00e9t\u00e9 condamn\u00e9s<\/strong>\u00a0la semaine derni\u00e8re\u00a0par la justice malienne \u00e0 20 ans de prison et 2 millions d&rsquo;euros d&rsquo;amende, notamment pour \u00ab\u00a0atteinte et complot contre le gouvernement \u00bb. Trois soldates, lib\u00e9r\u00e9es en septembre, avaient quant \u00e0 elles \u00e9t\u00e9 condamn\u00e9es \u00e0 la peine de mort par contumace et 10 millions d&rsquo;euros d&rsquo;amende.<\/p>\n\n\n\n<p>Tous avaient \u00e9t\u00e9 arr\u00eat\u00e9s le 10 juillet dernier sur le tarmac de l\u2019a\u00e9roport de Bamako, la junte malienne les accusant&nbsp;d\u2019\u00eatre des mercenaires arm\u00e9s ayant pour objectif de d\u00e9stabiliser, voire renverser le gouvernement de transition.&nbsp;Abidjan avait fermement d\u00e9menti et assur\u00e9&nbsp;que ces soldats \u00e9taient en mission pour l\u2019ONU&nbsp;dans le cadre d\u2019op\u00e9rations de soutien logistique \u00e0 la Minusma.&nbsp;Vendredi soir, le gouvernement malien a annonc\u00e9 que le pr\u00e9sident de transition, le colonel Assimi Go\u00efta, avait \u00ab&nbsp;<em>accord\u00e9 sa gr\u00e2ce avec remise totale de peines aux 49 ivoiriens condamn\u00e9s par la justice malienne<\/em>&nbsp;\u00bb.<\/p>\n\n\n\n<p><em>\u00ab&nbsp;On ne peut pas comprendre cette condamnation, parce que, pour nous, tout \u00e9tait inscrit dans une logique de fraternit\u00e9 et de solidarit\u00e9,&nbsp;<\/em>souligne Y\u00e9o P\u00e9p\u00e9galigui, porte-parole du mouvement de soutien \u00ab\u00a0Nous sommes 49\u00a0\u00bb<em>. Pour nous, c\u2019\u00e9tait une injustice, vu les relations&nbsp;s\u00e9culaires entre nos deux pays. Nous avons donc accueilli l\u2019annonce de cette gr\u00e2ce accord\u00e9e aux 49 soldats avec joie.&nbsp;<\/em>\u00bb&nbsp;<\/p>\n\n\n\n<p><\/p>\n\n\n\n<p>Abidjan et Bamako affichent leur volont\u00e9 de normaliser leurs relations<\/p>\n\n\n\n<p><em>Avec notre correspondant&nbsp;r\u00e9gional,&nbsp;<\/em><strong>Serge Daniel<\/strong><\/p>\n\n\n\n<p>Remettre les compteurs \u00e0 z\u00e9ro et repartir sur de nouvelles bases, ensemble, pour renforcer la coop\u00e9ration bilat\u00e9rale. C\u2019est la volont\u00e9 affich\u00e9e \u00e0 Bamako et \u00e0 Abidjan. Au retour des militaires, le pr\u00e9sident ivoirien Alassane Ouattara a dit vouloir reprendre une relation normale avec le Mali, \u00ab&nbsp;<em>qui a besoin de nous et dont nous avons besoin \u00e9galement&nbsp;<\/em>\u00bb.<\/p>\n\n\n\n<p>Cette d\u00e9termination est d\u2019ailleurs act\u00e9e dans le m\u00e9morandum sign\u00e9 par les deux pays. La C\u00f4te d&rsquo;Ivoire a m\u00eame d\u00e9clar\u00e9 aux autorit\u00e9s maliennes qu\u2019elle entendait inviter le colonel Assimi Go\u00efta \u00e0 effectuer \u00e0 Abidjan une visite d\u2019amiti\u00e9s apr\u00e8s la lib\u00e9ration des militaires.<\/p>\n\n\n\n<p>D\u2019apr\u00e8s les informations de RFI, au cours de ce d\u00e9placement \u2013 s\u2019il a bien&nbsp;lieu&nbsp;\u2013, les autorit\u00e9s des deux pays devraient passer en revue les accords de coop\u00e9rations&nbsp;et instaurer des m\u00e9canismes pour que ce qui est arriv\u00e9 avec l\u2019arrestation des 49 militaires n\u2019arrive plus.<\/p>\n\n\n\n<p>L\u2019orage est donc pass\u00e9, l\u2019heure est \u00e0 l\u2019apaisement et la&nbsp;ligne \u00ab n\u00e9gociations et diplomatie \u00bb du pr\u00e9sident Ouattara dans ce dossier, a facilit\u00e9 les choses, insiste un responsable de la transition du Mali&nbsp;<\/p>\n\n\n\n<p> d&rsquo;amende, notamment pour \u00ab\u00a0atteinte et complot contre le gouvernement \u00bb. Trois soldates, lib\u00e9r\u00e9es en septembre, avaient quant \u00e0 elles \u00e9t\u00e9 condamn\u00e9es \u00e0 la peine de mort par contumace et 10 millions d&rsquo;euros d&rsquo;amende.<\/p>\n\n\n\n<p>Tous avaient \u00e9t\u00e9 arr\u00eat\u00e9s le 10 juillet dernier sur le tarmac de l\u2019a\u00e9roport de Bamako, la junte malienne les accusant&nbsp;d\u2019\u00eatre des mercenaires arm\u00e9s ayant pour objectif de d\u00e9stabiliser, voire renverser le gouvernement de transition.&nbsp;Abidjan avait fermement d\u00e9menti et assur\u00e9&nbsp;que ces soldats \u00e9taient en mission pour l\u2019ONU&nbsp;dans le cadre d\u2019op\u00e9rations de soutien logistique \u00e0 la Minusma.&nbsp;Vendredi soir, le gouvernement malien a annonc\u00e9 que le pr\u00e9sident de transition, le colonel Assimi Go\u00efta, avait \u00ab&nbsp;<em>accord\u00e9 sa gr\u00e2ce avec remise totale de peines aux 49 ivoiriens condamn\u00e9s par la justice malienne<\/em>&nbsp;\u00bb.<\/p>\n\n\n\n<p><em>\u00ab&nbsp;On ne peut pas comprendre cette condamnation, parce que, pour nous, tout \u00e9tait inscrit dans une logique de fraternit\u00e9 et de solidarit\u00e9,&nbsp;<\/em>souligne Y\u00e9o P\u00e9p\u00e9galigui, porte-parole du mouvement de soutien \u00ab\u00a0Nous sommes 49\u00a0\u00bb<em>. Pour nous, c\u2019\u00e9tait une injustice, vu les relations&nbsp;s\u00e9culaires entre nos deux pays. Nous avons donc accueilli l\u2019annonce de cette gr\u00e2ce accord\u00e9e aux 49 soldats avec joie.&nbsp;<\/em>\u00bb&nbsp;<\/p>\n\n\n\n<p>\u25ba&nbsp;<strong>\u00c0 lire aussi&nbsp;:&nbsp;<a href=\"https:\/\/www.rfi.fr\/fr\/afrique\/20230107-mali-gr%C3%A2ce-des-soldats-ivoiriens-un-%C3%A9pisode-douloureux-sans-vainqueur-%C3%A9vident\">Mali: gr\u00e2ce des soldats ivoiriens, un \u00e9pisode douloureux sans vainqueur \u00e9vident<\/a><\/strong><\/p>\n\n\n\n<p>Abidjan et Bamako affichent leur volont\u00e9 de normaliser leurs relations<\/p>\n\n\n\n<p><em>Avec notre correspondant&nbsp;r\u00e9gional,&nbsp;<\/em><strong>Serge Daniel<\/strong><\/p>\n\n\n\n<p>Remettre les compteurs \u00e0 z\u00e9ro et repartir sur de nouvelles bases, ensemble, pour renforcer la coop\u00e9ration bilat\u00e9rale. C\u2019est la volont\u00e9 affich\u00e9e \u00e0 Bamako et \u00e0 Abidjan. Au retour des militaires, le pr\u00e9sident ivoirien Alassane Ouattara a dit vouloir reprendre une relation normale avec le Mali, \u00ab&nbsp;<em>qui a besoin de nous et dont nous avons besoin \u00e9galement&nbsp;<\/em>\u00bb.<\/p>\n\n\n\n<p>Cette d\u00e9termination est d\u2019ailleurs act\u00e9e dans le m\u00e9morandum sign\u00e9 par les deux pays. La C\u00f4te d&rsquo;Ivoire a m\u00eame d\u00e9clar\u00e9 aux autorit\u00e9s maliennes qu\u2019elle entendait inviter le colonel Assimi Go\u00efta \u00e0 effectuer \u00e0 Abidjan une visite d\u2019amiti\u00e9s apr\u00e8s la lib\u00e9ration des militaires.<\/p>\n\n\n\n<p>D\u2019apr\u00e8s les informations de RFI, au cours de ce d\u00e9placement \u2013 s\u2019il a bien&nbsp;lieu&nbsp;\u2013, les autorit\u00e9s des deux pays devraient passer en revue les accords de coop\u00e9rations&nbsp;et instaurer des m\u00e9canismes pour que ce qui est arriv\u00e9 avec l\u2019arrestation des 49 militaires n\u2019arrive plus.<\/p>\n\n\n\n<p>L\u2019orage est donc pass\u00e9, l\u2019heure est \u00e0 l\u2019apaisement et la&nbsp;ligne \u00ab n\u00e9gociations et diplomatie \u00bb du pr\u00e9sident Ouattara dans ce dossier, a facilit\u00e9 les choses, insiste un responsable de la transition du Mali&nbsp;<\/p>\n","protected":false},"excerpt":{"rendered":"<p>Les 46 militaires ivoiriens condamn\u00e9s, entre autres, pour tentative d&rsquo;atteinte \u00e0 la s\u00fbret\u00e9 ext\u00e9rieure de l&rsquo;\u00c9tat et incarc\u00e9r\u00e9s au Mali,<\/p>\n","protected":false},"author":1,"featured_media":5861,"comment_status":"open","ping_status":"open","sticky":false,"template":"","format":"standard","meta":{"footnotes":""},"categories":[21],"tags":[],"class_list":["post-5987","post","type-post","status-publish","format-standard","has-post-thumbnail","hentry","category-societe"],"_links":{"self":[{"href":"https:\/\/dekkbi.com\/index.php?rest_route=\/wp\/v2\/posts\/5987","targetHints":{"allow":["GET"]}}],"collection":[{"href":"https:\/\/dekkbi.com\/index.php?rest_route=\/wp\/v2\/posts"}],"about":[{"href":"https:\/\/dekkbi.com\/index.php?rest_route=\/wp\/v2\/types\/post"}],"author":[{"embeddable":true,"href":"https:\/\/dekkbi.com\/index.php?rest_route=\/wp\/v2\/users\/1"}],"replies":[{"embeddable":true,"href":"https:\/\/dekkbi.com\/index.php?rest_route=%2Fwp%2Fv2%2Fcomments&post=5987"}],"version-history":[{"count":1,"href":"https:\/\/dekkbi.com\/index.php?rest_route=\/wp\/v2\/posts\/5987\/revisions"}],"predecessor-version":[{"id":5990,"href":"https:\/\/dekkbi.com\/index.php?rest_route=\/wp\/v2\/posts\/5987\/revisions\/5990"}],"wp:featuredmedia":[{"embeddable":true,"href":"https:\/\/dekkbi.com\/index.php?rest_route=\/wp\/v2\/media\/5861"}],"wp:attachment":[{"href":"https:\/\/dekkbi.com\/index.php?rest_route=%2Fwp%2Fv2%2Fmedia&parent=5987"}],"wp:term":[{"taxonomy":"category","embeddable":true,"href":"https:\/\/dekkbi.com\/index.php?rest_route=%2Fwp%2Fv2%2Fcategories&post=5987"},{"taxonomy":"post_tag","embeddable":true,"href":"https:\/\/dekkbi.com\/index.php?rest_route=%2Fwp%2Fv2%2Ftags&post=5987"}],"curies":[{"name":"wp","href":"https:\/\/api.w.org\/{rel}","templated":true}]}}