{"id":59869,"date":"2025-07-15T13:23:16","date_gmt":"2025-07-15T13:23:16","guid":{"rendered":"https:\/\/dekkbi.com\/?p=59869"},"modified":"2025-07-15T13:23:16","modified_gmt":"2025-07-15T13:23:16","slug":"gaza-lue-a-des-cartes-en-main-pour-sanctionner-israel-mais-hesite-a-les-jouer","status":"publish","type":"post","link":"https:\/\/dekkbi.com\/?p=59869","title":{"rendered":"Gaza: l&rsquo;UE a des cartes en main pour sanctionner Isra\u00ebl mais h\u00e9site \u00e0 les jouer"},"content":{"rendered":"\n<p>Par Olivier BAUBE \u00a9 2025 AFP &#8211; Les chefs de la diplomatie des pays de l&rsquo;UE examinent mardi un ensemble de mesures \u00e0 prendre \u00e9ventuellement contre Isra\u00ebl pour sanctionner la violation des droits humains \u00e0 Gaza, mais avec peu de chances de passer aux actes, selon des diplomates \u00e0 Bruxelles.<\/p>\n\n\n\n<p>\u00ab\u00a0Je ne peux pas pr\u00e9dire comment la discussion se d\u00e9roulera\u00a0\u00bb, a prudemment reconnu la cheffe de la diplomatie de l&rsquo;Union europ\u00e9enne, Kaja Kallas, avant le d\u00e9but de cette r\u00e9union \u00e0 Bruxelles.<\/p>\n\n\n\n<p>Un rapport de la Commission europ\u00e9enne, pr\u00e9sent\u00e9 fin juin aux Vingt-Sept, estime qu&rsquo;Isra\u00ebl a viol\u00e9 l&rsquo;article 2 de l&rsquo;accord d&rsquo;association qui l&rsquo;unit \u00e0 l&rsquo;UE, en mati\u00e8re de respect des droits de l&rsquo;homme.<\/p>\n\n\n\n<p>En cons\u00e9quence, Kaja Kallas a pr\u00e9par\u00e9 une liste d&rsquo;options possibles: suspension de l&rsquo;accord tout entier, interdiction des exportations en provenance des territoires palestiniens occup\u00e9s, r\u00e9vision de la politique de visas ou encore suspension de la partie commerciale de l&rsquo;accord d&rsquo;association.<\/p>\n\n\n\n<p>Le ministre fran\u00e7ais des Affaires \u00e9trang\u00e8res Jean-No\u00ebl Barrot a plaid\u00e9 de son c\u00f4t\u00e9 pour des sanctions contre les colons extr\u00e9mistes en Cisjordanie, souhaitant que l&rsquo;UE \u00ab\u00a0cesse toute forme de soutien financier direct et indirect \u00e0 la colonisation\u00a0\u00bb.<\/p>\n\n\n\n<p>Le gouvernement isra\u00e9lien doit mettre \u00ab\u00a0fin \u00e0 la colonisation de la Cisjordanie et en particulier au projet funeste du projet E1 qui, avec 3.400 logements, menace de couper en deux la Cisjordanie et de porter un coup fatal \u00e0 la solution \u00e0 deux Etats\u00a0\u00bb, a affirm\u00e9 M. Barrot.<\/p>\n\n\n\n<p>Mais, selon plusieurs diplomates europ\u00e9ens, il est peu probable que les ministres prennent une d\u00e9cision, et m\u00eame qu&rsquo;ils discutent le d\u00e9tail des mesures propos\u00e9es par Bruxelles.<\/p>\n\n\n\n<p>Et cela d&rsquo;autant plus depuis l&rsquo;annonce la semaine derni\u00e8re par Mme Kallas d&rsquo;un accord avec Isra\u00ebl cens\u00e9 permettre la livraison de davantage d&rsquo;aide humanitaire \u00e0 Gaza.<\/p>\n\n\n\n<p>Pour certains pays, cette suppos\u00e9e am\u00e9lioration sur le terrain, qui reste toutefois \u00e0 v\u00e9rifier, \u00e9loigne toute perspective de sanctions \u00e0 l&rsquo;encontre d&rsquo;Isra\u00ebl, au moins dans l&rsquo;imm\u00e9diat.<\/p>\n\n\n\n<h2 class=\"wp-block-heading\">\u00ab\u00a0Progr\u00e8s important\u00a0\u00bb<\/h2>\n\n\n\n<p>\u00ab\u00a0Je suis s\u00fbr qu&rsquo;aucune (mesure) ne sera adopt\u00e9e par les Etats membres\u00a0\u00bb, a assur\u00e9 lundi \u00e0 Bruxelles le ministre isra\u00e9lien des Affaires \u00e9trang\u00e8res Gideon Saar, venu participer \u00e0 l&rsquo;invitation de Mme Kallas \u00e0 une r\u00e9union avec des responsables de la r\u00e9gion, \u00e9gyptien, palestinien et syrien.<\/p>\n\n\n\n<p>Cet accord sur l&rsquo;extension de l&rsquo;aide humanitaire repr\u00e9sente un \u00ab\u00a0progr\u00e8s important\u00a0\u00bb, a soulign\u00e9 un diplomate europ\u00e9en, et ce n&rsquo;est \u00ab\u00a0pas le moment\u00a0\u00bb de discuter d&rsquo;une \u00e9ventuelle suspension de l&rsquo;accord d&rsquo;association.<\/p>\n\n\n\n<p>Les 27 se sont montr\u00e9s particuli\u00e8rement divis\u00e9s sur l&rsquo;attitude \u00e0 adopter vis-\u00e0-vis d&rsquo;Isra\u00ebl depuis le d\u00e9but de sa guerre \u00e0 Gaza contre le Hamas, en r\u00e9plique \u00e0 l&rsquo;attaque sans pr\u00e9c\u00e9dent men\u00e9e le 7 octobre 2023 sur le sol isra\u00e9lien par ce mouvement islamiste palestinien.<\/p>\n\n\n\n<p>Plusieurs Etats membres, dont l&rsquo;Allemagne, insistent sur le droit d&rsquo;Isra\u00ebl \u00e0 se d\u00e9fendre, dans le respect du droit international, tandis que d&rsquo;autres, comme l&rsquo;Espagne, d\u00e9noncent un \u00ab\u00a0g\u00e9nocide\u00a0\u00bb \u00e0 l&rsquo;encontre des Palestiniens de Gaza.<\/p>\n\n\n\n<p>Les 27 devraient toutefois trouver mardi un terrain commun pour r\u00e9affirmer la n\u00e9cessit\u00e9 d&rsquo;appliquer pleinement sur le terrain l&rsquo;accord n\u00e9goci\u00e9 par l&rsquo;Union europ\u00e9enne afin d&rsquo;accro\u00eetre l&rsquo;aide humanitaire \u00e0 Gaza, selon ces diplomates.<\/p>\n\n\n\n<p>Cet accord pr\u00e9voit entre autres une \u00ab\u00a0augmentation substantielle du nombre de camions transportant quotidiennement des produits alimentaires et non alimentaires entrant \u00e0 Gaza\u00a0\u00bb, ainsi que l&rsquo;ouverture de \u00ab\u00a0nouveaux points de passage\u00a0\u00bb au nord et au sud de la bande de Gaza, selon un communiqu\u00e9 rendu public par Mme Kallas.<\/p>\n\n\n\n<p>Les livraisons de carburant au b\u00e9n\u00e9fice des organisations humanitaires seront \u00e9galement reprises, \u00ab\u00a0jusqu&rsquo;\u00e0 un niveau op\u00e9rationnel\u00a0\u00bb, selon cet accord.<\/p>\n\n\n\n<p>\u00ab\u00a0Nous voyons des signes encourageants: davantage de camions acheminent plus de fournitures \u00e0 la population de Gaza. Mais bien s\u00fbr, nous savons que ce n&rsquo;est pas suffisant\u00a0\u00bb, a reconnu lundi soir la cheffe de la diplomatie europ\u00e9enne.<\/p>\n","protected":false},"excerpt":{"rendered":"<p>Par Olivier BAUBE \u00a9 2025 AFP &#8211; Les chefs de la diplomatie des pays de l&rsquo;UE examinent mardi un ensemble<\/p>\n","protected":false},"author":1,"featured_media":59870,"comment_status":"open","ping_status":"open","sticky":false,"template":"","format":"standard","meta":{"footnotes":""},"categories":[51],"tags":[],"class_list":["post-59869","post","type-post","status-publish","format-standard","has-post-thumbnail","hentry","category-general"],"_links":{"self":[{"href":"https:\/\/dekkbi.com\/index.php?rest_route=\/wp\/v2\/posts\/59869","targetHints":{"allow":["GET"]}}],"collection":[{"href":"https:\/\/dekkbi.com\/index.php?rest_route=\/wp\/v2\/posts"}],"about":[{"href":"https:\/\/dekkbi.com\/index.php?rest_route=\/wp\/v2\/types\/post"}],"author":[{"embeddable":true,"href":"https:\/\/dekkbi.com\/index.php?rest_route=\/wp\/v2\/users\/1"}],"replies":[{"embeddable":true,"href":"https:\/\/dekkbi.com\/index.php?rest_route=%2Fwp%2Fv2%2Fcomments&post=59869"}],"version-history":[{"count":1,"href":"https:\/\/dekkbi.com\/index.php?rest_route=\/wp\/v2\/posts\/59869\/revisions"}],"predecessor-version":[{"id":59871,"href":"https:\/\/dekkbi.com\/index.php?rest_route=\/wp\/v2\/posts\/59869\/revisions\/59871"}],"wp:featuredmedia":[{"embeddable":true,"href":"https:\/\/dekkbi.com\/index.php?rest_route=\/wp\/v2\/media\/59870"}],"wp:attachment":[{"href":"https:\/\/dekkbi.com\/index.php?rest_route=%2Fwp%2Fv2%2Fmedia&parent=59869"}],"wp:term":[{"taxonomy":"category","embeddable":true,"href":"https:\/\/dekkbi.com\/index.php?rest_route=%2Fwp%2Fv2%2Fcategories&post=59869"},{"taxonomy":"post_tag","embeddable":true,"href":"https:\/\/dekkbi.com\/index.php?rest_route=%2Fwp%2Fv2%2Ftags&post=59869"}],"curies":[{"name":"wp","href":"https:\/\/api.w.org\/{rel}","templated":true}]}}