{"id":59861,"date":"2025-07-15T12:59:39","date_gmt":"2025-07-15T12:59:39","guid":{"rendered":"https:\/\/dekkbi.com\/?p=59861"},"modified":"2025-07-15T12:59:39","modified_gmt":"2025-07-15T12:59:39","slug":"la-france-et-la-guinee-equatoriale-devant-la-cij-concernant-un-hotel-particulier-parisien","status":"publish","type":"post","link":"https:\/\/dekkbi.com\/?p=59861","title":{"rendered":"La France et la Guin\u00e9e \u00e9quatoriale devant la CIJ concernant un h\u00f4tel particulier parisien"},"content":{"rendered":"\n<p>La Guin\u00e9e \u00e9quatoriale a qualifi\u00e9 les actions de la France de \u00ab\u00a0paternalistes\u00a0\u00bb et \u00ab\u00a0n\u00e9ocoloniales\u00a0\u00bb mardi devant la plus haute juridiction de l&rsquo;ONU, dans le dernier \u00e9pisode d&rsquo;une longue bataille juridique au sujet d&rsquo;un luxueux h\u00f4tel particulier parisien confisqu\u00e9 par les autorit\u00e9s fran\u00e7aises.<\/p>\n\n\n\n<p>Ce pays d&rsquo;Afrique de l&rsquo;Ouest a demand\u00e9 \u00e0 la Cour internationale de justice (CIJ) de rendre des ordonnances d&rsquo;urgence contre la France concernant l&rsquo;immeuble, saisi apr\u00e8s la condamnation par la justice fran\u00e7aise du vice-pr\u00e9sident \u00e9quatoguin\u00e9en Teodoro Nguema Obiang Mangue pour corruption.<\/p>\n\n\n\n<p>Les autorit\u00e9s fran\u00e7aises ont confisqu\u00e9 en 2021 cette propri\u00e9t\u00e9, qui comprend un cin\u00e9ma, un hammam et des sanitaires en marbre et en or, apr\u00e8s avoir condamn\u00e9 le vice-pr\u00e9sident, commun\u00e9ment appel\u00e9 Teodorin, en vertu d&rsquo;une loi visant les fortunes frauduleusement acquises par des dirigeants \u00e9trangers.<\/p>\n\n\n\n<p>Selon Carmelo Nvono-Nca, ambassadeur de la R\u00e9publique de Guin\u00e9e \u00e9quatoriale en France, il s&rsquo;agit d&rsquo;une \u00ab\u00a0approche inacceptable qui a caract\u00e9ris\u00e9 les actions de la France depuis le d\u00e9but de ce diff\u00e9rend\u00a0\u00bb.<\/p>\n\n\n\n<p>\u00ab\u00a0Une approche que l&rsquo;on pourrait m\u00eame qualifier de paternaliste, voire de n\u00e9ocoloniale\u00a0\u00bb, a-t-il d\u00e9clar\u00e9 devant les juges de la CIJ, qui statue sur les diff\u00e9rends entre Etats membres de l&rsquo;ONU.<\/p>\n\n\n\n<p>En 2021, la justice fran\u00e7aise a inflig\u00e9 \u00e0 Teodorin, le fils a\u00een\u00e9 de Teodoro Obiang Nguema Mbasogo, pr\u00e9sident de la Guin\u00e9e \u00e9quatoriale depuis 1979, une peine de trois ans de prison avec sursis et 30 millions d&rsquo;euros d&rsquo;amende.<\/p>\n\n\n\n<p>La France a, dans le cadre de l&rsquo;ex\u00e9cution de ce jugement, saisi des biens, dont le luxueux immeuble de l&rsquo;avenue Foch, d&rsquo;une valeur estim\u00e9e de plus de 100 millions d&rsquo;euros.<\/p>\n\n\n\n<p>\u00ab\u00a0Il est clair que la France s&rsquo;est d\u00e9termin\u00e9e \u00e0 vendre le b\u00e2timent et a d\u00e9cid\u00e9 unilat\u00e9ralement de l&rsquo;affectation des fonds provenant de sa vente\u00a0\u00bb, a poursuivi M. Nvono-Nca.<\/p>\n\n\n\n<p>\u00ab\u00a0La France s&rsquo;arroge le pouvoir de d\u00e9cider de l&rsquo;utilisation des fonds publics de la Guin\u00e9e \u00e9quatoriale sans le consentement de cette derni\u00e8re\u00a0\u00bb, a-t-il ajout\u00e9.<\/p>\n\n\n\n<h2 class=\"wp-block-heading\">R\u00e9sidence ou ambassade ?<\/h2>\n\n\n\n<p>Dans sa derni\u00e8re requ\u00eate aupr\u00e8s de la CIJ, la Guin\u00e9e \u00e9quatoriale a affirm\u00e9 la semaine derni\u00e8re que la police fran\u00e7aise avait p\u00e9n\u00e9tr\u00e9 dans la propri\u00e9t\u00e9 le mois dernier et chang\u00e9 les serrures de plusieurs portes.<\/p>\n\n\n\n<p>La Guin\u00e9e \u00e9quatoriale a demand\u00e9 \u00e0 la cour d&rsquo;ordonner \u00e0 la France de lui donner \u00ab\u00a0un acc\u00e8s imm\u00e9diat, complet et sans entrave\u00a0\u00bb au b\u00e2timent.<\/p>\n\n\n\n<p>L&rsquo;h\u00f4tel particulier \u00e9tait d\u00e9j\u00e0 au c\u0153ur d&rsquo;une pr\u00e9c\u00e9dente affaire pr\u00e9sent\u00e9e par la Guin\u00e9e \u00e9quatoriale en 2016 devant la CIJ.<\/p>\n\n\n\n<p>Ce pays a soutenu que le b\u00e2timent servait d&rsquo;ambassade en France et que Paris avait viol\u00e9 la Convention de Vienne, qui prot\u00e8ge les diplomates contre toute ing\u00e9rence des Etats h\u00f4tes.<\/p>\n\n\n\n<p>Mais la CIJ avait donn\u00e9 raison \u00e0 la France, selon laquelle le b\u00e2timent n&rsquo;\u00e9tait que la r\u00e9sidence de Teodorin, sans vocation diplomatique.<\/p>\n\n\n\n<p>La CIJ a retenu les objections de la France selon lesquelles la Guin\u00e9e \u00e9quatoriale n&rsquo;avait tent\u00e9 de le d\u00e9signer comme tel qu&rsquo;apr\u00e8s le d\u00e9but de l&rsquo;enqu\u00eate sur Teodorin et qu&rsquo;elle disposait d\u00e9j\u00e0 d&rsquo;une ambassade \u00e0 Paris.<\/p>\n\n\n\n<p>Une demande d&rsquo;ordonnance d&rsquo;urgence \u2013 des mesures conservatoires, dans le jargon de la cour \u2013 prime sur toute les autres affaires judiciaires en cours \u00e0 la CIJ.<\/p>\n\n\n\n<p>Elle traite actuellement plusieurs dossiers importants, notamment une affaire tr\u00e8s m\u00e9diatis\u00e9e intent\u00e9e par l&rsquo;Afrique du Sud contre Isra\u00ebl, accus\u00e9 de \u00ab\u00a0g\u00e9nocide\u00a0\u00bb dans la bande de Gaza.<\/p>\n\n\n\n<p>Ce tribunal devrait \u00e9galement rendre le 23 juillet un avis tr\u00e8s attendu sur les obligations des pays en mati\u00e8re de changement climatique.<\/p>\n","protected":false},"excerpt":{"rendered":"<p>La Guin\u00e9e \u00e9quatoriale a qualifi\u00e9 les actions de la France de \u00ab\u00a0paternalistes\u00a0\u00bb et \u00ab\u00a0n\u00e9ocoloniales\u00a0\u00bb mardi devant la plus haute juridiction<\/p>\n","protected":false},"author":1,"featured_media":59862,"comment_status":"open","ping_status":"open","sticky":false,"template":"","format":"standard","meta":{"footnotes":""},"categories":[51],"tags":[],"class_list":["post-59861","post","type-post","status-publish","format-standard","has-post-thumbnail","hentry","category-general"],"_links":{"self":[{"href":"https:\/\/dekkbi.com\/index.php?rest_route=\/wp\/v2\/posts\/59861","targetHints":{"allow":["GET"]}}],"collection":[{"href":"https:\/\/dekkbi.com\/index.php?rest_route=\/wp\/v2\/posts"}],"about":[{"href":"https:\/\/dekkbi.com\/index.php?rest_route=\/wp\/v2\/types\/post"}],"author":[{"embeddable":true,"href":"https:\/\/dekkbi.com\/index.php?rest_route=\/wp\/v2\/users\/1"}],"replies":[{"embeddable":true,"href":"https:\/\/dekkbi.com\/index.php?rest_route=%2Fwp%2Fv2%2Fcomments&post=59861"}],"version-history":[{"count":1,"href":"https:\/\/dekkbi.com\/index.php?rest_route=\/wp\/v2\/posts\/59861\/revisions"}],"predecessor-version":[{"id":59863,"href":"https:\/\/dekkbi.com\/index.php?rest_route=\/wp\/v2\/posts\/59861\/revisions\/59863"}],"wp:featuredmedia":[{"embeddable":true,"href":"https:\/\/dekkbi.com\/index.php?rest_route=\/wp\/v2\/media\/59862"}],"wp:attachment":[{"href":"https:\/\/dekkbi.com\/index.php?rest_route=%2Fwp%2Fv2%2Fmedia&parent=59861"}],"wp:term":[{"taxonomy":"category","embeddable":true,"href":"https:\/\/dekkbi.com\/index.php?rest_route=%2Fwp%2Fv2%2Fcategories&post=59861"},{"taxonomy":"post_tag","embeddable":true,"href":"https:\/\/dekkbi.com\/index.php?rest_route=%2Fwp%2Fv2%2Ftags&post=59861"}],"curies":[{"name":"wp","href":"https:\/\/api.w.org\/{rel}","templated":true}]}}