{"id":59856,"date":"2025-07-15T12:43:46","date_gmt":"2025-07-15T12:43:46","guid":{"rendered":"https:\/\/dekkbi.com\/?p=59856"},"modified":"2025-07-15T13:06:50","modified_gmt":"2025-07-15T13:06:50","slug":"france-jean-noel-barrot-reaffirme-la-fermete-de-paris-face-a-moscou-et-annonce-de-nouvelles-sanctions","status":"publish","type":"post","link":"https:\/\/dekkbi.com\/?p=59856","title":{"rendered":"Barrot r\u00e9affirme la fermet\u00e9 de Paris face \u00e0 Moscou et annonce de nouvelles sanctions"},"content":{"rendered":"\n<p>Le ministre fran\u00e7ais des Affaires \u00e9trang\u00e8res, Jean-No\u00ebl Barrot, a r\u00e9affirm\u00e9 mardi \u00e0 Bruxelles la fermet\u00e9 de la position de la France face \u00e0 la Russie. Il a insist\u00e9 sur la volont\u00e9 de Paris d\u2019adopter un nouveau paquet de sanctions massives pour contraindre Vladimir Poutine \u00e0 mettre fin \u00e0 la guerre en Ukraine.<\/p>\n\n\n\n<p>Selon Jean-No\u00ebl Barrot, Vladimir Poutine n\u2019enregistre plus de progr\u00e8s significatifs sur le front ukrainien et son \u00e9conomie est \u00e9puis\u00e9e. Le ministre fran\u00e7ais a accus\u00e9 le pr\u00e9sident russe de frapper les zones r\u00e9sidentielles et les civils ukrainiens dans le but de saper leur moral.<\/p>\n\n\n\n<h2 class=\"wp-block-heading\">La dynamique internationale contre Moscou<\/h2>\n\n\n\n<p>Jean-No\u00ebl Barrot estime que la dynamique internationale joue d\u00e9sormais contre Moscou. Il a cit\u00e9 \u00ab l\u2019unit\u00e9 et la d\u00e9termination de la coalition des volontaires \u00bb et \u00ab les d\u00e9cisions du pr\u00e9sident am\u00e9ricain de fixer un ultimatum de 50 jours \u00e0 Vladimir Poutine sous peine de droits de douane d\u00e9vastateurs \u00bb comme des facteurs de pression sur le Kremlin.<\/p>\n\n\n\n<p>Le ministre fran\u00e7ais a appel\u00e9 Vladimir Poutine \u00e0 cesser le feu, estimant qu\u2019il est \u00ab dans une impasse \u00bb.<\/p>\n\n\n\n<h2 class=\"wp-block-heading\">Soutien \u00e0 l\u2019Ukraine<\/h2>\n\n\n\n<p>Jean-No\u00ebl Barrot a annonc\u00e9 sa visite en Ukraine le 21 juillet, \u00e0 l\u2019invitation d\u2019Andriy Sibiya, pour r\u00e9affirmer le soutien de la France et de l\u2019Europe \u00e0 la r\u00e9sistance ukrainienne. Il a rappel\u00e9 le soutien financier de 2 milliards d\u2019euros accord\u00e9 par la France \u00e0 l\u2019Ukraine cette ann\u00e9e. Des entreprises fran\u00e7aises produiront prochainement des drones en Ukraine pour \u00e9quiper l\u2019arm\u00e9e ukrainienne.<\/p>\n\n\n\n<p>Le paquet de sanctions \u00e9voqu\u00e9 par Jean-No\u00ebl Barrot s\u2019inscrit dans une strat\u00e9gie de pression maximale de Paris et Bruxelles, en coordination avec Washington. Cette offensive \u00e9conomique vise \u00e0 contraindre Moscou \u00e0 n\u00e9gocier la fin de la guerre en Ukraine, d\u00e9clench\u00e9e le 24 f\u00e9vrier 2022.\u00a0L\u2019Union Europ\u00e9enne a d\u00e9j\u00e0 intensifi\u00e9 les sanctions contre la Russie par le pass\u00e9. La Russie justifie son intervention par la protection des populations russophones du Donbass et exige de l\u2019Ukraine un statut de \u00ab neutralit\u00e9 totale \u00bb.<\/p>\n\n\n\n<p>\u00ab Vladimir Poutine ne progresse quasiment plus sur le front ukrainien \u00bb, a affirm\u00e9 Jean-No\u00ebl Barrot, selon l\u2019agence Anadolu.<\/p>\n","protected":false},"excerpt":{"rendered":"<p>Le ministre fran\u00e7ais des Affaires \u00e9trang\u00e8res, Jean-No\u00ebl Barrot, a r\u00e9affirm\u00e9 mardi \u00e0 Bruxelles la fermet\u00e9 de la position de la<\/p>\n","protected":false},"author":1,"featured_media":47365,"comment_status":"open","ping_status":"open","sticky":false,"template":"","format":"standard","meta":{"footnotes":""},"categories":[51],"tags":[],"class_list":["post-59856","post","type-post","status-publish","format-standard","has-post-thumbnail","hentry","category-general"],"_links":{"self":[{"href":"https:\/\/dekkbi.com\/index.php?rest_route=\/wp\/v2\/posts\/59856","targetHints":{"allow":["GET"]}}],"collection":[{"href":"https:\/\/dekkbi.com\/index.php?rest_route=\/wp\/v2\/posts"}],"about":[{"href":"https:\/\/dekkbi.com\/index.php?rest_route=\/wp\/v2\/types\/post"}],"author":[{"embeddable":true,"href":"https:\/\/dekkbi.com\/index.php?rest_route=\/wp\/v2\/users\/1"}],"replies":[{"embeddable":true,"href":"https:\/\/dekkbi.com\/index.php?rest_route=%2Fwp%2Fv2%2Fcomments&post=59856"}],"version-history":[{"count":2,"href":"https:\/\/dekkbi.com\/index.php?rest_route=\/wp\/v2\/posts\/59856\/revisions"}],"predecessor-version":[{"id":59866,"href":"https:\/\/dekkbi.com\/index.php?rest_route=\/wp\/v2\/posts\/59856\/revisions\/59866"}],"wp:featuredmedia":[{"embeddable":true,"href":"https:\/\/dekkbi.com\/index.php?rest_route=\/wp\/v2\/media\/47365"}],"wp:attachment":[{"href":"https:\/\/dekkbi.com\/index.php?rest_route=%2Fwp%2Fv2%2Fmedia&parent=59856"}],"wp:term":[{"taxonomy":"category","embeddable":true,"href":"https:\/\/dekkbi.com\/index.php?rest_route=%2Fwp%2Fv2%2Fcategories&post=59856"},{"taxonomy":"post_tag","embeddable":true,"href":"https:\/\/dekkbi.com\/index.php?rest_route=%2Fwp%2Fv2%2Ftags&post=59856"}],"curies":[{"name":"wp","href":"https:\/\/api.w.org\/{rel}","templated":true}]}}