{"id":59853,"date":"2025-07-15T12:41:10","date_gmt":"2025-07-15T12:41:10","guid":{"rendered":"https:\/\/dekkbi.com\/?p=59853"},"modified":"2025-07-15T13:15:34","modified_gmt":"2025-07-15T13:15:34","slug":"neuvieme-anniversaire-du-putsch-manque-en-turquie-erdogan-commemore-la-resistance-heroique-du-peuple","status":"publish","type":"post","link":"https:\/\/dekkbi.com\/?p=59853","title":{"rendered":"Neuvi\u00e8me anniversaire du putsch manqu\u00e9 en Turquie"},"content":{"rendered":"\n<p><strong>Erdogan comm\u00e9more la \u00ab\u00a0r\u00e9sistance h\u00e9ro\u00efque\u00a0\u00bb du peuple<\/strong><\/p>\n\n\n\n<p>La T\u00fcrkiye a comm\u00e9mor\u00e9 mardi 15 juillet 2023 le neuvi\u00e8me anniversaire de la tentative de coup d\u2019\u00c9tat de 2016, orchestr\u00e9e par l\u2019organisation terroriste FETO. Des c\u00e9r\u00e9monies ont eu lieu \u00e0 Ankara, en pr\u00e9sence du pr\u00e9sident Recep Tayyip Erdogan, pour c\u00e9l\u00e9brer la Journ\u00e9e de la d\u00e9mocratie et de l\u2019unit\u00e9 nationale.<\/p>\n\n\n\n<h2 class=\"wp-block-heading\">Hommages aux victimes et aux r\u00e9sistants<\/h2>\n\n\n\n<p>Le vice-pr\u00e9sident Cevdet Y\u0131lmaz a rendu hommage aux victimes et aux \u00ab v\u00e9t\u00e9rans \u00bb du 15 juillet, soulignant leur courage face \u00e0 la menace. Il a rappel\u00e9 la mobilisation des citoyens en r\u00e9ponse \u00e0 l\u2019appel du pr\u00e9sident Erdogan pour d\u00e9fendre la \u00ab volont\u00e9 nationale \u00bb.&nbsp;L\u2019organisation FETO avait d\u00e9j\u00e0 \u00e9t\u00e9 point\u00e9e du doigt par le pr\u00e9sident turc&nbsp;dans le cadre d\u2019un attentat terroriste en octobre 2023.<\/p>\n\n\n\n<h2 class=\"wp-block-heading\">Condamnations et poursuite des responsables<\/h2>\n\n\n\n<p>Le ministre des Affaires \u00e9trang\u00e8res, Hakan Fidan, a attribu\u00e9 l\u2019\u00e9chec du putsch \u00e0 la \u00ab clairvoyance \u00bb du pr\u00e9sident Erdogan et \u00e0 la d\u00e9termination du peuple turc. Il a d\u00e9nonc\u00e9 les \u00ab r\u00e9seaux de trahison \u00bb qui ont tent\u00e9 de d\u00e9stabiliser le pays avec l\u2019aide de services de renseignement \u00e9trangers. La T\u00fcrkiye continue de traquer les membres de FETO \u00e0 l\u2019international pour les traduire en justice.<\/p>\n\n\n\n<h2 class=\"wp-block-heading\">Un symbole de r\u00e9sistance<\/h2>\n\n\n\n<p>Le directeur de la communication de la pr\u00e9sidence, Burhanettin Duran, a qualifi\u00e9 le 15 juillet de symbole de \u00ab r\u00e9sistance h\u00e9ro\u00efque \u00bb. Il a salu\u00e9 la mobilisation des citoyens et promis de poursuivre les r\u00e9formes engag\u00e9es. La tentative de coup d\u2019\u00c9tat de 2016 a fait 252 morts et 2 734 bless\u00e9s, selon les chiffres officiels. \u00ab Nous ne pourrons jamais effacer notre dette envers les martyrs et les v\u00e9t\u00e9rans qui ont risqu\u00e9 leur vie avec un courage in\u00e9branlable \u00bb, a-t-il d\u00e9clar\u00e9.<\/p>\n\n\n\n<p>SOURCE SENEGO<\/p>\n","protected":false},"excerpt":{"rendered":"<p>Erdogan comm\u00e9more la \u00ab\u00a0r\u00e9sistance h\u00e9ro\u00efque\u00a0\u00bb du peuple La T\u00fcrkiye a comm\u00e9mor\u00e9 mardi 15 juillet 2023 le neuvi\u00e8me anniversaire de la<\/p>\n","protected":false},"author":1,"featured_media":59854,"comment_status":"open","ping_status":"open","sticky":false,"template":"","format":"standard","meta":{"footnotes":""},"categories":[51],"tags":[],"class_list":["post-59853","post","type-post","status-publish","format-standard","has-post-thumbnail","hentry","category-general"],"_links":{"self":[{"href":"https:\/\/dekkbi.com\/index.php?rest_route=\/wp\/v2\/posts\/59853","targetHints":{"allow":["GET"]}}],"collection":[{"href":"https:\/\/dekkbi.com\/index.php?rest_route=\/wp\/v2\/posts"}],"about":[{"href":"https:\/\/dekkbi.com\/index.php?rest_route=\/wp\/v2\/types\/post"}],"author":[{"embeddable":true,"href":"https:\/\/dekkbi.com\/index.php?rest_route=\/wp\/v2\/users\/1"}],"replies":[{"embeddable":true,"href":"https:\/\/dekkbi.com\/index.php?rest_route=%2Fwp%2Fv2%2Fcomments&post=59853"}],"version-history":[{"count":2,"href":"https:\/\/dekkbi.com\/index.php?rest_route=\/wp\/v2\/posts\/59853\/revisions"}],"predecessor-version":[{"id":59868,"href":"https:\/\/dekkbi.com\/index.php?rest_route=\/wp\/v2\/posts\/59853\/revisions\/59868"}],"wp:featuredmedia":[{"embeddable":true,"href":"https:\/\/dekkbi.com\/index.php?rest_route=\/wp\/v2\/media\/59854"}],"wp:attachment":[{"href":"https:\/\/dekkbi.com\/index.php?rest_route=%2Fwp%2Fv2%2Fmedia&parent=59853"}],"wp:term":[{"taxonomy":"category","embeddable":true,"href":"https:\/\/dekkbi.com\/index.php?rest_route=%2Fwp%2Fv2%2Fcategories&post=59853"},{"taxonomy":"post_tag","embeddable":true,"href":"https:\/\/dekkbi.com\/index.php?rest_route=%2Fwp%2Fv2%2Ftags&post=59853"}],"curies":[{"name":"wp","href":"https:\/\/api.w.org\/{rel}","templated":true}]}}