{"id":59841,"date":"2025-07-15T12:14:31","date_gmt":"2025-07-15T12:14:31","guid":{"rendered":"https:\/\/dekkbi.com\/?p=59841"},"modified":"2025-07-15T12:14:32","modified_gmt":"2025-07-15T12:14:32","slug":"senegal-france-vers-un-seminaire-intergouvernemental-a-dakar-avant-la-fin-de-lannee","status":"publish","type":"post","link":"https:\/\/dekkbi.com\/?p=59841","title":{"rendered":"S\u00e9n\u00e9gal\u2013France : vers un s\u00e9minaire intergouvernemental \u00e0 Dakar avant la fin de l\u2019ann\u00e9e"},"content":{"rendered":"\n<p>\u00c0 l\u2019occasion de la f\u00eate nationale du 14 juillet 2025, l\u2019ambassadrice de France au S\u00e9n\u00e9gal, Christine Fages, a organis\u00e9 une r\u00e9ception \u00e0 sa r\u00e9sidence en pr\u00e9sence de Mary Teuw Niane, directeur de cabinet du pr\u00e9sident Bassirou Diomaye Faye. Dans son discours, elle a salu\u00e9 la qualit\u00e9 de la coop\u00e9ration entre les deux pays, \u00e9voquant des projets majeurs dans les domaines du sport, de l\u2019\u00e9conomie et de la jeunesse.<\/p>\n\n\n\n<p>&nbsp;L\u2019ambassadrice de France au S\u00e9n\u00e9gal, Christine Fages, a convi\u00e9 de nombreuses personnalit\u00e9s \u00e0 une r\u00e9ception officielle organis\u00e9e \u00e0 sa r\u00e9sidence \u00e0 Dakar. Parmi les invit\u00e9s d\u2019honneur figurait Mary Teuw Niane, directeur de cabinet du pr\u00e9sident de la R\u00e9publique du S\u00e9n\u00e9gal, Bassirou Diomaye Faye.<\/p>\n\n\n\n<p>&nbsp;L\u2019ambassadrice a d\u00e9clar\u00e9 :<br>\u00ab On dit souvent que le S\u00e9n\u00e9gal est un pays de la teranga, mais je dis que c\u2019est surtout le pays de l\u2019\u00e9l\u00e9gance. \u00bb<br>Elle a \u00e9galement partag\u00e9 son exp\u00e9rience :<br>\u00ab Ces deux ann\u00e9es pass\u00e9es en tant qu\u2019ambassadrice au S\u00e9n\u00e9gal et en Gambie ont \u00e9t\u00e9 d\u2019une richesse incroyable. \u00bb<\/p>\n\n\n\n<p>Sur le plan \u00e9conomique, Christine Fages a annonc\u00e9 la tenue du Forum S\u00e9n\u00e9gal organis\u00e9 par Business France, en partenariat avec APIX, pr\u00e9vu \u00e0 Paris le 26 septembre 2025. Cette rencontre vise \u00e0 renforcer les \u00e9changes \u00e9conomiques et \u00e0 attirer de nouveaux investissements.<\/p>\n\n\n\n<p>Abordant la coop\u00e9ration dans le domaine du sport, elle a r\u00e9v\u00e9l\u00e9 un partenariat ambitieux entre les deux pays, dont le montant pourrait atteindre 100 millions d\u2019euros, incluant pr\u00e8s de 85 millions d\u2019euros consacr\u00e9s aux Jeux Olympiques de la Jeunesse pr\u00e9vus au S\u00e9n\u00e9gal en 2026. Ce partenariat couvre \u00e9galement :<\/p>\n\n\n\n<p>la r\u00e9habilitation et la construction d\u2019infrastructures sportives,<br>le renforcement des capacit\u00e9s de l\u2019\u00e9cosyst\u00e8me sportif s\u00e9n\u00e9galais,<br>et la pr\u00e9paration des athl\u00e8tes aux comp\u00e9titions internationales.<\/p>\n\n\n\n<figure class=\"wp-block-embed is-type-rich is-provider-prise-en-charge-des-contenus-embarqu-s wp-block-embed-prise-en-charge-des-contenus-embarqu-s wp-embed-aspect-16-9 wp-has-aspect-ratio\"><div class=\"wp-block-embed__wrapper\">\n<iframe loading=\"lazy\" title=\"S\u00e9n\u00e9gal\u2013France : vers un s\u00e9minaire intergouvernemental \u00e0 Dakar avant la fin de l\u2019ann\u00e9e\" width=\"800\" height=\"450\" src=\"https:\/\/www.youtube.com\/embed\/3arhRxL0e-o?feature=oembed\" frameborder=\"0\" allow=\"accelerometer; autoplay; clipboard-write; encrypted-media; gyroscope; picture-in-picture; web-share\" referrerpolicy=\"strict-origin-when-cross-origin\" allowfullscreen><\/iframe>\n<\/div><\/figure>\n\n\n\n<p><br>Christine Fages a aussi \u00e9voqu\u00e9 la jeunesse s\u00e9n\u00e9galaise vivant en France, pr\u00e9cisant que 2 00 000 S\u00e9n\u00e9galais y r\u00e9sident, tandis que pr\u00e8s de 30 000 Fran\u00e7ais vivent au S\u00e9n\u00e9gal. Elle a soulign\u00e9 que le S\u00e9n\u00e9gal est le 5e pays le plus repr\u00e9sent\u00e9 parmi les \u00e9tudiants \u00e9trangers en France.<\/p>\n\n\n\n<p>L\u2019ambassadrice a \u00e9galement mis en avant le \u00ab\u00a0New Deal technologique\u00a0\u00bb auquel la France croit fermement, et a salu\u00e9 une coop\u00e9ration s\u00e9n\u00e9galo-fran\u00e7aise assum\u00e9e et mutuellement b\u00e9n\u00e9fique.<\/p>\n\n\n\n<p>Enfin, elle a annonc\u00e9 qu\u2019un s\u00e9minaire intergouvernemental r\u00e9unissant les deux gouvernements se tiendra d\u2019ici la fin de l\u2019ann\u00e9e \u00e0 Dakar, sous la direction des deux Premiers ministres, pour approfondir encore davantage les relations bilat\u00e9rales.<\/p>\n\n\n\n<p>SOURCE IGFM<\/p>\n","protected":false},"excerpt":{"rendered":"<p>\u00c0 l\u2019occasion de la f\u00eate nationale du 14 juillet 2025, l\u2019ambassadrice de France au S\u00e9n\u00e9gal, Christine Fages, a organis\u00e9 une<\/p>\n","protected":false},"author":1,"featured_media":52245,"comment_status":"open","ping_status":"open","sticky":false,"template":"","format":"standard","meta":{"footnotes":""},"categories":[6],"tags":[],"class_list":["post-59841","post","type-post","status-publish","format-standard","has-post-thumbnail","hentry","category-politics"],"_links":{"self":[{"href":"https:\/\/dekkbi.com\/index.php?rest_route=\/wp\/v2\/posts\/59841","targetHints":{"allow":["GET"]}}],"collection":[{"href":"https:\/\/dekkbi.com\/index.php?rest_route=\/wp\/v2\/posts"}],"about":[{"href":"https:\/\/dekkbi.com\/index.php?rest_route=\/wp\/v2\/types\/post"}],"author":[{"embeddable":true,"href":"https:\/\/dekkbi.com\/index.php?rest_route=\/wp\/v2\/users\/1"}],"replies":[{"embeddable":true,"href":"https:\/\/dekkbi.com\/index.php?rest_route=%2Fwp%2Fv2%2Fcomments&post=59841"}],"version-history":[{"count":1,"href":"https:\/\/dekkbi.com\/index.php?rest_route=\/wp\/v2\/posts\/59841\/revisions"}],"predecessor-version":[{"id":59844,"href":"https:\/\/dekkbi.com\/index.php?rest_route=\/wp\/v2\/posts\/59841\/revisions\/59844"}],"wp:featuredmedia":[{"embeddable":true,"href":"https:\/\/dekkbi.com\/index.php?rest_route=\/wp\/v2\/media\/52245"}],"wp:attachment":[{"href":"https:\/\/dekkbi.com\/index.php?rest_route=%2Fwp%2Fv2%2Fmedia&parent=59841"}],"wp:term":[{"taxonomy":"category","embeddable":true,"href":"https:\/\/dekkbi.com\/index.php?rest_route=%2Fwp%2Fv2%2Fcategories&post=59841"},{"taxonomy":"post_tag","embeddable":true,"href":"https:\/\/dekkbi.com\/index.php?rest_route=%2Fwp%2Fv2%2Ftags&post=59841"}],"curies":[{"name":"wp","href":"https:\/\/api.w.org\/{rel}","templated":true}]}}