{"id":59838,"date":"2025-07-15T12:00:10","date_gmt":"2025-07-15T12:00:10","guid":{"rendered":"https:\/\/dekkbi.com\/?p=59838"},"modified":"2025-07-15T12:00:11","modified_gmt":"2025-07-15T12:00:11","slug":"festival-zig-a-dakar-la-casamance-sinvite-au-coeur-de-la-capitale-creer-un-pont-culturel-entre-ziguinchor-et-dakar","status":"publish","type":"post","link":"https:\/\/dekkbi.com\/?p=59838","title":{"rendered":"Festival \u201czig \u00e0 Dakar\u201d \u2013 la Casamance s\u2019invite au c\u0153ur de la capitale : cr\u00e9er un pont culturel entre Ziguinchor et Dakar"},"content":{"rendered":"\n<p><strong>Le Centre culturel r\u00e9gional Blaise Senghor de Dakar vibre cette semaine au rythme des couleurs, des sons et des saveurs de la Casamance. C\u2019est dans ce lieu embl\u00e9matique de la culture dakaroise qu\u2019a \u00e9t\u00e9 donn\u00e9, lundi dernier, le coup d\u2019envoi de la premi\u00e8re \u00e9dition du festival&nbsp;<em>\u00abZig \u00e0 Dakar\u00bb<\/em>, initi\u00e9 par la F\u00e9d\u00e9ration des acteurs culturels de la r\u00e9gion de Ziguinchor.<\/strong><\/p>\n\n\n\n<p>La c\u00e9r\u00e9monie d\u2019ouverture s\u2019est tenue en pr\u00e9sence de la Directrice du centre, de nombreuses figures du monde artistique, et surtout de M. Abdou Simone Diatta, secr\u00e9taire d\u2019\u00c9tat \u00e0 la Culture et aux Industries cr\u00e9atives, qui a officiellement lanc\u00e9 les festivit\u00e9s, au nom de la ministre de la Jeunesse, des Sports et de la Culture.<\/p>\n\n\n\n<p>Dans son allocution, le repr\u00e9sentant de l\u2019\u00c9tat a salu\u00e9 l\u2019initiative comme une&nbsp;<em>\u00absymphonie artistique exceptionnelle\u00bb,<\/em>&nbsp;mettant en lumi\u00e8re la richesse culturelle de la Casamance. Il a soulign\u00e9 que cette exposition est bien plus qu\u2019un simple rassemblement d\u2019\u0153uvres : c\u2019est une immersion multisensorielle qui c\u00e9l\u00e8bre la diversit\u00e9 des arts plastiques, des arts de la sc\u00e8ne, de la gastronomie et de la transmission interg\u00e9n\u00e9rationnelle.&nbsp;<em>\u00abL\u2019\u00e9motion et la raison ne s\u2019opposent plus, elles coexistent harmonieusement dans la cr\u00e9ation africaine contemporaine\u00bb,<\/em>&nbsp;a-t-il d\u00e9clar\u00e9 avec enthousiasme.<\/p>\n\n\n\n<p>\u00c0 la suite de cette ouverture solennelle, une visite guid\u00e9e de l\u2019exposition a permis aux invit\u00e9s de d\u00e9couvrir les \u0153uvres pr\u00e9sent\u00e9es. Trois artistes ont pris la parole pour expliquer leur d\u00e9marche cr\u00e9ative.<\/p>\n\n\n\n<p>Le premier, Joachim Bass\u00e8ne, a ax\u00e9 son travail sur les enjeux environnementaux. \u00c0 travers des mat\u00e9riaux de r\u00e9cup\u00e9ration, il d\u00e9nonce la pollution croissante et invite \u00e0 une prise de conscience collective. Il a \u00e9galement mis en lumi\u00e8re le parcours d\u2019Ang\u00e9lique Diatta, son ancienne \u00e9l\u00e8ve, aujourd\u2019hui artiste \u00e0 part enti\u00e8re, dont les \u0153uvres traduisent une sensibilit\u00e9 nouvelle et engag\u00e9e.<\/p>\n\n\n\n<p>Djibril Goudiaby, coordonnateur du festival, est revenu, quant \u00e0 lui, sur les objectifs de l\u2019\u00e9v\u00e9nement : cr\u00e9er un pont culturel entre Ziguinchor et Dakar, tout en valorisant la formation des jeunes, le d\u00e9veloppement durable \u00e0 travers l\u2019art et la transmission des savoir-faire traditionnels.<\/p>\n\n\n\n<p>Cette premi\u00e8re \u00e9dition de \u00abZig \u00e0 Dakar\u00bb s\u2019annonce comme un moment fort de la saison culturelle. Elle invite les Dakarois \u00e0 rencontrer la Casamance autrement : par la beaut\u00e9, par le dialogue, par l\u2019\u00e9motion. Le festival se poursuit toute la semaine avec des expositions, des performances et des rencontres artistiques.<\/p>\n\n\n\n<p><strong>LAMINE DIEDHIOU<\/strong><br>SUDQUOTIDIEN<\/p>\n","protected":false},"excerpt":{"rendered":"<p>Le Centre culturel r\u00e9gional Blaise Senghor de Dakar vibre cette semaine au rythme des couleurs, des sons et des saveurs<\/p>\n","protected":false},"author":1,"featured_media":59839,"comment_status":"open","ping_status":"open","sticky":false,"template":"","format":"standard","meta":{"footnotes":""},"categories":[21],"tags":[],"class_list":["post-59838","post","type-post","status-publish","format-standard","has-post-thumbnail","hentry","category-societe"],"_links":{"self":[{"href":"https:\/\/dekkbi.com\/index.php?rest_route=\/wp\/v2\/posts\/59838","targetHints":{"allow":["GET"]}}],"collection":[{"href":"https:\/\/dekkbi.com\/index.php?rest_route=\/wp\/v2\/posts"}],"about":[{"href":"https:\/\/dekkbi.com\/index.php?rest_route=\/wp\/v2\/types\/post"}],"author":[{"embeddable":true,"href":"https:\/\/dekkbi.com\/index.php?rest_route=\/wp\/v2\/users\/1"}],"replies":[{"embeddable":true,"href":"https:\/\/dekkbi.com\/index.php?rest_route=%2Fwp%2Fv2%2Fcomments&post=59838"}],"version-history":[{"count":1,"href":"https:\/\/dekkbi.com\/index.php?rest_route=\/wp\/v2\/posts\/59838\/revisions"}],"predecessor-version":[{"id":59840,"href":"https:\/\/dekkbi.com\/index.php?rest_route=\/wp\/v2\/posts\/59838\/revisions\/59840"}],"wp:featuredmedia":[{"embeddable":true,"href":"https:\/\/dekkbi.com\/index.php?rest_route=\/wp\/v2\/media\/59839"}],"wp:attachment":[{"href":"https:\/\/dekkbi.com\/index.php?rest_route=%2Fwp%2Fv2%2Fmedia&parent=59838"}],"wp:term":[{"taxonomy":"category","embeddable":true,"href":"https:\/\/dekkbi.com\/index.php?rest_route=%2Fwp%2Fv2%2Fcategories&post=59838"},{"taxonomy":"post_tag","embeddable":true,"href":"https:\/\/dekkbi.com\/index.php?rest_route=%2Fwp%2Fv2%2Ftags&post=59838"}],"curies":[{"name":"wp","href":"https:\/\/api.w.org\/{rel}","templated":true}]}}