{"id":59826,"date":"2025-07-15T11:42:51","date_gmt":"2025-07-15T11:42:51","guid":{"rendered":"https:\/\/dekkbi.com\/?p=59826"},"modified":"2025-07-15T11:42:51","modified_gmt":"2025-07-15T11:42:51","slug":"gouvernance-du-secteur-parapublic-la-cciad-forme-ses-elus-sur-les-enjeux-juridiques","status":"publish","type":"post","link":"https:\/\/dekkbi.com\/?p=59826","title":{"rendered":"Gouvernance du secteur parapublic : la CCIAD forme ses \u00e9lus sur les enjeux juridiques"},"content":{"rendered":"\n<p>La Chambre de commerce, d\u2019industrie et d\u2019agriculture de Dakar (CCIAD) a lanc\u00e9, hierlundi 14 juillet, une session de formation sur le th\u00e8me : \u00ab\u202fL\u2019environnement juridique des entit\u00e9s du secteur parapublic\u202f\u00bb. Destin\u00e9e aux \u00e9lus consulaires et aux pr\u00e9sidents de commissions, cette session vise \u00e0 renforcer leurs comp\u00e9tences juridiques, clarifier leurs responsabilit\u00e9s et promouvoir une gouvernance plus moderne, responsable et inclusive au sein de l\u2019institution.<\/p>\n\n\n\n<p>Ce programme s\u2019inscrit dans la volont\u00e9 de la CCIAD de renforcer la qualit\u00e9 de la gouvernance de ses structures. Apr\u00e8s avoir cibl\u00e9 les chefs d\u2019entreprises, l\u2019institution se tourne d\u00e9sormais vers ses \u00e9lus, \u00e0 qui elle entend fournir les outils n\u00e9cessaires pour jouer pleinement leur r\u00f4le dans les organes d\u00e9cisionnels de la Chambre. \u00ab\u202fCette formation est capitale pour nous\u202f\u00bb, a d\u00e9clar\u00e9 Abdoulaye Sow, pr\u00e9sident de la CCIAD, \u00ab\u202fcar elle permettra \u00e0 nos \u00e9lus de mieux assumer leurs missions, dans le respect des r\u00e8gles et des standards de bonne gouvernance\u202f\u00bb.<\/p>\n\n\n\n<p>Rappelant le r\u00f4le hybride des Chambres consulaires, \u00e0 la fois partenaires de l\u2019\u00c9tat et relais des politiques \u00e9conomiques, M. Sow a insist\u00e9 sur l\u2019exigence d\u2019une gestion rigoureuse : \u00ab\u202fLes Chambres, en tant qu\u2019entit\u00e9s du secteur parapublic, doivent r\u00e9pondre \u00e0 un imp\u00e9ratif de gouvernance irr\u00e9prochable, fond\u00e9e sur la l\u00e9galit\u00e9, la redevabilit\u00e9, l\u2019\u00e9thique et l\u2019efficacit\u00e9.\u202f\u00bb Il a aussi soulign\u00e9 que les \u00e9lus consulaires, en tant que repr\u00e9sentants des op\u00e9rateurs \u00e9conomiques, ont pour devoir d\u2019impulser des r\u00e9formes pertinentes et de garantir une gestion performante et transparente. \u00ab\u202fCela suppose de ma\u00eetriser les textes juridiques, comprendre les obligations r\u00e9glementaires et int\u00e9grer les principes de bonne gouvernance\u202f\u00bb, a-t-il insist\u00e9.<\/p>\n\n\n\n<p>Au-del\u00e0 des normes, Abdoulaye Sow estime que ces exigences permettent de b\u00e2tir une gouvernance cr\u00e9dible, capable de renforcer la l\u00e9gitimit\u00e9 de l\u2019institution aupr\u00e8s des pouvoirs publics, des acteurs \u00e9conomiques et des partenaires techniques et financiers.<\/p>\n\n\n\n<p>Le formateur de cette session, Dr Pape Abdoulaye Diop, administrateur civil et contr\u00f4leur g\u00e9n\u00e9ral \u00e0 la Pr\u00e9sidence de la R\u00e9publique, a, de son c\u00f4t\u00e9, mis en exergue la port\u00e9e de la r\u00e9forme introduite par la loi d\u2019orientation de 2022. Selon lui, celle-ci a accru les responsabilit\u00e9s des \u00e9lus consulaires, tant sur le plan moral que civil. Il estime que la fragilit\u00e9 de nombreuses structures parapubliques trouve souvent sa source dans le manque de capacit\u00e9 de leurs dirigeants : \u00ab\u202fSi les soci\u00e9t\u00e9s ne marchent pas, c\u2019est parce que ceux qui les dirigent n\u2019ont pas les connaissances ou l\u2019expertise suffisante pour les faire \u00e9voluer. Il faut les former \u00e0 \u00eatre plus comp\u00e9tents, plus r\u00e9silients et plus aguerris dans leurs fonctions\u202f\u00bb, a-t-il affirm\u00e9.<\/p>\n\n\n\n<p>Cette initiative marque une nouvelle \u00e9tape dans la volont\u00e9 de la CCIAD de professionnaliser ses organes internes et d\u2019\u00e9riger la gouvernance comme pilier central de son action. Une d\u00e9marche d\u2019autant plus cruciale dans un contexte o\u00f9 la performance \u00e9conomique est indissociable de la rigueur institutionnelle.<\/p>\n\n\n\n<p>Ousmane GOUDIABY<br>SUDQUOTIDIEN<\/p>\n","protected":false},"excerpt":{"rendered":"<p>La Chambre de commerce, d\u2019industrie et d\u2019agriculture de Dakar (CCIAD) a lanc\u00e9, hierlundi 14 juillet, une session de formation sur<\/p>\n","protected":false},"author":1,"featured_media":59827,"comment_status":"open","ping_status":"open","sticky":false,"template":"","format":"standard","meta":{"footnotes":""},"categories":[3],"tags":[],"class_list":["post-59826","post","type-post","status-publish","format-standard","has-post-thumbnail","hentry","category-event-more-news"],"_links":{"self":[{"href":"https:\/\/dekkbi.com\/index.php?rest_route=\/wp\/v2\/posts\/59826","targetHints":{"allow":["GET"]}}],"collection":[{"href":"https:\/\/dekkbi.com\/index.php?rest_route=\/wp\/v2\/posts"}],"about":[{"href":"https:\/\/dekkbi.com\/index.php?rest_route=\/wp\/v2\/types\/post"}],"author":[{"embeddable":true,"href":"https:\/\/dekkbi.com\/index.php?rest_route=\/wp\/v2\/users\/1"}],"replies":[{"embeddable":true,"href":"https:\/\/dekkbi.com\/index.php?rest_route=%2Fwp%2Fv2%2Fcomments&post=59826"}],"version-history":[{"count":1,"href":"https:\/\/dekkbi.com\/index.php?rest_route=\/wp\/v2\/posts\/59826\/revisions"}],"predecessor-version":[{"id":59828,"href":"https:\/\/dekkbi.com\/index.php?rest_route=\/wp\/v2\/posts\/59826\/revisions\/59828"}],"wp:featuredmedia":[{"embeddable":true,"href":"https:\/\/dekkbi.com\/index.php?rest_route=\/wp\/v2\/media\/59827"}],"wp:attachment":[{"href":"https:\/\/dekkbi.com\/index.php?rest_route=%2Fwp%2Fv2%2Fmedia&parent=59826"}],"wp:term":[{"taxonomy":"category","embeddable":true,"href":"https:\/\/dekkbi.com\/index.php?rest_route=%2Fwp%2Fv2%2Fcategories&post=59826"},{"taxonomy":"post_tag","embeddable":true,"href":"https:\/\/dekkbi.com\/index.php?rest_route=%2Fwp%2Fv2%2Ftags&post=59826"}],"curies":[{"name":"wp","href":"https:\/\/api.w.org\/{rel}","templated":true}]}}